{"id":63341,"date":"2026-01-15T15:33:21","date_gmt":"2026-01-15T18:33:21","guid":{"rendered":"https:\/\/radiorevelacionfm.cl\/?p=63341"},"modified":"2026-01-15T15:33:21","modified_gmt":"2026-01-15T18:33:21","slug":"canto-baile-y-creatividad-aysen-vivira-dos-jornadas-de-festivales-de-talentos-para-ninos-y-jovenes","status":"publish","type":"post","link":"https:\/\/radiorevelacionfm.cl\/?p=63341","title":{"rendered":"Canto, baile y creatividad: Ays\u00e9n vivir\u00e1 dos jornadas de festivales de talentos para ni\u00f1os y j\u00f3venes"},"content":{"rendered":"<div class=\"flex_column av_one_full  flex_column_div av-zero-column-padding first  avia-builder-el-0  el_before_av_one_full  avia-builder-el-first  \" style='border-radius:0px; '><div  class='avia-image-container  av-styling-    avia-builder-el-1  avia-builder-el-no-sibling  avia-align-center '  itemprop=\"image\" itemscope=\"itemscope\" itemtype=\"https:\/\/schema.org\/ImageObject\"  ><div class='avia-image-container-inner'><div class='avia-image-overlay-wrap'><img decoding=\"async\" class='wp-image-63342 avia-img-lazy-loading-not-63342 avia_image' src=\"https:\/\/radiorevelacionfm.cl\/wp-content\/uploads\/2026\/01\/20250117_195839-1_optimized-1.jpg\" alt='' title='20250117_195839-(1)_optimized (1)' height=\"600\" width=\"800\"  itemprop=\"thumbnailUrl\" srcset=\"https:\/\/radiorevelacionfm.cl\/wp-content\/uploads\/2026\/01\/20250117_195839-1_optimized-1.jpg 800w, https:\/\/radiorevelacionfm.cl\/wp-content\/uploads\/2026\/01\/20250117_195839-1_optimized-1-300x225.jpg 300w, https:\/\/radiorevelacionfm.cl\/wp-content\/uploads\/2026\/01\/20250117_195839-1_optimized-1-768x576.jpg 768w, https:\/\/radiorevelacionfm.cl\/wp-content\/uploads\/2026\/01\/20250117_195839-1_optimized-1-705x529.jpg 705w, https:\/\/radiorevelacionfm.cl\/wp-content\/uploads\/2026\/01\/20250117_195839-1_optimized-1-450x338.jpg 450w, https:\/\/radiorevelacionfm.cl\/wp-content\/uploads\/2026\/01\/20250117_195839-1_optimized-1-600x450.jpg 600w\" sizes=\"(max-width: 800px) 100vw, 800px\" \/><\/div><\/div><\/div><\/div><div class=\"flex_column av_one_full  flex_column_div av-zero-column-padding first  avia-builder-el-2  el_after_av_one_full  el_before_av_one_full  column-top-margin\" style='border-radius:0px; '><section class=\"av_textblock_section \"  itemscope=\"itemscope\" itemtype=\"https:\/\/schema.org\/BlogPosting\" itemprop=\"blogPost\" ><div class='avia_textblock  '   itemprop=\"text\" ><p style=\"text-align: center;\"><strong><span style=\"font-size: 18pt;\">Canto, baile y creatividad: Ays\u00e9n vivir\u00e1 dos jornadas de festivales de talentos para ni\u00f1os y j\u00f3venes<\/span><\/strong><\/p>\n<div id=\"gtx-trans\" style=\"position: absolute; left: -50px; top: 4.31534px;\">\n<div class=\"gtx-trans-icon\"><\/div>\n<\/div>\n<\/div><\/section><\/div><div class=\"flex_column av_one_full  flex_column_div av-zero-column-padding first  avia-builder-el-4  el_after_av_one_full  el_before_av_hr  column-top-margin\" style='border-radius:0px; '><section class=\"av_textblock_section \"  itemscope=\"itemscope\" itemtype=\"https:\/\/schema.org\/BlogPosting\" itemprop=\"blogPost\" ><div class='avia_textblock  '   itemprop=\"text\" ><p style=\"text-align: justify;\">La Municipalidad de Ays\u00e9n invita a la comunidad a participar y asistir a dos importantes concursos art\u00edsticos, enmarcados en la conmemoraci\u00f3n del <strong>98\u00b0 aniversario de Puerto Ays\u00e9n<\/strong>, los que se desarrollar\u00e1n este fin de semana y estar\u00e1n especialmente dirigidos a ni\u00f1os, ni\u00f1as, adolescentes y j\u00f3venes de la comuna.<\/p>\n<p style=\"text-align: justify;\">Las actividades se realizar\u00e1n los d\u00edas <strong>viernes 16 y s\u00e1bado 17 de enero<\/strong>, en el frontis del Cine Municipal, y tienen como objetivo promover la expresi\u00f3n art\u00edstica, la participaci\u00f3n comunitaria y el desarrollo de habilidades a trav\u00e9s del arte, la m\u00fasica y el espect\u00e1culo.<\/p>\n<p style=\"text-align: justify;\"><strong>\u201cDescubriendo Estrellas\u201d, en su segunda versi\u00f3n<\/strong><\/p>\n<p style=\"text-align: justify;\">El <strong>viernes 16 de enero<\/strong>, desde las <strong>16:00 horas<\/strong>, se llevar\u00e1 a cabo el festival de talentos <strong>\u201cDescubriendo Estrellas 2026 \u2013 2\u00aa versi\u00f3n\u201d<\/strong>, dirigido a j\u00f3venes de entre <strong>13 y 29 a\u00f1os<\/strong>.<\/p>\n<p style=\"text-align: justify;\">Este concurso, organizado por el programa <strong>SENDA Previene Ays\u00e9n<\/strong>, busca brindar un espacio de expresi\u00f3n art\u00edstica en disciplinas como canto, danza y otras manifestaciones esc\u00e9nicas, fortaleciendo la autoestima, la identidad y el sentido de pertenencia de las y los participantes.<\/p>\n<p style=\"text-align: justify;\">La inscripci\u00f3n es gratuita y los cupos son limitados. Para postular, las y los interesados deben completar el formulario disponible en las redes sociales del municipio o acercarse a la oficina de SENDA, ubicada en <strong>DIDECO (Teniente Merino N\u00b0630)<\/strong>.<\/p>\n<p style=\"text-align: justify;\"><strong>\u201cSummer Fest Kids\u201d, un espacio para la ni\u00f1ez<\/strong><\/p>\n<p style=\"text-align: justify;\">En tanto, el <strong>s\u00e1bado 17 de enero<\/strong>, desde las <strong>15:00 horas<\/strong>, se desarrollar\u00e1 el <strong>\u201cSummer Fest Kids 2026\u201d<\/strong>, un festival orientado a ni\u00f1os y ni\u00f1as de entre <strong>6 y 12 a\u00f1os<\/strong>, organizado por la <strong>Oficina Local de la Ni\u00f1ez (OLN)<\/strong>.<\/p>\n<p style=\"text-align: justify;\">Esta actividad busca promover el derecho de ni\u00f1os y ni\u00f1as a la recreaci\u00f3n, la participaci\u00f3n cultural y el desarrollo de sus talentos, en un ambiente familiar, l\u00fadico e inclusivo.<\/p>\n<p style=\"text-align: justify;\">El festival contempla presentaciones de canto, baile, poes\u00eda, humor y otras disciplinas art\u00edsticas, y no tiene car\u00e1cter competitivo, ya que todos los participantes recibir\u00e1n un reconocimiento por su participaci\u00f3n. Adem\u00e1s, para los ni\u00f1os y ni\u00f1as asistentes habr\u00e1 actividades recreativas como pinta caritas, globoflexia, corp\u00f3reos y concursos.<\/p>\n<p style=\"text-align: justify;\">En este caso, la inscripci\u00f3n se realiza de manera online, a trav\u00e9s del enlace disponible en las redes sociales municipales.<\/p>\n<p style=\"text-align: justify;\">Desde el municipio se hizo un llamado a las familias de la comuna a asistir, apoyar y disfrutar de ambas jornadas, que buscan generar espacios seguros y positivos de encuentro comunitario, especialmente durante la temporada estival.<\/p>\n<p style=\"text-align: justify;\">Al respecto, la Directora de Desarrollo Comunitario, Karina Montecinos, se\u00f1al\u00f3 que el aniversario no solo contempla la atracci\u00f3n de artistas nacionales o internacionales, sino que tambi\u00e9n representa una oportunidad para visibilizar y potenciar los talentos locales, ya sean artistas con mayor experiencia en el medio local o j\u00f3venes que est\u00e1n dando sus primeros pasos sobre el escenario.<\/p>\n<p style=\"text-align: justify;\">Asimismo, la directora hizo un llamado a los vecinos a informarse y participar de las actividades programadas, \u201cinvitamos a las familias, a los ni\u00f1os, ni\u00f1as y j\u00f3venes, y especialmente a las mam\u00e1s que est\u00e1n m\u00e1s atentas a los talentos de sus hijos e hijas, a revisar nuestras redes sociales y el calendario de actividades del aniversario, para identificar estas instancias, inscribirse y aprovechar estos espacios donde puedan demostrar sus habilidades y talentos\u201d.<\/p>\n<p style=\"text-align: justify;\"><strong>\u00a0<\/strong><\/p>\n<\/div><\/section><\/div><div  style='height:50px' class='hr hr-invisible   avia-builder-el-6  el_after_av_one_full  el_before_av_social_share '><span class='hr-inner ' ><span class='hr-inner-style'><\/span><\/span><\/div><\/p>\n<div  class='av-social-sharing-box  avia-builder-el-7  el_after_av_hr  el_before_av_hr  '><div class='av-share-box'><h5 class='av-share-link-description av-no-toc '>Compartir esta noticia<\/h5><ul class='av-share-box-list noLightbox'><li class='av-share-link av-social-link-facebook' ><a target=\"_blank\" aria-label=\"Compartir en Facebook\" href='https:\/\/www.facebook.com\/sharer.php?u=https:\/\/radiorevelacionfm.cl\/?p=63341&#038;t=Canto%2C%20baile%20y%20creatividad%3A%20Ays%C3%A9n%20vivir%C3%A1%20dos%20jornadas%20de%20festivales%20de%20talentos%20para%20ni%C3%B1os%20y%20j%C3%B3venes' aria-hidden='false' data-av_icon='\ue8f3' data-av_iconfont='entypo-fontello' title='' data-avia-related-tooltip='Compartir en Facebook' rel=\"noopener\"><span class='avia_hidden_link_text'>Compartir en Facebook<\/span><\/a><\/li><li class='av-share-link av-social-link-twitter' ><a target=\"_blank\" aria-label=\"Compartir en Twitter\" href='https:\/\/twitter.com\/share?text=Canto%2C%20baile%20y%20creatividad%3A%20Ays%C3%A9n%20vivir%C3%A1%20dos%20jornadas%20de%20festivales%20de%20talentos%20para%20ni%C3%B1os%20y%20j%C3%B3venes&#038;url=https:\/\/radiorevelacionfm.cl\/?p=63341' aria-hidden='false' data-av_icon='\ue8f1' data-av_iconfont='entypo-fontello' title='' data-avia-related-tooltip='Compartir en Twitter' rel=\"noopener\"><span class='avia_hidden_link_text'>Compartir en Twitter<\/span><\/a><\/li><li class='av-share-link av-social-link-whatsapp' ><a target=\"_blank\" aria-label=\"Compartir en Whatsapp\" href='https:\/\/api.whatsapp.com\/send?text=https:\/\/radiorevelacionfm.cl\/?p=63341' aria-hidden='false' data-av_icon='\uf232' data-av_iconfont='entypo-fontello' title='' data-avia-related-tooltip='Compartir en Whatsapp' rel=\"noopener\"><span class='avia_hidden_link_text'>Compartir en Whatsapp<\/span><\/a><\/li><li class='av-share-link av-social-link-linkedin' ><a target=\"_blank\" aria-label=\"Compartir en LinkedIn\" href='https:\/\/linkedin.com\/shareArticle?mini=true&#038;title=Canto%2C%20baile%20y%20creatividad%3A%20Ays%C3%A9n%20vivir%C3%A1%20dos%20jornadas%20de%20festivales%20de%20talentos%20para%20ni%C3%B1os%20y%20j%C3%B3venes&#038;url=https:\/\/radiorevelacionfm.cl\/?p=63341' aria-hidden='false' data-av_icon='\ue8fc' data-av_iconfont='entypo-fontello' title='' data-avia-related-tooltip='Compartir en LinkedIn' rel=\"noopener\"><span class='avia_hidden_link_text'>Compartir en LinkedIn<\/span><\/a><\/li><li class='av-share-link av-social-link-mail' ><a  aria-label=\"Compartir por correo\" href='mailto:?subject=Canto%2C%20baile%20y%20creatividad%3A%20Ays%C3%A9n%20vivir%C3%A1%20dos%20jornadas%20de%20festivales%20de%20talentos%20para%20ni%C3%B1os%20y%20j%C3%B3venes&#038;body=https:\/\/radiorevelacionfm.cl\/?p=63341' aria-hidden='false' data-av_icon='\ue805' data-av_iconfont='entypo-fontello' title='' data-avia-related-tooltip='Compartir por correo'><span class='avia_hidden_link_text'>Compartir por correo<\/span><\/a><\/li><\/ul><\/div><\/div>\n<div  style='height:50px' class='hr hr-invisible   avia-builder-el-8  el_after_av_social_share  el_before_av_comments_list '><span class='hr-inner ' ><span class='hr-inner-style'><\/span><\/span><\/div>\n<div  class='av-buildercomment  av-blog-meta-html-info-disabled av-blog-meta-tag-disabled  '><\/div>\n","protected":false},"excerpt":{"rendered":"","protected":false},"author":1,"featured_media":63342,"comment_status":"closed","ping_status":"closed","sticky":false,"template":"","format":"standard","meta":{"footnotes":""},"categories":[38],"tags":[],"class_list":["post-63341","post","type-post","status-publish","format-standard","has-post-thumbnail","hentry","category-regional"],"jetpack_featured_media_url":"https:\/\/radiorevelacionfm.cl\/wp-content\/uploads\/2026\/01\/20250117_195839-1_optimized-1.jpg","_links":{"self":[{"href":"https:\/\/radiorevelacionfm.cl\/index.php?rest_route=\/wp\/v2\/posts\/63341","targetHints":{"allow":["GET"]}}],"collection":[{"href":"https:\/\/radiorevelacionfm.cl\/index.php?rest_route=\/wp\/v2\/posts"}],"about":[{"href":"https:\/\/radiorevelacionfm.cl\/index.php?rest_route=\/wp\/v2\/types\/post"}],"author":[{"embeddable":true,"href":"https:\/\/radiorevelacionfm.cl\/index.php?rest_route=\/wp\/v2\/users\/1"}],"replies":[{"embeddable":true,"href":"https:\/\/radiorevelacionfm.cl\/index.php?rest_route=%2Fwp%2Fv2%2Fcomments&post=63341"}],"version-history":[{"count":2,"href":"https:\/\/radiorevelacionfm.cl\/index.php?rest_route=\/wp\/v2\/posts\/63341\/revisions"}],"predecessor-version":[{"id":63346,"href":"https:\/\/radiorevelacionfm.cl\/index.php?rest_route=\/wp\/v2\/posts\/63341\/revisions\/63346"}],"wp:featuredmedia":[{"embeddable":true,"href":"https:\/\/radiorevelacionfm.cl\/index.php?rest_route=\/wp\/v2\/media\/63342"}],"wp:attachment":[{"href":"https:\/\/radiorevelacionfm.cl\/index.php?rest_route=%2Fwp%2Fv2%2Fmedia&parent=63341"}],"wp:term":[{"taxonomy":"category","embeddable":true,"href":"https:\/\/radiorevelacionfm.cl\/index.php?rest_route=%2Fwp%2Fv2%2Fcategories&post=63341"},{"taxonomy":"post_tag","embeddable":true,"href":"https:\/\/radiorevelacionfm.cl\/index.php?rest_route=%2Fwp%2Fv2%2Ftags&post=63341"}],"curies":[{"name":"wp","href":"https:\/\/api.w.org\/{rel}","templated":true}]}}