{"id":6334,"date":"2021-07-15T20:46:55","date_gmt":"2021-07-15T23:46:55","guid":{"rendered":"https:\/\/radiorevelacionfm.cl\/?p=6334"},"modified":"2021-07-15T20:46:55","modified_gmt":"2021-07-15T23:46:55","slug":"rechazan-reclamacion-contra-el-sea-por-central-los-maquis-de-puerto-guadal","status":"publish","type":"post","link":"https:\/\/radiorevelacionfm.cl\/?p=6334","title":{"rendered":"Rechazan reclamaci\u00f3n contra el SEA por central Los Maquis de Puerto Guadal"},"content":{"rendered":"<div class=\"flex_column av_one_full  flex_column_div av-zero-column-padding first  avia-builder-el-0  el_before_av_one_full  avia-builder-el-first  \" style='border-radius:0px; '><div  class='avia-image-container  av-styling-    avia-builder-el-1  avia-builder-el-no-sibling  avia-align-center '  itemprop=\"image\" itemscope=\"itemscope\" itemtype=\"https:\/\/schema.org\/ImageObject\"  ><div class='avia-image-container-inner'><div class='avia-image-overlay-wrap'><img decoding=\"async\" class='wp-image-0 avia-img-lazy-loading-not-0 avia_image' src=\"https:\/\/radiorevelacionfm.cl\/wp-content\/uploads\/2021\/07\/CENTRAL-MAQUI_-02-Baja-1.jpg\" alt='' title=''   itemprop=\"thumbnailUrl\"  \/><\/div><\/div><\/div><\/div><div class=\"flex_column av_one_full  flex_column_div av-zero-column-padding first  avia-builder-el-2  el_after_av_one_full  el_before_av_one_full  column-top-margin\" style='border-radius:0px; '><section class=\"av_textblock_section \"  itemscope=\"itemscope\" itemtype=\"https:\/\/schema.org\/BlogPosting\" itemprop=\"blogPost\" ><div class='avia_textblock  '   itemprop=\"text\" ><p style=\"text-align: center;\"><strong><span style=\"font-size: 18pt;\">Rechazan reclamaci\u00f3n contra el SEA por central Los Maquis de Puerto Guadal<\/span><\/strong><\/p>\n<div id=\"gtx-trans\" style=\"position: absolute; left: -50px; top: 4.31534px;\">\n<div class=\"gtx-trans-icon\"><\/div>\n<\/div>\n<\/div><\/section><\/div><div class=\"flex_column av_one_full  flex_column_div av-zero-column-padding first  avia-builder-el-4  el_after_av_one_full  el_before_av_hr  column-top-margin\" style='border-radius:0px; '><section class=\"av_textblock_section \"  itemscope=\"itemscope\" itemtype=\"https:\/\/schema.org\/BlogPosting\" itemprop=\"blogPost\" ><div class='avia_textblock  '   itemprop=\"text\" ><p dir=\"ltr\" style=\"text-align: justify;\">Por no tener acci\u00f3n para reclamar ante el Tribunal Ambiental, debido al tipo de recurso administrativo intentado previamente, el Tribunal Ambiental de Valdivia rechaz\u00f3 la reclamaci\u00f3n que un grupo de habitantes de la Regi\u00f3n de Ays\u00e9n interpuso contra el Servicio de Evaluaci\u00f3n Ambiental (SEA), por el rechazo a la solicitud para invalidar la respuesta a la consulta de pertinencia presentada por Empresa El\u00e9ctrica de Ays\u00e9n S.A., que concluy\u00f3 que el proyecto \u201cRehabilitaci\u00f3n Central Hidroel\u00e9ctrica Los Maquis\u201d no requiere ingresar al Sistema de Evaluaci\u00f3n de Impacto Ambiental (SEIA).<\/p>\n<p dir=\"ltr\" style=\"text-align: justify;\">La sentencia determin\u00f3 que como los recurrentes presentaron la solicitud de invalidaci\u00f3n en fase administrativa m\u00e1s de seis meses despu\u00e9s de haber tomado conocimiento de la respuesta a la consulta de pertinencia, la solicitud corresponder\u00eda a una invalidaci\u00f3n-facultad, la que s\u00f3lo permite recurrir ante los Tribunales Ambientales cuando la Administraci\u00f3n hace uso de su potestad de invalidar un acto administrativo, pero no cuando no ejerce esa facultad.<\/p>\n<p dir=\"ltr\" style=\"text-align: justify;\">El fallo explic\u00f3 que si los reclamantes hubiesen solicitado la invalidaci\u00f3n de la respuesta a la consulta de pertinencia dentro de los 30 d\u00edas h\u00e1biles siguientes de publicada en la web del SEA, se entender\u00eda que ejercieron la solicitud de invalidaci\u00f3n del tipo recurso, lo que s\u00ed les hubiese permitido reclamar ante el Tribunal.<\/p>\n<p dir=\"ltr\" style=\"text-align: justify;\">La sentencia, pronunciada por los Ministros Sr. Iv\u00e1n Hunter Ampuero, Sra. Sibel Villalobos Volpi y Sr. Jorge Retamal Valenzuela;\u00a0 se apoy\u00f3 en distintos fallos de la Excma. Corte Suprema que han refrendado esta postura.<\/p>\n<p dir=\"ltr\" style=\"text-align: justify;\">\u201cHabi\u00e9ndose rechazado por la autoridad el ejercicio de la facultad invalidatoria prevista en el art. 53 de la Ley N\u00b0 19.880, s\u00f3lo es posible concluir que la Reclamante no cuenta con acci\u00f3n o recurso para impugnar la indicada determinaci\u00f3n, puesto que el art. 53 y el art. 17 N\u00b0 8 de la Ley N\u00b0 20.600, s\u00f3lo lo conceden para el caso en que se haga uso efectivo de la invalidaci\u00f3n facultad con que cuenta la Administraci\u00f3n P\u00fablica\u201d concluy\u00f3 el Tribunal.<\/p>\n<\/div><\/section><\/div><div  style='height:50px' class='hr hr-invisible   avia-builder-el-6  el_after_av_one_full  el_before_av_social_share '><span class='hr-inner ' ><span class='hr-inner-style'><\/span><\/span><\/div><\/p>\n<div  class='av-social-sharing-box  avia-builder-el-7  el_after_av_hr  el_before_av_hr  '><div class='av-share-box'><h5 class='av-share-link-description av-no-toc '>Compartir esta noticia<\/h5><ul class='av-share-box-list noLightbox'><li class='av-share-link av-social-link-facebook' ><a target=\"_blank\" aria-label=\"Compartir en Facebook\" href='https:\/\/www.facebook.com\/sharer.php?u=https:\/\/radiorevelacionfm.cl\/?p=6334&#038;t=Rechazan%20reclamaci%C3%B3n%20contra%20el%20SEA%20por%20central%20Los%20Maquis%20de%20Puerto%20Guadal' aria-hidden='false' data-av_icon='\ue8f3' data-av_iconfont='entypo-fontello' title='' data-avia-related-tooltip='Compartir en Facebook' rel=\"noopener\"><span class='avia_hidden_link_text'>Compartir en Facebook<\/span><\/a><\/li><li class='av-share-link av-social-link-twitter' ><a target=\"_blank\" aria-label=\"Compartir en Twitter\" href='https:\/\/twitter.com\/share?text=Rechazan%20reclamaci%C3%B3n%20contra%20el%20SEA%20por%20central%20Los%20Maquis%20de%20Puerto%20Guadal&#038;url=https:\/\/radiorevelacionfm.cl\/?p=6334' aria-hidden='false' data-av_icon='\ue8f1' data-av_iconfont='entypo-fontello' title='' data-avia-related-tooltip='Compartir en Twitter' rel=\"noopener\"><span class='avia_hidden_link_text'>Compartir en Twitter<\/span><\/a><\/li><li class='av-share-link av-social-link-whatsapp' ><a target=\"_blank\" aria-label=\"Compartir en Whatsapp\" href='https:\/\/api.whatsapp.com\/send?text=https:\/\/radiorevelacionfm.cl\/?p=6334' aria-hidden='false' data-av_icon='\uf232' data-av_iconfont='entypo-fontello' title='' data-avia-related-tooltip='Compartir en Whatsapp' rel=\"noopener\"><span class='avia_hidden_link_text'>Compartir en Whatsapp<\/span><\/a><\/li><li class='av-share-link av-social-link-linkedin' ><a target=\"_blank\" aria-label=\"Compartir en LinkedIn\" href='https:\/\/linkedin.com\/shareArticle?mini=true&#038;title=Rechazan%20reclamaci%C3%B3n%20contra%20el%20SEA%20por%20central%20Los%20Maquis%20de%20Puerto%20Guadal&#038;url=https:\/\/radiorevelacionfm.cl\/?p=6334' aria-hidden='false' data-av_icon='\ue8fc' data-av_iconfont='entypo-fontello' title='' data-avia-related-tooltip='Compartir en LinkedIn' rel=\"noopener\"><span class='avia_hidden_link_text'>Compartir en LinkedIn<\/span><\/a><\/li><li class='av-share-link av-social-link-mail' ><a  aria-label=\"Compartir por correo\" href='mailto:?subject=Rechazan%20reclamaci%C3%B3n%20contra%20el%20SEA%20por%20central%20Los%20Maquis%20de%20Puerto%20Guadal&#038;body=https:\/\/radiorevelacionfm.cl\/?p=6334' aria-hidden='false' data-av_icon='\ue805' data-av_iconfont='entypo-fontello' title='' data-avia-related-tooltip='Compartir por correo'><span class='avia_hidden_link_text'>Compartir por correo<\/span><\/a><\/li><\/ul><\/div><\/div>\n<div  style='height:50px' class='hr hr-invisible   avia-builder-el-8  el_after_av_social_share  el_before_av_comments_list '><span class='hr-inner ' ><span class='hr-inner-style'><\/span><\/span><\/div>\n<div  class='av-buildercomment  av-blog-meta-html-info-disabled av-blog-meta-tag-disabled  '><\/div>\n","protected":false},"excerpt":{"rendered":"","protected":false},"author":1,"featured_media":0,"comment_status":"open","ping_status":"open","sticky":false,"template":"","format":"standard","meta":{"footnotes":""},"categories":[39],"tags":[],"class_list":["post-6334","post","type-post","status-publish","format-standard","hentry","category-medio-ambiente"],"jetpack_featured_media_url":"","_links":{"self":[{"href":"https:\/\/radiorevelacionfm.cl\/index.php?rest_route=\/wp\/v2\/posts\/6334","targetHints":{"allow":["GET"]}}],"collection":[{"href":"https:\/\/radiorevelacionfm.cl\/index.php?rest_route=\/wp\/v2\/posts"}],"about":[{"href":"https:\/\/radiorevelacionfm.cl\/index.php?rest_route=\/wp\/v2\/types\/post"}],"author":[{"embeddable":true,"href":"https:\/\/radiorevelacionfm.cl\/index.php?rest_route=\/wp\/v2\/users\/1"}],"replies":[{"embeddable":true,"href":"https:\/\/radiorevelacionfm.cl\/index.php?rest_route=%2Fwp%2Fv2%2Fcomments&post=6334"}],"version-history":[{"count":1,"href":"https:\/\/radiorevelacionfm.cl\/index.php?rest_route=\/wp\/v2\/posts\/6334\/revisions"}],"predecessor-version":[{"id":6336,"href":"https:\/\/radiorevelacionfm.cl\/index.php?rest_route=\/wp\/v2\/posts\/6334\/revisions\/6336"}],"wp:attachment":[{"href":"https:\/\/radiorevelacionfm.cl\/index.php?rest_route=%2Fwp%2Fv2%2Fmedia&parent=6334"}],"wp:term":[{"taxonomy":"category","embeddable":true,"href":"https:\/\/radiorevelacionfm.cl\/index.php?rest_route=%2Fwp%2Fv2%2Fcategories&post=6334"},{"taxonomy":"post_tag","embeddable":true,"href":"https:\/\/radiorevelacionfm.cl\/index.php?rest_route=%2Fwp%2Fv2%2Ftags&post=6334"}],"curies":[{"name":"wp","href":"https:\/\/api.w.org\/{rel}","templated":true}]}}