{"id":63339,"date":"2026-01-15T15:26:13","date_gmt":"2026-01-15T18:26:13","guid":{"rendered":"https:\/\/radiorevelacionfm.cl\/?p=63339"},"modified":"2026-01-15T15:26:13","modified_gmt":"2026-01-15T18:26:13","slug":"chile-cuida-es-ley-seremi-mideso-destaca-los-avances-en-aysen-y-detalla-alcances-de-la-norma","status":"publish","type":"post","link":"https:\/\/radiorevelacionfm.cl\/?p=63339","title":{"rendered":"Chile Cuida es ley: Seremi Mideso destaca los avances en Ays\u00e9n y detalla alcances de la norma"},"content":{"rendered":"<div class=\"flex_column av_one_full  flex_column_div av-zero-column-padding first  avia-builder-el-0  el_before_av_one_full  avia-builder-el-first  \" style='border-radius:0px; '><div  class='avia-image-container  av-styling-    avia-builder-el-1  avia-builder-el-no-sibling  avia-align-center '  itemprop=\"image\" itemscope=\"itemscope\" itemtype=\"https:\/\/schema.org\/ImageObject\"  ><div class='avia-image-container-inner'><div class='avia-image-overlay-wrap'><img decoding=\"async\" class='wp-image-62433 avia-img-lazy-loading-not-62433 avia_image' src=\"https:\/\/radiorevelacionfm.cl\/wp-content\/uploads\/2025\/12\/seremi-karina-dic-1_optimized-1.jpeg\" alt='' title='seremi-karina-dic-(1)_optimized (1)' height=\"600\" width=\"800\"  itemprop=\"thumbnailUrl\" srcset=\"https:\/\/radiorevelacionfm.cl\/wp-content\/uploads\/2025\/12\/seremi-karina-dic-1_optimized-1.jpeg 800w, https:\/\/radiorevelacionfm.cl\/wp-content\/uploads\/2025\/12\/seremi-karina-dic-1_optimized-1-300x225.jpeg 300w, https:\/\/radiorevelacionfm.cl\/wp-content\/uploads\/2025\/12\/seremi-karina-dic-1_optimized-1-768x576.jpeg 768w, https:\/\/radiorevelacionfm.cl\/wp-content\/uploads\/2025\/12\/seremi-karina-dic-1_optimized-1-705x529.jpeg 705w, https:\/\/radiorevelacionfm.cl\/wp-content\/uploads\/2025\/12\/seremi-karina-dic-1_optimized-1-450x338.jpeg 450w, https:\/\/radiorevelacionfm.cl\/wp-content\/uploads\/2025\/12\/seremi-karina-dic-1_optimized-1-600x450.jpeg 600w\" sizes=\"(max-width: 800px) 100vw, 800px\" \/><\/div><\/div><\/div><\/div><div class=\"flex_column av_one_full  flex_column_div av-zero-column-padding first  avia-builder-el-2  el_after_av_one_full  el_before_av_one_full  column-top-margin\" style='border-radius:0px; '><section class=\"av_textblock_section \"  itemscope=\"itemscope\" itemtype=\"https:\/\/schema.org\/BlogPosting\" itemprop=\"blogPost\" ><div class='avia_textblock  '   itemprop=\"text\" ><p style=\"text-align: center;\"><strong><span style=\"font-size: 18pt;\">Chile Cuida es ley: Seremi Mideso destaca los avances en Ays\u00e9n y detalla alcances de la norma<\/span><\/strong><\/p>\n<div id=\"gtx-trans\" style=\"position: absolute; left: -50px; top: 4.31534px;\">\n<div class=\"gtx-trans-icon\"><\/div>\n<\/div>\n<\/div><\/section><\/div><div class=\"flex_column av_one_full  flex_column_div av-zero-column-padding first  avia-builder-el-4  el_after_av_one_full  el_before_av_hr  column-top-margin\" style='border-radius:0px; '><section class=\"av_textblock_section \"  itemscope=\"itemscope\" itemtype=\"https:\/\/schema.org\/BlogPosting\" itemprop=\"blogPost\" ><div class='avia_textblock  '   itemprop=\"text\" ><p style=\"text-align: justify;\">Por unanimidad el Congreso aprob\u00f3 este mi\u00e9rcoles el proyecto de Ley que crea el Sistema Nacional de Apoyos y Cuidados, Chile Cuida y reconoce el derecho al cuidado en sus tres dimensiones: el derecho a cuidar, a ser cuidado y al autocuidado.<\/p>\n<p style=\"text-align: justify;\">Por otra parte, se establece que el Estado tendr\u00e1 el deber de garantizar progresivamente una oferta suficiente de apoyos y cuidados, avanzando hacia un sistema universal que acompa\u00f1e a las personas a lo largo del ciclo de vida, especialmente a quienes enfrentan situaciones de dependencia.<\/p>\n<p style=\"text-align: justify;\">En la regi\u00f3n de Ays\u00e9n se As\u00ed lo reforz\u00f3 la seremi de Desarrollo Social y Familia Karina Acevedo Auad \u201cel Estado brindar\u00e1 protecci\u00f3n y garant\u00eda a nuestros cuidadores y cuidadores. Desde que iniciamos el 2022 reconociendo a las cuidadoras, conociendo sus realidades, levantando un Registro Social de Hogares, a la fecha hemos avanzado. Reconocemos los cuidados como trabajo, la labor que realizan en los hogares y sobre todo la necesidad que como Estado tenemos de apoyar y acompa\u00f1ar a los cuidadores en esta gran labor. En nuestra regi\u00f3n hemos estado en m\u00faltiples di\u00e1logos, en conversaciones con las diadas, es decir, cuidadores y personas que son cuidadas. Hemos hablado con presidentes de Junta de Vecinos, con alcaldes y hemos logrado avanzar este entramado de red. Ahora tenemos un pie firme a partir de esta nueva opci\u00f3n de Ley\u201d, se\u00f1al\u00f3 la seremi.<\/p>\n<p style=\"text-align: justify;\">A la vez la autoridad reforz\u00f3 que en la regi\u00f3n de Ays\u00e9n se ha hecho durante todo el per\u00edodo un trabajo exhaustivo desde que fue priorizado por el presidente Gabriel Boric, entre ellos la creaci\u00f3n de dos Centros Comunitarios de Cuidados, destacando tambi\u00e9n programas como la Red Local de Apoyos y Cuidados que se ampli\u00f3 a m\u00e1s comunas, entre otros \u201cEn nuestra regi\u00f3n contamos con dos Centros Comunitarios de Cuidados. Uno que ya est\u00e1 en pleno funcionamiento en Ays\u00e9n donde partimos atendiendo a 33 diadas, es decir, cuidador y persona cuidada y ya vamos en 120. Esperamos el mismo camino para el Centro Comunitario de Cuidados de Coyhaique. Sumado a eso estamos trabajando junto al IPS, a SENADIS, SENAMA, para ir ampliando la red de ayudas. A partir de este importante hito podemos decir con absoluta tranquilidad, que tenemos un Chile distinto, que nace un Chile que comprende a sus familias, que tiene empat\u00eda con la vejez, con la discapacidad y sobre todo, es inclusivo. Estamos tremendamente contentos con este logro que nace desde el gobierno del presidente Boric, sobre todo pensando en nuestros cuidadores y cuidadoras\u00a0a quienes hemos escuchado a lo largo de estos a\u00f1os. Podemos decirles que hoy no est\u00e1n solos, porque Chile cuida es realidad\u201d.<\/p>\n<p style=\"text-align: justify;\"><strong>Detalle del proyecto<\/strong><\/p>\n<p>1. La iniciativa crea el Sistema Nacional de Apoyos y Cuidados (SNAC), como un modelo de gesti\u00f3n intersectorial, multinivel y permanente, cuya coordinaci\u00f3n recae en el Ministerio de Desarrollo Social y Familia, a trav\u00e9s de la nueva Secretar\u00eda de Apoyos y Cuidados. El Sistema articula pol\u00edticas, programas y servicios existentes, eliminando duplicidades y fortaleciendo la eficiencia del gasto p\u00fablico.<\/p>\n<p style=\"text-align: justify;\">2. Garantiza como un derecho el recibir cuidados y establece a personas cuidadoras no remuneradas, un cat\u00e1logo de derechos para titulares del sistema y derechos espec\u00edficos.<\/p>\n<p style=\"text-align: justify;\">3. El programa Red Local de Apoyos y Cuidados (RLAC), avanzar\u00e1 hacia la universalidad progresiva en todas las comunas del pa\u00eds, con cobertura por grado de dependencia, y no por criterio socioecon\u00f3mico, incorpor\u00e1ndose transitoriamente: Programa 4 a 7, Centros Diurnos, Cuidados Domiciliarios, Subsidio ELEAM, Viviendas Tuteladas, Residencias para personas con discapacidad, Tr\u00e1nsito a la Vida Independiente, Ayudas t\u00e9cnicas, Pago a cuidadores, Centros Comunitarios de Cuidados.<\/p>\n<p style=\"text-align: justify;\">4. Los \u00f3rganos del Estado deben adoptar medidas para cumplir los fines del SNAC. Asimismo, se establece que tanto el Estado como privados deben promover la corresponsabilidad social y de g\u00e9nero, la conciliaci\u00f3n, la prevenci\u00f3n de violencia y el autocuidado, consagr\u00e1ndose tambi\u00e9n obligaciones espec\u00edficas para varios ministerios (MINSAL, MINTRAB, MINVU, MINEDUC, etc.).<\/p>\n<p style=\"text-align: justify;\">De esta forma, y tras un respaldo un\u00e1nime en el Congreso, el proyecto queda a la espera de su promulgaci\u00f3n por el Presidente Gabriel Boric, culminando una tramitaci\u00f3n legislativa que permitir\u00e1 que el derecho al cuidado sea garantizado por ley en Chile.<\/p>\n<\/div><\/section><\/div><div  style='height:50px' class='hr hr-invisible   avia-builder-el-6  el_after_av_one_full  el_before_av_social_share '><span class='hr-inner ' ><span class='hr-inner-style'><\/span><\/span><\/div><\/p>\n<div  class='av-social-sharing-box  avia-builder-el-7  el_after_av_hr  el_before_av_hr  '><div class='av-share-box'><h5 class='av-share-link-description av-no-toc '>Compartir esta noticia<\/h5><ul class='av-share-box-list noLightbox'><li class='av-share-link av-social-link-facebook' ><a target=\"_blank\" aria-label=\"Compartir en Facebook\" href='https:\/\/www.facebook.com\/sharer.php?u=https:\/\/radiorevelacionfm.cl\/?p=63339&#038;t=Chile%20Cuida%20es%20ley%3A%20Seremi%20Mideso%20destaca%20los%20avances%20en%20Ays%C3%A9n%20y%20detalla%20alcances%20de%20la%20norma' aria-hidden='false' data-av_icon='\ue8f3' data-av_iconfont='entypo-fontello' title='' data-avia-related-tooltip='Compartir en Facebook' rel=\"noopener\"><span class='avia_hidden_link_text'>Compartir en Facebook<\/span><\/a><\/li><li class='av-share-link av-social-link-twitter' ><a target=\"_blank\" aria-label=\"Compartir en Twitter\" href='https:\/\/twitter.com\/share?text=Chile%20Cuida%20es%20ley%3A%20Seremi%20Mideso%20destaca%20los%20avances%20en%20Ays%C3%A9n%20y%20detalla%20alcances%20de%20la%20norma&#038;url=https:\/\/radiorevelacionfm.cl\/?p=63339' aria-hidden='false' data-av_icon='\ue8f1' data-av_iconfont='entypo-fontello' title='' data-avia-related-tooltip='Compartir en Twitter' rel=\"noopener\"><span class='avia_hidden_link_text'>Compartir en Twitter<\/span><\/a><\/li><li class='av-share-link av-social-link-whatsapp' ><a target=\"_blank\" aria-label=\"Compartir en Whatsapp\" href='https:\/\/api.whatsapp.com\/send?text=https:\/\/radiorevelacionfm.cl\/?p=63339' aria-hidden='false' data-av_icon='\uf232' data-av_iconfont='entypo-fontello' title='' data-avia-related-tooltip='Compartir en Whatsapp' rel=\"noopener\"><span class='avia_hidden_link_text'>Compartir en Whatsapp<\/span><\/a><\/li><li class='av-share-link av-social-link-linkedin' ><a target=\"_blank\" aria-label=\"Compartir en LinkedIn\" href='https:\/\/linkedin.com\/shareArticle?mini=true&#038;title=Chile%20Cuida%20es%20ley%3A%20Seremi%20Mideso%20destaca%20los%20avances%20en%20Ays%C3%A9n%20y%20detalla%20alcances%20de%20la%20norma&#038;url=https:\/\/radiorevelacionfm.cl\/?p=63339' aria-hidden='false' data-av_icon='\ue8fc' data-av_iconfont='entypo-fontello' title='' data-avia-related-tooltip='Compartir en LinkedIn' rel=\"noopener\"><span class='avia_hidden_link_text'>Compartir en LinkedIn<\/span><\/a><\/li><li class='av-share-link av-social-link-mail' ><a  aria-label=\"Compartir por correo\" href='mailto:?subject=Chile%20Cuida%20es%20ley%3A%20Seremi%20Mideso%20destaca%20los%20avances%20en%20Ays%C3%A9n%20y%20detalla%20alcances%20de%20la%20norma&#038;body=https:\/\/radiorevelacionfm.cl\/?p=63339' aria-hidden='false' data-av_icon='\ue805' data-av_iconfont='entypo-fontello' title='' data-avia-related-tooltip='Compartir por correo'><span class='avia_hidden_link_text'>Compartir por correo<\/span><\/a><\/li><\/ul><\/div><\/div>\n<div  style='height:50px' class='hr hr-invisible   avia-builder-el-8  el_after_av_social_share  el_before_av_comments_list '><span class='hr-inner ' ><span class='hr-inner-style'><\/span><\/span><\/div>\n<div  class='av-buildercomment  av-blog-meta-html-info-disabled av-blog-meta-tag-disabled  '><\/div>\n","protected":false},"excerpt":{"rendered":"","protected":false},"author":1,"featured_media":62433,"comment_status":"closed","ping_status":"closed","sticky":false,"template":"","format":"standard","meta":{"footnotes":""},"categories":[38],"tags":[],"class_list":["post-63339","post","type-post","status-publish","format-standard","has-post-thumbnail","hentry","category-regional"],"jetpack_featured_media_url":"https:\/\/radiorevelacionfm.cl\/wp-content\/uploads\/2025\/12\/seremi-karina-dic-1_optimized-1.jpeg","_links":{"self":[{"href":"https:\/\/radiorevelacionfm.cl\/index.php?rest_route=\/wp\/v2\/posts\/63339","targetHints":{"allow":["GET"]}}],"collection":[{"href":"https:\/\/radiorevelacionfm.cl\/index.php?rest_route=\/wp\/v2\/posts"}],"about":[{"href":"https:\/\/radiorevelacionfm.cl\/index.php?rest_route=\/wp\/v2\/types\/post"}],"author":[{"embeddable":true,"href":"https:\/\/radiorevelacionfm.cl\/index.php?rest_route=\/wp\/v2\/users\/1"}],"replies":[{"embeddable":true,"href":"https:\/\/radiorevelacionfm.cl\/index.php?rest_route=%2Fwp%2Fv2%2Fcomments&post=63339"}],"version-history":[{"count":2,"href":"https:\/\/radiorevelacionfm.cl\/index.php?rest_route=\/wp\/v2\/posts\/63339\/revisions"}],"predecessor-version":[{"id":63344,"href":"https:\/\/radiorevelacionfm.cl\/index.php?rest_route=\/wp\/v2\/posts\/63339\/revisions\/63344"}],"wp:featuredmedia":[{"embeddable":true,"href":"https:\/\/radiorevelacionfm.cl\/index.php?rest_route=\/wp\/v2\/media\/62433"}],"wp:attachment":[{"href":"https:\/\/radiorevelacionfm.cl\/index.php?rest_route=%2Fwp%2Fv2%2Fmedia&parent=63339"}],"wp:term":[{"taxonomy":"category","embeddable":true,"href":"https:\/\/radiorevelacionfm.cl\/index.php?rest_route=%2Fwp%2Fv2%2Fcategories&post=63339"},{"taxonomy":"post_tag","embeddable":true,"href":"https:\/\/radiorevelacionfm.cl\/index.php?rest_route=%2Fwp%2Fv2%2Ftags&post=63339"}],"curies":[{"name":"wp","href":"https:\/\/api.w.org\/{rel}","templated":true}]}}