{"id":63335,"date":"2026-01-15T13:36:00","date_gmt":"2026-01-15T16:36:00","guid":{"rendered":"https:\/\/radiorevelacionfm.cl\/?p=63335"},"modified":"2026-01-15T13:36:00","modified_gmt":"2026-01-15T16:36:00","slug":"invitan-a-la-comunidad-a-participar-en-la-charla-acceso-a-los-bienes-nacionales-de-uso-publico","status":"publish","type":"post","link":"https:\/\/radiorevelacionfm.cl\/?p=63335","title":{"rendered":"Invitan a la comunidad a participar en la charla \u201cAcceso a los Bienes Nacionales de Uso P\u00fablico\u201d"},"content":{"rendered":"<div class=\"flex_column av_one_full  flex_column_div av-zero-column-padding first  avia-builder-el-0  el_before_av_one_full  avia-builder-el-first  \" style='border-radius:0px; '><div  class='avia-image-container  av-styling-    avia-builder-el-1  avia-builder-el-no-sibling  avia-align-center '  itemprop=\"image\" itemscope=\"itemscope\" itemtype=\"https:\/\/schema.org\/ImageObject\"  ><div class='avia-image-container-inner'><div class='avia-image-overlay-wrap'><img decoding=\"async\" class='wp-image-63336 avia-img-lazy-loading-not-63336 avia_image' src=\"https:\/\/radiorevelacionfm.cl\/wp-content\/uploads\/2026\/01\/img_9355-1_optimized-1.jpg\" alt='' title='img_9355-(1)_optimized (1)' height=\"600\" width=\"800\"  itemprop=\"thumbnailUrl\" srcset=\"https:\/\/radiorevelacionfm.cl\/wp-content\/uploads\/2026\/01\/img_9355-1_optimized-1.jpg 800w, https:\/\/radiorevelacionfm.cl\/wp-content\/uploads\/2026\/01\/img_9355-1_optimized-1-300x225.jpg 300w, https:\/\/radiorevelacionfm.cl\/wp-content\/uploads\/2026\/01\/img_9355-1_optimized-1-768x576.jpg 768w, https:\/\/radiorevelacionfm.cl\/wp-content\/uploads\/2026\/01\/img_9355-1_optimized-1-705x529.jpg 705w, https:\/\/radiorevelacionfm.cl\/wp-content\/uploads\/2026\/01\/img_9355-1_optimized-1-450x338.jpg 450w, https:\/\/radiorevelacionfm.cl\/wp-content\/uploads\/2026\/01\/img_9355-1_optimized-1-600x450.jpg 600w\" sizes=\"(max-width: 800px) 100vw, 800px\" \/><\/div><\/div><\/div><\/div><div class=\"flex_column av_one_full  flex_column_div av-zero-column-padding first  avia-builder-el-2  el_after_av_one_full  el_before_av_one_full  column-top-margin\" style='border-radius:0px; '><section class=\"av_textblock_section \"  itemscope=\"itemscope\" itemtype=\"https:\/\/schema.org\/BlogPosting\" itemprop=\"blogPost\" ><div class='avia_textblock  '   itemprop=\"text\" ><p style=\"text-align: center;\"><strong><span style=\"font-size: 18pt;\">Invitan a la comunidad a participar en la charla \u201cAcceso a los Bienes Nacionales de Uso P\u00fablico\u201d<\/span><\/strong><\/p>\n<div id=\"gtx-trans\" style=\"position: absolute; left: -50px; top: 4.31534px;\">\n<div class=\"gtx-trans-icon\"><\/div>\n<\/div>\n<\/div><\/section><\/div><div class=\"flex_column av_one_full  flex_column_div av-zero-column-padding first  avia-builder-el-4  el_after_av_one_full  el_before_av_hr  column-top-margin\" style='border-radius:0px; '><section class=\"av_textblock_section \"  itemscope=\"itemscope\" itemtype=\"https:\/\/schema.org\/BlogPosting\" itemprop=\"blogPost\" ><div class='avia_textblock  '   itemprop=\"text\" ><p style=\"text-align: justify;\">\u00bfPuedo hacer uso de cualquier playa? \u00bfQu\u00e9 son los Bienes Nacionales de Uso P\u00fablico? \u00bfC\u00f3mo se crea un acceso a playa? Son algunas de las interrogantes que se resolver\u00e1n el martes 20 de enero, en la charla \u201cAcceso a los Bienes Nacionales de Uso P\u00fablico\u201d que estar\u00e1 desarrollando la Divisi\u00f3n Jur\u00eddica del Ministerio de Bienes Nacionales en el auditorio del Museo Regional de Ays\u00e9n \u2013Km. 3, camino a Coyhaique Alto- a partir de las nueve de la ma\u00f1ana.<\/p>\n<p style=\"text-align: justify;\">En ese contexto, la Seremi de Bienes Nacionales de Ays\u00e9n, Irina Morend Valdebenito se\u00f1al\u00f3 que, \u201csabemos que existe mucho inter\u00e9s en esta tem\u00e1tica, sobre todo en el verano, cuando suben las temperaturas y las personas acuden a los lagos y r\u00edos de nuestra regi\u00f3n ya sea por turismo o solo recreaci\u00f3n, y se encuentran con que hay personas que no permiten el acceso a la playa\u2026 en ese sentido, vimos la relevancia de informar a la comunidad sobre la normativa vigente, explicar en qu\u00e9 casos el Ministerio de Bienes Nacionales puede aplicar la normativa, cu\u00e1ndo es que no se aplica, \u00a0etc. Dudas que, nuestra Divisi\u00f3n Jur\u00eddica del nivel central de nuestro Ministerio estar\u00e1 resolviendo en \u00e9sta, la primera charla de este tipo que se brinda de forma abierta a toda la comunidad, sobre este tema que resulta ser confuso por su implicancia t\u00e9cnico jur\u00eddica\u201d, sostuvo la autoridad.<\/p>\n<p style=\"text-align: justify;\">En dicha oportunidad, desde el \u00e1rea jur\u00eddica ministerial, se estar\u00e1n abordando conceptos t\u00e9cnicos en torno a los bienes nacionales de uso p\u00fablico en general, y, precisamente sobre la normativa vigente que permite fijar v\u00edas de acceso a playas de mar, lagos y r\u00edos del pa\u00eds, las etapas del proceso y sus implicancias.<\/p>\n<\/div><\/section><\/div><div  style='height:50px' class='hr hr-invisible   avia-builder-el-6  el_after_av_one_full  el_before_av_social_share '><span class='hr-inner ' ><span class='hr-inner-style'><\/span><\/span><\/div><\/p>\n<div  class='av-social-sharing-box  avia-builder-el-7  el_after_av_hr  el_before_av_hr  '><div class='av-share-box'><h5 class='av-share-link-description av-no-toc '>Compartir esta noticia<\/h5><ul class='av-share-box-list noLightbox'><li class='av-share-link av-social-link-facebook' ><a target=\"_blank\" aria-label=\"Compartir en Facebook\" href='https:\/\/www.facebook.com\/sharer.php?u=https:\/\/radiorevelacionfm.cl\/?p=63335&#038;t=Invitan%20a%20la%20comunidad%20a%20participar%20en%20la%20charla%20%E2%80%9CAcceso%20a%20los%20Bienes%20Nacionales%20de%20Uso%20P%C3%BAblico%E2%80%9D' aria-hidden='false' data-av_icon='\ue8f3' data-av_iconfont='entypo-fontello' title='' data-avia-related-tooltip='Compartir en Facebook' rel=\"noopener\"><span class='avia_hidden_link_text'>Compartir en Facebook<\/span><\/a><\/li><li class='av-share-link av-social-link-twitter' ><a target=\"_blank\" aria-label=\"Compartir en Twitter\" href='https:\/\/twitter.com\/share?text=Invitan%20a%20la%20comunidad%20a%20participar%20en%20la%20charla%20%E2%80%9CAcceso%20a%20los%20Bienes%20Nacionales%20de%20Uso%20P%C3%BAblico%E2%80%9D&#038;url=https:\/\/radiorevelacionfm.cl\/?p=63335' aria-hidden='false' data-av_icon='\ue8f1' data-av_iconfont='entypo-fontello' title='' data-avia-related-tooltip='Compartir en Twitter' rel=\"noopener\"><span class='avia_hidden_link_text'>Compartir en Twitter<\/span><\/a><\/li><li class='av-share-link av-social-link-whatsapp' ><a target=\"_blank\" aria-label=\"Compartir en Whatsapp\" href='https:\/\/api.whatsapp.com\/send?text=https:\/\/radiorevelacionfm.cl\/?p=63335' aria-hidden='false' data-av_icon='\uf232' data-av_iconfont='entypo-fontello' title='' data-avia-related-tooltip='Compartir en Whatsapp' rel=\"noopener\"><span class='avia_hidden_link_text'>Compartir en Whatsapp<\/span><\/a><\/li><li class='av-share-link av-social-link-linkedin' ><a target=\"_blank\" aria-label=\"Compartir en LinkedIn\" href='https:\/\/linkedin.com\/shareArticle?mini=true&#038;title=Invitan%20a%20la%20comunidad%20a%20participar%20en%20la%20charla%20%E2%80%9CAcceso%20a%20los%20Bienes%20Nacionales%20de%20Uso%20P%C3%BAblico%E2%80%9D&#038;url=https:\/\/radiorevelacionfm.cl\/?p=63335' aria-hidden='false' data-av_icon='\ue8fc' data-av_iconfont='entypo-fontello' title='' data-avia-related-tooltip='Compartir en LinkedIn' rel=\"noopener\"><span class='avia_hidden_link_text'>Compartir en LinkedIn<\/span><\/a><\/li><li class='av-share-link av-social-link-mail' ><a  aria-label=\"Compartir por correo\" href='mailto:?subject=Invitan%20a%20la%20comunidad%20a%20participar%20en%20la%20charla%20%E2%80%9CAcceso%20a%20los%20Bienes%20Nacionales%20de%20Uso%20P%C3%BAblico%E2%80%9D&#038;body=https:\/\/radiorevelacionfm.cl\/?p=63335' aria-hidden='false' data-av_icon='\ue805' data-av_iconfont='entypo-fontello' title='' data-avia-related-tooltip='Compartir por correo'><span class='avia_hidden_link_text'>Compartir por correo<\/span><\/a><\/li><\/ul><\/div><\/div>\n<div  style='height:50px' class='hr hr-invisible   avia-builder-el-8  el_after_av_social_share  el_before_av_comments_list '><span class='hr-inner ' ><span class='hr-inner-style'><\/span><\/span><\/div>\n<div  class='av-buildercomment  av-blog-meta-html-info-disabled av-blog-meta-tag-disabled  '><\/div>\n","protected":false},"excerpt":{"rendered":"","protected":false},"author":1,"featured_media":63336,"comment_status":"closed","ping_status":"closed","sticky":false,"template":"","format":"standard","meta":{"footnotes":""},"categories":[38],"tags":[],"class_list":["post-63335","post","type-post","status-publish","format-standard","has-post-thumbnail","hentry","category-regional"],"jetpack_featured_media_url":"https:\/\/radiorevelacionfm.cl\/wp-content\/uploads\/2026\/01\/img_9355-1_optimized-1.jpg","_links":{"self":[{"href":"https:\/\/radiorevelacionfm.cl\/index.php?rest_route=\/wp\/v2\/posts\/63335","targetHints":{"allow":["GET"]}}],"collection":[{"href":"https:\/\/radiorevelacionfm.cl\/index.php?rest_route=\/wp\/v2\/posts"}],"about":[{"href":"https:\/\/radiorevelacionfm.cl\/index.php?rest_route=\/wp\/v2\/types\/post"}],"author":[{"embeddable":true,"href":"https:\/\/radiorevelacionfm.cl\/index.php?rest_route=\/wp\/v2\/users\/1"}],"replies":[{"embeddable":true,"href":"https:\/\/radiorevelacionfm.cl\/index.php?rest_route=%2Fwp%2Fv2%2Fcomments&post=63335"}],"version-history":[{"count":2,"href":"https:\/\/radiorevelacionfm.cl\/index.php?rest_route=\/wp\/v2\/posts\/63335\/revisions"}],"predecessor-version":[{"id":63338,"href":"https:\/\/radiorevelacionfm.cl\/index.php?rest_route=\/wp\/v2\/posts\/63335\/revisions\/63338"}],"wp:featuredmedia":[{"embeddable":true,"href":"https:\/\/radiorevelacionfm.cl\/index.php?rest_route=\/wp\/v2\/media\/63336"}],"wp:attachment":[{"href":"https:\/\/radiorevelacionfm.cl\/index.php?rest_route=%2Fwp%2Fv2%2Fmedia&parent=63335"}],"wp:term":[{"taxonomy":"category","embeddable":true,"href":"https:\/\/radiorevelacionfm.cl\/index.php?rest_route=%2Fwp%2Fv2%2Fcategories&post=63335"},{"taxonomy":"post_tag","embeddable":true,"href":"https:\/\/radiorevelacionfm.cl\/index.php?rest_route=%2Fwp%2Fv2%2Ftags&post=63335"}],"curies":[{"name":"wp","href":"https:\/\/api.w.org\/{rel}","templated":true}]}}