{"id":63331,"date":"2026-01-15T10:19:35","date_gmt":"2026-01-15T13:19:35","guid":{"rendered":"https:\/\/radiorevelacionfm.cl\/?p=63331"},"modified":"2026-01-15T10:19:35","modified_gmt":"2026-01-15T13:19:35","slug":"puerto-ibanez-se-convierte-este-fin-de-semana-en-la-capital-de-la-jineteada-mas-grande-de-la-patagonia-chilena-y-argentina","status":"publish","type":"post","link":"https:\/\/radiorevelacionfm.cl\/?p=63331","title":{"rendered":"Puerto Ib\u00e1\u00f1ez se convierte este fin de semana en la capital de la jineteada m\u00e1s grande de la Patagonia chilena y argentina"},"content":{"rendered":"<div class=\"flex_column av_one_full  flex_column_div av-zero-column-padding first  avia-builder-el-0  el_before_av_one_full  avia-builder-el-first  \" style='border-radius:0px; '><div  class='avia-image-container  av-styling-    avia-builder-el-1  avia-builder-el-no-sibling  avia-align-center '  itemprop=\"image\" itemscope=\"itemscope\" itemtype=\"https:\/\/schema.org\/ImageObject\"  ><div class='avia-image-container-inner'><div class='avia-image-overlay-wrap'><img decoding=\"async\" class='wp-image-63332 avia-img-lazy-loading-not-63332 avia_image' src=\"https:\/\/radiorevelacionfm.cl\/wp-content\/uploads\/2026\/01\/jinete-y-pUblico-1_optimized-1.jpeg\" alt='' title='jinete-y-p\u00dablico-(1)_optimized (1)' height=\"600\" width=\"940\"  itemprop=\"thumbnailUrl\" srcset=\"https:\/\/radiorevelacionfm.cl\/wp-content\/uploads\/2026\/01\/jinete-y-pUblico-1_optimized-1.jpeg 940w, https:\/\/radiorevelacionfm.cl\/wp-content\/uploads\/2026\/01\/jinete-y-pUblico-1_optimized-1-300x191.jpeg 300w, https:\/\/radiorevelacionfm.cl\/wp-content\/uploads\/2026\/01\/jinete-y-pUblico-1_optimized-1-768x490.jpeg 768w, https:\/\/radiorevelacionfm.cl\/wp-content\/uploads\/2026\/01\/jinete-y-pUblico-1_optimized-1-705x450.jpeg 705w, https:\/\/radiorevelacionfm.cl\/wp-content\/uploads\/2026\/01\/jinete-y-pUblico-1_optimized-1-450x287.jpeg 450w, https:\/\/radiorevelacionfm.cl\/wp-content\/uploads\/2026\/01\/jinete-y-pUblico-1_optimized-1-600x383.jpeg 600w\" sizes=\"(max-width: 940px) 100vw, 940px\" \/><\/div><\/div><\/div><\/div><div class=\"flex_column av_one_full  flex_column_div av-zero-column-padding first  avia-builder-el-2  el_after_av_one_full  el_before_av_one_full  column-top-margin\" style='border-radius:0px; '><section class=\"av_textblock_section \"  itemscope=\"itemscope\" itemtype=\"https:\/\/schema.org\/BlogPosting\" itemprop=\"blogPost\" ><div class='avia_textblock  '   itemprop=\"text\" ><p style=\"text-align: center;\"><strong><span style=\"font-size: 18pt;\">Puerto Ib\u00e1\u00f1ez se convierte este fin de semana en la capital de la jineteada m\u00e1s grande de la Patagonia chilena y argentina<\/span><\/strong><\/p>\n<div id=\"gtx-trans\" style=\"position: absolute; left: -50px; top: 4.31534px;\">\n<div class=\"gtx-trans-icon\"><\/div>\n<\/div>\n<\/div><\/section><\/div><div class=\"flex_column av_one_full  flex_column_div av-zero-column-padding first  avia-builder-el-4  el_after_av_one_full  el_before_av_hr  column-top-margin\" style='border-radius:0px; '><section class=\"av_textblock_section \"  itemscope=\"itemscope\" itemtype=\"https:\/\/schema.org\/BlogPosting\" itemprop=\"blogPost\" ><div class='avia_textblock  '   itemprop=\"text\" ><p style=\"text-align: justify;\">Puerto Ingeniero Ib\u00e1\u00f1ez, en la Regi\u00f3n de Ays\u00e9n, se prepara para vivir este fin de semana uno de los eventos culturales y tradicionales m\u00e1s importantes del sur del continente con la realizaci\u00f3n del Festival Internacional de Jineteadas y Folclore 2026, considerado el encuentro de jinetes m\u00e1s grande de la Patagonia chilena y argentina.<\/p>\n<p style=\"text-align: justify;\">Durante los d\u00edas viernes 16, s\u00e1bado 17 y domingo 18 de enero, la comuna de R\u00edo Ib\u00e1\u00f1ez recibir\u00e1 a miles de personas provenientes de distintos puntos de la Regi\u00f3n de Ays\u00e9n, del pa\u00eds y del extranjero, quienes llegar\u00e1n a disfrutar de una gran fiesta de tradici\u00f3n, cultura gaucha y vida de campo, en un ambiente familiar y abierto a todo p\u00fablico.<\/p>\n<p style=\"text-align: justify;\">Este festival, que cuenta con una larga trayectoria y reconocimiento a nivel regional e internacional, se ha consolidado como una de las actividades m\u00e1s relevantes del calendario estival, no solo por el nivel de sus competencias ecuestres, sino tambi\u00e9n por su aporte al rescate de las tradiciones del mundo rural y al fortalecimiento de la identidad patagona.<\/p>\n<p style=\"text-align: justify;\">La organizaci\u00f3n del evento es encabezada por Ren\u00e1n Catal\u00e1n, concejal de la comuna de R\u00edo Ib\u00e1\u00f1ez, quien ha destacado la importancia de esta nueva versi\u00f3n del festival, se\u00f1alando que se trata de una instancia que re\u00fane a la comunidad, promueve la cultura gaucha y posiciona a Puerto Ingeniero Ib\u00e1\u00f1ez como un referente cultural y tur\u00edstico de la Patagonia.<\/p>\n<p style=\"text-align: justify;\">La programaci\u00f3n comienza el viernes 16 de enero, a las 22:00 horas, con el evento de bienvenida, que incluir\u00e1 la presentaci\u00f3n de payadores y un evento bailable con los grupos Fusi\u00f3n Irreverente y Los Cumpas de Coyhaique. El s\u00e1bado 17 de enero, desde las 12:00 horas, se dar\u00e1 inicio a las jineteadas, mientras que en la noche, a partir de las 21:00 horas, se desarrollar\u00e1 el evento art\u00edstico bailable con las presentaciones de Toma 2, El Jamaikino e Inc\u00f3gnitos del Sabor. El domingo 18 de enero, a las 11:00 horas, se vivir\u00e1 el tradicional desfile de jinetes desde la Costanera hasta el Campo de Jineteadas, seguido a las 12:00 horas por el acto oficial y el inicio del d\u00eda final de competencias.<\/p>\n<p style=\"text-align: justify;\">El Festival Internacional de Jineteadas y Folclore de Puerto Ingeniero Ib\u00e1\u00f1ez cumple adem\u00e1s un rol clave en el fomento del turismo, la dinamizaci\u00f3n de la econom\u00eda local y la puesta en valor del patrimonio cultural inmaterial de la Regi\u00f3n de Ays\u00e9n, beneficiando directamente a emprendedores, artesanos y servicios tur\u00edsticos de la comuna.<\/p>\n<p style=\"text-align: justify;\">Desde la organizaci\u00f3n se agradece el apoyo del Municipio de R\u00edo Ib\u00e1\u00f1ez y del Gobierno Regional de Ays\u00e9n, destacando especialmente el respaldo del Gobernador Regional, Marcelo Santana, quien ha manifestado de manera permanente su compromiso con el fortalecimiento de la cultura gaucha y las tradiciones patagonas como parte esencial de la identidad regional.<\/p>\n<p style=\"text-align: justify;\">La invitaci\u00f3n est\u00e1 abierta a toda la comunidad regional, nacional y a visitantes de otros pa\u00edses a ser parte de este gran encuentro cultural que, una vez m\u00e1s, posiciona a Puerto Ingeniero Ib\u00e1\u00f1ez como el coraz\u00f3n de la jineteada en la Patagonia.<\/p>\n<\/div><\/section><\/div><div  style='height:50px' class='hr hr-invisible   avia-builder-el-6  el_after_av_one_full  el_before_av_social_share '><span class='hr-inner ' ><span class='hr-inner-style'><\/span><\/span><\/div><\/p>\n<div  class='av-social-sharing-box  avia-builder-el-7  el_after_av_hr  el_before_av_hr  '><div class='av-share-box'><h5 class='av-share-link-description av-no-toc '>Compartir esta noticia<\/h5><ul class='av-share-box-list noLightbox'><li class='av-share-link av-social-link-facebook' ><a target=\"_blank\" aria-label=\"Compartir en Facebook\" href='https:\/\/www.facebook.com\/sharer.php?u=https:\/\/radiorevelacionfm.cl\/?p=63331&#038;t=Puerto%20Ib%C3%A1%C3%B1ez%20se%20convierte%20este%20fin%20de%20semana%20en%20la%20capital%20de%20la%20jineteada%20m%C3%A1s%20grande%20de%20la%20Patagonia%20chilena%20y%20argentina' aria-hidden='false' data-av_icon='\ue8f3' data-av_iconfont='entypo-fontello' title='' data-avia-related-tooltip='Compartir en Facebook' rel=\"noopener\"><span class='avia_hidden_link_text'>Compartir en Facebook<\/span><\/a><\/li><li class='av-share-link av-social-link-twitter' ><a target=\"_blank\" aria-label=\"Compartir en Twitter\" href='https:\/\/twitter.com\/share?text=Puerto%20Ib%C3%A1%C3%B1ez%20se%20convierte%20este%20fin%20de%20semana%20en%20la%20capital%20de%20la%20jineteada%20m%C3%A1s%20grande%20de%20la%20Patagonia%20chilena%20y%20argentina&#038;url=https:\/\/radiorevelacionfm.cl\/?p=63331' aria-hidden='false' data-av_icon='\ue8f1' data-av_iconfont='entypo-fontello' title='' data-avia-related-tooltip='Compartir en Twitter' rel=\"noopener\"><span class='avia_hidden_link_text'>Compartir en Twitter<\/span><\/a><\/li><li class='av-share-link av-social-link-whatsapp' ><a target=\"_blank\" aria-label=\"Compartir en Whatsapp\" href='https:\/\/api.whatsapp.com\/send?text=https:\/\/radiorevelacionfm.cl\/?p=63331' aria-hidden='false' data-av_icon='\uf232' data-av_iconfont='entypo-fontello' title='' data-avia-related-tooltip='Compartir en Whatsapp' rel=\"noopener\"><span class='avia_hidden_link_text'>Compartir en Whatsapp<\/span><\/a><\/li><li class='av-share-link av-social-link-linkedin' ><a target=\"_blank\" aria-label=\"Compartir en LinkedIn\" href='https:\/\/linkedin.com\/shareArticle?mini=true&#038;title=Puerto%20Ib%C3%A1%C3%B1ez%20se%20convierte%20este%20fin%20de%20semana%20en%20la%20capital%20de%20la%20jineteada%20m%C3%A1s%20grande%20de%20la%20Patagonia%20chilena%20y%20argentina&#038;url=https:\/\/radiorevelacionfm.cl\/?p=63331' aria-hidden='false' data-av_icon='\ue8fc' data-av_iconfont='entypo-fontello' title='' data-avia-related-tooltip='Compartir en LinkedIn' rel=\"noopener\"><span class='avia_hidden_link_text'>Compartir en LinkedIn<\/span><\/a><\/li><li class='av-share-link av-social-link-mail' ><a  aria-label=\"Compartir por correo\" href='mailto:?subject=Puerto%20Ib%C3%A1%C3%B1ez%20se%20convierte%20este%20fin%20de%20semana%20en%20la%20capital%20de%20la%20jineteada%20m%C3%A1s%20grande%20de%20la%20Patagonia%20chilena%20y%20argentina&#038;body=https:\/\/radiorevelacionfm.cl\/?p=63331' aria-hidden='false' data-av_icon='\ue805' data-av_iconfont='entypo-fontello' title='' data-avia-related-tooltip='Compartir por correo'><span class='avia_hidden_link_text'>Compartir por correo<\/span><\/a><\/li><\/ul><\/div><\/div>\n<div  style='height:50px' class='hr hr-invisible   avia-builder-el-8  el_after_av_social_share  el_before_av_comments_list '><span class='hr-inner ' ><span class='hr-inner-style'><\/span><\/span><\/div>\n<div  class='av-buildercomment  av-blog-meta-html-info-disabled av-blog-meta-tag-disabled  '><\/div>\n","protected":false},"excerpt":{"rendered":"","protected":false},"author":1,"featured_media":63332,"comment_status":"closed","ping_status":"closed","sticky":false,"template":"","format":"standard","meta":{"footnotes":""},"categories":[38],"tags":[],"class_list":["post-63331","post","type-post","status-publish","format-standard","has-post-thumbnail","hentry","category-regional"],"jetpack_featured_media_url":"https:\/\/radiorevelacionfm.cl\/wp-content\/uploads\/2026\/01\/jinete-y-pUblico-1_optimized-1.jpeg","_links":{"self":[{"href":"https:\/\/radiorevelacionfm.cl\/index.php?rest_route=\/wp\/v2\/posts\/63331","targetHints":{"allow":["GET"]}}],"collection":[{"href":"https:\/\/radiorevelacionfm.cl\/index.php?rest_route=\/wp\/v2\/posts"}],"about":[{"href":"https:\/\/radiorevelacionfm.cl\/index.php?rest_route=\/wp\/v2\/types\/post"}],"author":[{"embeddable":true,"href":"https:\/\/radiorevelacionfm.cl\/index.php?rest_route=\/wp\/v2\/users\/1"}],"replies":[{"embeddable":true,"href":"https:\/\/radiorevelacionfm.cl\/index.php?rest_route=%2Fwp%2Fv2%2Fcomments&post=63331"}],"version-history":[{"count":2,"href":"https:\/\/radiorevelacionfm.cl\/index.php?rest_route=\/wp\/v2\/posts\/63331\/revisions"}],"predecessor-version":[{"id":63334,"href":"https:\/\/radiorevelacionfm.cl\/index.php?rest_route=\/wp\/v2\/posts\/63331\/revisions\/63334"}],"wp:featuredmedia":[{"embeddable":true,"href":"https:\/\/radiorevelacionfm.cl\/index.php?rest_route=\/wp\/v2\/media\/63332"}],"wp:attachment":[{"href":"https:\/\/radiorevelacionfm.cl\/index.php?rest_route=%2Fwp%2Fv2%2Fmedia&parent=63331"}],"wp:term":[{"taxonomy":"category","embeddable":true,"href":"https:\/\/radiorevelacionfm.cl\/index.php?rest_route=%2Fwp%2Fv2%2Fcategories&post=63331"},{"taxonomy":"post_tag","embeddable":true,"href":"https:\/\/radiorevelacionfm.cl\/index.php?rest_route=%2Fwp%2Fv2%2Ftags&post=63331"}],"curies":[{"name":"wp","href":"https:\/\/api.w.org\/{rel}","templated":true}]}}