{"id":63325,"date":"2026-01-15T09:55:03","date_gmt":"2026-01-15T12:55:03","guid":{"rendered":"https:\/\/radiorevelacionfm.cl\/?p=63325"},"modified":"2026-01-15T09:55:03","modified_gmt":"2026-01-15T12:55:03","slug":"mas-de-1-000-personas-capacitadas-impulsan-el-desarrollo-en-la-region-de-aysen-gracias-al-consejo-regional-de-capacitacion-del-sence-aysen","status":"publish","type":"post","link":"https:\/\/radiorevelacionfm.cl\/?p=63325","title":{"rendered":"M\u00e1s de 1.000 personas capacitadas impulsan el desarrollo en la regi\u00f3n de Ays\u00e9n gracias al Consejo Regional de Capacitaci\u00f3n del SENCE Ays\u00e9n"},"content":{"rendered":"<div class=\"flex_column av_one_full  flex_column_div av-zero-column-padding first  avia-builder-el-0  el_before_av_one_full  avia-builder-el-first  \" style='border-radius:0px; '><div  class='avia-image-container  av-styling-    avia-builder-el-1  avia-builder-el-no-sibling  avia-align-center '  itemprop=\"image\" itemscope=\"itemscope\" itemtype=\"https:\/\/schema.org\/ImageObject\"  ><div class='avia-image-container-inner'><div class='avia-image-overlay-wrap'><img decoding=\"async\" class='wp-image-63326 avia-img-lazy-loading-not-63326 avia_image' src=\"https:\/\/radiorevelacionfm.cl\/wp-content\/uploads\/2026\/01\/crc1-1_optimized.jpeg\" alt='' title='crc1-(1)_optimized' height=\"600\" width=\"888\"  itemprop=\"thumbnailUrl\" srcset=\"https:\/\/radiorevelacionfm.cl\/wp-content\/uploads\/2026\/01\/crc1-1_optimized.jpeg 888w, https:\/\/radiorevelacionfm.cl\/wp-content\/uploads\/2026\/01\/crc1-1_optimized-300x203.jpeg 300w, https:\/\/radiorevelacionfm.cl\/wp-content\/uploads\/2026\/01\/crc1-1_optimized-768x519.jpeg 768w, https:\/\/radiorevelacionfm.cl\/wp-content\/uploads\/2026\/01\/crc1-1_optimized-705x476.jpeg 705w, https:\/\/radiorevelacionfm.cl\/wp-content\/uploads\/2026\/01\/crc1-1_optimized-450x304.jpeg 450w, https:\/\/radiorevelacionfm.cl\/wp-content\/uploads\/2026\/01\/crc1-1_optimized-600x405.jpeg 600w\" sizes=\"(max-width: 888px) 100vw, 888px\" \/><\/div><\/div><\/div><\/div><div class=\"flex_column av_one_full  flex_column_div av-zero-column-padding first  avia-builder-el-2  el_after_av_one_full  el_before_av_one_full  column-top-margin\" style='border-radius:0px; '><section class=\"av_textblock_section \"  itemscope=\"itemscope\" itemtype=\"https:\/\/schema.org\/BlogPosting\" itemprop=\"blogPost\" ><div class='avia_textblock  '   itemprop=\"text\" ><p style=\"text-align: center;\"><span style=\"font-size: 18pt;\"><b>M\u00e1s de 1.000 personas capacitadas impulsan el desarrollo en la regi\u00f3n de Ays\u00e9n gracias al Consejo Regional de Capacitaci\u00f3n del SENCE Ays\u00e9n<\/b><\/span><\/p>\n<div id=\"gtx-trans\" style=\"position: absolute; left: -50px; top: 4.31534px;\">\n<div class=\"gtx-trans-icon\"><\/div>\n<\/div>\n<\/div><\/section><\/div><div class=\"flex_column av_one_full  flex_column_div av-zero-column-padding first  avia-builder-el-4  el_after_av_one_full  el_before_av_hr  column-top-margin\" style='border-radius:0px; '><section class=\"av_textblock_section \"  itemscope=\"itemscope\" itemtype=\"https:\/\/schema.org\/BlogPosting\" itemprop=\"blogPost\" ><div class='avia_textblock  '   itemprop=\"text\" ><p style=\"font-weight: 400; text-align: justify;\"><em>En su primera sesi\u00f3n del a\u00f1o, el Consejo Regional de Capacitaci\u00f3n (CRC) present\u00f3 los principales resultados obtenidos desde su implementaci\u00f3n, destacando su aporte al fortalecimiento del capital humano y la empleabilidad en la regi\u00f3n.<\/em><\/p>\n<p style=\"font-weight: 400; text-align: justify;\">En el marco de su primera sesi\u00f3n este 2026, el Consejo Regional de Capacitaci\u00f3n dio a conocer los principales resultados obtenidos desde su implementaci\u00f3n, relevando su aporte al fortalecimiento del capital humano y la empleabilidad en la regi\u00f3n de Ays\u00e9n, seg\u00fan se inform\u00f3, durante los a\u00f1os 2024 y 2025 1.014 accedieron a programas de capacitaci\u00f3n en \u00e1reas vinculadas a los sectores productivos regionales. De este total, 639 son mujeres, lo que representa un 63% de participaci\u00f3n femenina, reflejando avances significativos en equidad y reducci\u00f3n de brechas de g\u00e9nero en el \u00e1mbito laboral.<\/p>\n<p style=\"font-weight: 400; text-align: justify;\">El CRC es una instancia tripartita liderada por el Gobernador Regional de Ays\u00e9n, con SENCE Ays\u00e9n como Secretar\u00eda Ejecutiva, e integrada por representantes de gremios, trabajadores y sector privado. Esta articulaci\u00f3n permite definir una agenda consensuada que conecta capacitaci\u00f3n con empleo y desarrollo econ\u00f3mico. Las acciones formativas desarrolladas han respondido a las necesidades del mercado laboral regional, abordando distintas \u00e1reas de capacitaci\u00f3n t\u00e9cnica y fortaleciendo competencias que favorecen la inserci\u00f3n laboral, la reconversi\u00f3n y el desarrollo productivo del territorio.<\/p>\n<p style=\"font-weight: 400; text-align: justify;\">As\u00ed lo destac\u00f3 Nelson Garrido Morales, director regional del SENCE Ays\u00e9n, quien particip\u00f3 en esta primera sesi\u00f3n \u201cEl Consejo Regional de Capacitaci\u00f3n es clave para generar oportunidades concretas de desarrollo. Haber capacitado a m\u00e1s de mil personas demuestra que el trabajo colaborativo mejora la empleabilidad y fortalece el crecimiento regional. Las acciones formativas han respondido a las necesidades del mercado laboral regional, abordando competencias t\u00e9cnicas que favorecen la inserci\u00f3n laboral, la reconversi\u00f3n y el desarrollo productivo del territorio. Esta oferta se dise\u00f1\u00f3 considerando las prioridades sectoriales y las oportunidades emergentes en la regi\u00f3n\u201d concluy\u00f3.<\/p>\n<p style=\"font-weight: 400; text-align: justify;\">El Seremi(s) del Trabajo y Previsi\u00f3n Social, Rodrigo D\u00edaz Cordaro, hizo hincapi\u00e9 en el trabajo tripartito Estado-Trabajadores-Empleadores que est\u00e1 en el esp\u00edritu de esta iniciativa, con pertinencia local, \u201cEl Consejo Regional de Capacitaci\u00f3n ha sido un tremendo aporte a la capacitaci\u00f3n regional, liderado por el gobernador regional y los consejeros. Ha sido una instancia donde ya en este periodo 2024-2025 se han capacitado m\u00e1s de mil personas, dentro de los cuales tenemos cursos, por ejemplo, de piloto ROV, que es como un dron en el agua, submarino, algo muy sofisticado, tambi\u00e9n patr\u00f3n de naves, en el mar y en el lago, apuntando al sector productivo y el turismo. Entonces, aqu\u00ed vemos c\u00f3mo a trav\u00e9s del Consejo Regional de Capacitaci\u00f3n con la asistencia t\u00e9cnica del SENCE, se apunta a lo que realmente en las comunas, en las localidades, se necesita. Esto es fruto del di\u00e1logo social tripartito, y eso es fundamental, donde est\u00e1n representados el Estado, los empleadores y los trabajadores, y viendo las necesidades que tenemos como regi\u00f3n, y en particular, en las comunas. As\u00ed que esto ha sido muy provechoso y esperamos que este trabajo se siga proyectando en el tiempo porque los \u00fanicos beneficiados con esto es nuestra ciudadan\u00eda\u201d puntualiz\u00f3.<\/p>\n<p style=\"font-weight: 400; text-align: justify;\">Finalmente, las proyecciones para este 2026,\u00a0El Consejo continuar\u00e1 avanzando en la planificaci\u00f3n y priorizaci\u00f3n de la oferta formativa para este a\u00f1o, con el objetivo de vincular capacitaci\u00f3n, empleo y desarrollo productivo, contribuyendo al crecimiento econ\u00f3mico y social de la regi\u00f3n de Ays\u00e9n y sus territorios.<\/p>\n<\/div><\/section><\/div><div  style='height:50px' class='hr hr-invisible   avia-builder-el-6  el_after_av_one_full  el_before_av_social_share '><span class='hr-inner ' ><span class='hr-inner-style'><\/span><\/span><\/div><\/p>\n<div  class='av-social-sharing-box  avia-builder-el-7  el_after_av_hr  el_before_av_hr  '><div class='av-share-box'><h5 class='av-share-link-description av-no-toc '>Compartir esta noticia<\/h5><ul class='av-share-box-list noLightbox'><li class='av-share-link av-social-link-facebook' ><a target=\"_blank\" aria-label=\"Compartir en Facebook\" href='https:\/\/www.facebook.com\/sharer.php?u=https:\/\/radiorevelacionfm.cl\/?p=63325&#038;t=M%C3%A1s%20de%201.000%20personas%20capacitadas%20impulsan%20el%20desarrollo%20en%20la%20regi%C3%B3n%20de%20Ays%C3%A9n%20gracias%20al%20Consejo%20Regional%20de%20Capacitaci%C3%B3n%20del%20SENCE%20Ays%C3%A9n' aria-hidden='false' data-av_icon='\ue8f3' data-av_iconfont='entypo-fontello' title='' data-avia-related-tooltip='Compartir en Facebook' rel=\"noopener\"><span class='avia_hidden_link_text'>Compartir en Facebook<\/span><\/a><\/li><li class='av-share-link av-social-link-twitter' ><a target=\"_blank\" aria-label=\"Compartir en Twitter\" href='https:\/\/twitter.com\/share?text=M%C3%A1s%20de%201.000%20personas%20capacitadas%20impulsan%20el%20desarrollo%20en%20la%20regi%C3%B3n%20de%20Ays%C3%A9n%20gracias%20al%20Consejo%20Regional%20de%20Capacitaci%C3%B3n%20del%20SENCE%20Ays%C3%A9n&#038;url=https:\/\/radiorevelacionfm.cl\/?p=63325' aria-hidden='false' data-av_icon='\ue8f1' data-av_iconfont='entypo-fontello' title='' data-avia-related-tooltip='Compartir en Twitter' rel=\"noopener\"><span class='avia_hidden_link_text'>Compartir en Twitter<\/span><\/a><\/li><li class='av-share-link av-social-link-whatsapp' ><a target=\"_blank\" aria-label=\"Compartir en Whatsapp\" href='https:\/\/api.whatsapp.com\/send?text=https:\/\/radiorevelacionfm.cl\/?p=63325' aria-hidden='false' data-av_icon='\uf232' data-av_iconfont='entypo-fontello' title='' data-avia-related-tooltip='Compartir en Whatsapp' rel=\"noopener\"><span class='avia_hidden_link_text'>Compartir en Whatsapp<\/span><\/a><\/li><li class='av-share-link av-social-link-linkedin' ><a target=\"_blank\" aria-label=\"Compartir en LinkedIn\" href='https:\/\/linkedin.com\/shareArticle?mini=true&#038;title=M%C3%A1s%20de%201.000%20personas%20capacitadas%20impulsan%20el%20desarrollo%20en%20la%20regi%C3%B3n%20de%20Ays%C3%A9n%20gracias%20al%20Consejo%20Regional%20de%20Capacitaci%C3%B3n%20del%20SENCE%20Ays%C3%A9n&#038;url=https:\/\/radiorevelacionfm.cl\/?p=63325' aria-hidden='false' data-av_icon='\ue8fc' data-av_iconfont='entypo-fontello' title='' data-avia-related-tooltip='Compartir en LinkedIn' rel=\"noopener\"><span class='avia_hidden_link_text'>Compartir en LinkedIn<\/span><\/a><\/li><li class='av-share-link av-social-link-mail' ><a  aria-label=\"Compartir por correo\" href='mailto:?subject=M%C3%A1s%20de%201.000%20personas%20capacitadas%20impulsan%20el%20desarrollo%20en%20la%20regi%C3%B3n%20de%20Ays%C3%A9n%20gracias%20al%20Consejo%20Regional%20de%20Capacitaci%C3%B3n%20del%20SENCE%20Ays%C3%A9n&#038;body=https:\/\/radiorevelacionfm.cl\/?p=63325' aria-hidden='false' data-av_icon='\ue805' data-av_iconfont='entypo-fontello' title='' data-avia-related-tooltip='Compartir por correo'><span class='avia_hidden_link_text'>Compartir por correo<\/span><\/a><\/li><\/ul><\/div><\/div>\n<div  style='height:50px' class='hr hr-invisible   avia-builder-el-8  el_after_av_social_share  el_before_av_comments_list '><span class='hr-inner ' ><span class='hr-inner-style'><\/span><\/span><\/div>\n<div  class='av-buildercomment  av-blog-meta-html-info-disabled av-blog-meta-tag-disabled  '><\/div>\n","protected":false},"excerpt":{"rendered":"","protected":false},"author":1,"featured_media":63326,"comment_status":"closed","ping_status":"closed","sticky":false,"template":"","format":"standard","meta":{"footnotes":""},"categories":[38],"tags":[],"class_list":["post-63325","post","type-post","status-publish","format-standard","has-post-thumbnail","hentry","category-regional"],"jetpack_featured_media_url":"https:\/\/radiorevelacionfm.cl\/wp-content\/uploads\/2026\/01\/crc1-1_optimized.jpeg","_links":{"self":[{"href":"https:\/\/radiorevelacionfm.cl\/index.php?rest_route=\/wp\/v2\/posts\/63325","targetHints":{"allow":["GET"]}}],"collection":[{"href":"https:\/\/radiorevelacionfm.cl\/index.php?rest_route=\/wp\/v2\/posts"}],"about":[{"href":"https:\/\/radiorevelacionfm.cl\/index.php?rest_route=\/wp\/v2\/types\/post"}],"author":[{"embeddable":true,"href":"https:\/\/radiorevelacionfm.cl\/index.php?rest_route=\/wp\/v2\/users\/1"}],"replies":[{"embeddable":true,"href":"https:\/\/radiorevelacionfm.cl\/index.php?rest_route=%2Fwp%2Fv2%2Fcomments&post=63325"}],"version-history":[{"count":2,"href":"https:\/\/radiorevelacionfm.cl\/index.php?rest_route=\/wp\/v2\/posts\/63325\/revisions"}],"predecessor-version":[{"id":63330,"href":"https:\/\/radiorevelacionfm.cl\/index.php?rest_route=\/wp\/v2\/posts\/63325\/revisions\/63330"}],"wp:featuredmedia":[{"embeddable":true,"href":"https:\/\/radiorevelacionfm.cl\/index.php?rest_route=\/wp\/v2\/media\/63326"}],"wp:attachment":[{"href":"https:\/\/radiorevelacionfm.cl\/index.php?rest_route=%2Fwp%2Fv2%2Fmedia&parent=63325"}],"wp:term":[{"taxonomy":"category","embeddable":true,"href":"https:\/\/radiorevelacionfm.cl\/index.php?rest_route=%2Fwp%2Fv2%2Fcategories&post=63325"},{"taxonomy":"post_tag","embeddable":true,"href":"https:\/\/radiorevelacionfm.cl\/index.php?rest_route=%2Fwp%2Fv2%2Ftags&post=63325"}],"curies":[{"name":"wp","href":"https:\/\/api.w.org\/{rel}","templated":true}]}}