{"id":63322,"date":"2026-01-15T16:07:05","date_gmt":"2026-01-15T19:07:05","guid":{"rendered":"https:\/\/radiorevelacionfm.cl\/?p=63322"},"modified":"2026-01-15T16:07:05","modified_gmt":"2026-01-15T19:07:05","slug":"region-de-aysen-sernac-entrega-resultados-de-la-consulta-ciudadana-dirigida-a-mujeres-en-la-region","status":"publish","type":"post","link":"https:\/\/radiorevelacionfm.cl\/?p=63322","title":{"rendered":"Regi\u00f3n de Ays\u00e9n: Sernac entrega resultados de la consulta ciudadana dirigida a mujeres en la regi\u00f3n"},"content":{"rendered":"<div class=\"flex_column av_one_full  flex_column_div av-zero-column-padding first  avia-builder-el-0  el_before_av_one_full  avia-builder-el-first  \" style='border-radius:0px; '><div  class='avia-image-container  av-styling-    avia-builder-el-1  avia-builder-el-no-sibling  avia-align-center '  itemprop=\"image\" itemscope=\"itemscope\" itemtype=\"https:\/\/schema.org\/ImageObject\"  ><div class='avia-image-container-inner'><div class='avia-image-overlay-wrap'><img decoding=\"async\" class='wp-image-63323 avia-img-lazy-loading-not-63323 avia_image' src=\"https:\/\/radiorevelacionfm.cl\/wp-content\/uploads\/2026\/01\/2025_sernac-consulta-mujer-2-1-1_optimized.jpg\" alt='' title='2025_sernac-consulta-mujer-(2)-(1)-(1)_optimized' height=\"600\" width=\"900\"  itemprop=\"thumbnailUrl\" srcset=\"https:\/\/radiorevelacionfm.cl\/wp-content\/uploads\/2026\/01\/2025_sernac-consulta-mujer-2-1-1_optimized.jpg 900w, https:\/\/radiorevelacionfm.cl\/wp-content\/uploads\/2026\/01\/2025_sernac-consulta-mujer-2-1-1_optimized-300x200.jpg 300w, https:\/\/radiorevelacionfm.cl\/wp-content\/uploads\/2026\/01\/2025_sernac-consulta-mujer-2-1-1_optimized-768x512.jpg 768w, https:\/\/radiorevelacionfm.cl\/wp-content\/uploads\/2026\/01\/2025_sernac-consulta-mujer-2-1-1_optimized-705x470.jpg 705w, https:\/\/radiorevelacionfm.cl\/wp-content\/uploads\/2026\/01\/2025_sernac-consulta-mujer-2-1-1_optimized-450x300.jpg 450w, https:\/\/radiorevelacionfm.cl\/wp-content\/uploads\/2026\/01\/2025_sernac-consulta-mujer-2-1-1_optimized-600x400.jpg 600w\" sizes=\"(max-width: 900px) 100vw, 900px\" \/><\/div><\/div><\/div><\/div><div class=\"flex_column av_one_full  flex_column_div av-zero-column-padding first  avia-builder-el-2  el_after_av_one_full  el_before_av_one_full  column-top-margin\" style='border-radius:0px; '><section class=\"av_textblock_section \"  itemscope=\"itemscope\" itemtype=\"https:\/\/schema.org\/BlogPosting\" itemprop=\"blogPost\" ><div class='avia_textblock  '   itemprop=\"text\" ><p style=\"text-align: center;\"><strong><span style=\"font-size: 18pt;\">Regi\u00f3n de Ays\u00e9n: Sernac entrega resultados de la consulta ciudadana dirigida a mujeres en la regi\u00f3n<\/span><\/strong><\/p>\n<div id=\"gtx-trans\" style=\"position: absolute; left: -50px; top: 4.31534px;\">\n<div class=\"gtx-trans-icon\"><\/div>\n<\/div>\n<\/div><\/section><\/div><div class=\"flex_column av_one_full  flex_column_div av-zero-column-padding first  avia-builder-el-4  el_after_av_one_full  el_before_av_hr  column-top-margin\" style='border-radius:0px; '><section class=\"av_textblock_section \"  itemscope=\"itemscope\" itemtype=\"https:\/\/schema.org\/BlogPosting\" itemprop=\"blogPost\" ><div class='avia_textblock  '   itemprop=\"text\" ><ul>\n<li style=\"text-align: justify;\"><em>El objetivo de esta iniciativa fue conocer la percepci\u00f3n y experiencia de las mujeres residentes en la regi\u00f3n y su relaci\u00f3n con los mercados.<\/em><\/li>\n<li style=\"text-align: justify;\"><em>Para conocer m\u00e1s detalles de los resultados de esta consulta ciudadana, revise <a href=\"http:\/\/www.sernac.cl\">sernac.cl<\/a><\/em><\/li>\n<\/ul>\n<p style=\"text-align: justify;\">El SERNAC Regional de Ays\u00e9n present\u00f3 los resultados de la Consulta Ciudadana, que tuvo como objetivo conocer las percepciones, experiencias y barreras que enfrentan las mujeres en su rol de consumidoras.<\/p>\n<p style=\"text-align: justify;\">La consulta, con foco en identificar posibles discriminaciones y malas pr\u00e1cticas en el mercado, recopil\u00f3 una muestra regional de 186 respuestas obtenidas a trav\u00e9s de un formulario f\u00edsico y de manera digital.<\/p>\n<p style=\"text-align: justify;\">La mayor\u00eda de las participantes residen en la comuna de Coyhaique (76,3%) y el rango etario predominante abarca a mujeres entre 45 a 64 a\u00f1os (52,1%).<\/p>\n<p style=\"text-align: justify;\">Las principales conclusiones del sondeo se centran en problem\u00e1ticas sobre estereotipos de g\u00e9nero y la baja calidad de los servicios esenciales. La principal percepci\u00f3n de discriminaci\u00f3n se manifiesta a trav\u00e9s del concepto <em>mansplaining<\/em>, que entre sus caracter\u00edsticas supone ignorancia, asumiendo que la mujer es menos competente o conocedora del tema solo por su g\u00e9nero.<\/p>\n<p style=\"text-align: justify;\">Mientras que los mercados donde se concentra la mayor percepci\u00f3n de discriminaci\u00f3n son los servicios financieros (39,1%) y servicios de salud (33,7%), lo que se suma a una deficiencia en la calidad de entrega que, probablemente, se intensifica por las particularidades geogr\u00e1ficas.<\/p>\n<p style=\"text-align: justify;\">En el marco de la publicidad, esta es percibida como un espacio que perpet\u00faa estereotipos, contribuyendo a la sensaci\u00f3n de exclusi\u00f3n. Por ejemplo: el uso de im\u00e1genes sexualizadas de mujeres, ni\u00f1as y adolescentes (60,8%), la presentaci\u00f3n de un \u00fanico ideal de belleza (54,3%) y la representaci\u00f3n limitada a roles tradicionales de g\u00e9nero (44,1%).<\/p>\n<p style=\"text-align: justify;\"><strong>Recomendaciones y Rol del SERNAC<\/strong><\/p>\n<p style=\"text-align: justify;\">La principal recomendaci\u00f3n que entregan las mujeres en la consulta es implementar una mayor y m\u00e1s estricta fiscalizaci\u00f3n a las empresas (59,7%), concentrando los esfuerzos y la prevenci\u00f3n en los sectores donde se percibe mayor discriminaci\u00f3n, especialmente en servicios financieros y de salud.<\/p>\n<p style=\"text-align: justify;\">Las participantes plantean que el SERNAC debe desarrollar campa\u00f1as de informaci\u00f3n masiva (58,6%) dirigidas a las mujeres para empoderarlas en el conocimiento y ejercicio de sus derechos como consumidoras.<\/p>\n<p style=\"text-align: justify;\">Adem\u00e1s de realizar estudios sistem\u00e1ticos sobre temas de g\u00e9nero y consumo (49,5%) para sustentar y especializar las acciones institucionales.<\/p>\n<p style=\"text-align: justify;\">\u201cEs importante se\u00f1alar que, al consultar a las mujeres que viven en la regi\u00f3n de Ays\u00e9n, hemos conocido de primera fuente las situaciones que enfrentan regularmente al comprar un producto y contratar un servicio, por lo que los datos de esta muestra nos sirven para identificar problem\u00e1ticas, percepciones y necesidades, adem\u00e1s de definir medidas para apoyar a las mujeres en nuestra regi\u00f3n\u201d, se\u00f1al\u00f3 la Directora Regional del SERNAC, Sandra Espinoza.<\/p>\n<p style=\"text-align: justify;\">Finalmente, para conocer m\u00e1s detalles de los resultados de esta consulta ciudadana realizada en la Regi\u00f3n de Ays\u00e9n, revise <a href=\"http:\/\/www.sernac.cl\">www.sernac.cl<\/a><\/p>\n<\/div><\/section><\/div><div  style='height:50px' class='hr hr-invisible   avia-builder-el-6  el_after_av_one_full  el_before_av_social_share '><span class='hr-inner ' ><span class='hr-inner-style'><\/span><\/span><\/div><\/p>\n<div  class='av-social-sharing-box  avia-builder-el-7  el_after_av_hr  el_before_av_hr  '><div class='av-share-box'><h5 class='av-share-link-description av-no-toc '>Compartir esta noticia<\/h5><ul class='av-share-box-list noLightbox'><li class='av-share-link av-social-link-facebook' ><a target=\"_blank\" aria-label=\"Compartir en Facebook\" href='https:\/\/www.facebook.com\/sharer.php?u=https:\/\/radiorevelacionfm.cl\/?p=63322&#038;t=Regi%C3%B3n%20de%20Ays%C3%A9n%3A%20Sernac%20entrega%20resultados%20de%20la%20consulta%20ciudadana%20dirigida%20a%20mujeres%20en%20la%20regi%C3%B3n' aria-hidden='false' data-av_icon='\ue8f3' data-av_iconfont='entypo-fontello' title='' data-avia-related-tooltip='Compartir en Facebook' rel=\"noopener\"><span class='avia_hidden_link_text'>Compartir en Facebook<\/span><\/a><\/li><li class='av-share-link av-social-link-twitter' ><a target=\"_blank\" aria-label=\"Compartir en Twitter\" href='https:\/\/twitter.com\/share?text=Regi%C3%B3n%20de%20Ays%C3%A9n%3A%20Sernac%20entrega%20resultados%20de%20la%20consulta%20ciudadana%20dirigida%20a%20mujeres%20en%20la%20regi%C3%B3n&#038;url=https:\/\/radiorevelacionfm.cl\/?p=63322' aria-hidden='false' data-av_icon='\ue8f1' data-av_iconfont='entypo-fontello' title='' data-avia-related-tooltip='Compartir en Twitter' rel=\"noopener\"><span class='avia_hidden_link_text'>Compartir en Twitter<\/span><\/a><\/li><li class='av-share-link av-social-link-whatsapp' ><a target=\"_blank\" aria-label=\"Compartir en Whatsapp\" href='https:\/\/api.whatsapp.com\/send?text=https:\/\/radiorevelacionfm.cl\/?p=63322' aria-hidden='false' data-av_icon='\uf232' data-av_iconfont='entypo-fontello' title='' data-avia-related-tooltip='Compartir en Whatsapp' rel=\"noopener\"><span class='avia_hidden_link_text'>Compartir en Whatsapp<\/span><\/a><\/li><li class='av-share-link av-social-link-linkedin' ><a target=\"_blank\" aria-label=\"Compartir en LinkedIn\" href='https:\/\/linkedin.com\/shareArticle?mini=true&#038;title=Regi%C3%B3n%20de%20Ays%C3%A9n%3A%20Sernac%20entrega%20resultados%20de%20la%20consulta%20ciudadana%20dirigida%20a%20mujeres%20en%20la%20regi%C3%B3n&#038;url=https:\/\/radiorevelacionfm.cl\/?p=63322' aria-hidden='false' data-av_icon='\ue8fc' data-av_iconfont='entypo-fontello' title='' data-avia-related-tooltip='Compartir en LinkedIn' rel=\"noopener\"><span class='avia_hidden_link_text'>Compartir en LinkedIn<\/span><\/a><\/li><li class='av-share-link av-social-link-mail' ><a  aria-label=\"Compartir por correo\" href='mailto:?subject=Regi%C3%B3n%20de%20Ays%C3%A9n%3A%20Sernac%20entrega%20resultados%20de%20la%20consulta%20ciudadana%20dirigida%20a%20mujeres%20en%20la%20regi%C3%B3n&#038;body=https:\/\/radiorevelacionfm.cl\/?p=63322' aria-hidden='false' data-av_icon='\ue805' data-av_iconfont='entypo-fontello' title='' data-avia-related-tooltip='Compartir por correo'><span class='avia_hidden_link_text'>Compartir por correo<\/span><\/a><\/li><\/ul><\/div><\/div>\n<div  style='height:50px' class='hr hr-invisible   avia-builder-el-8  el_after_av_social_share  el_before_av_comments_list '><span class='hr-inner ' ><span class='hr-inner-style'><\/span><\/span><\/div>\n<div  class='av-buildercomment  av-blog-meta-html-info-disabled av-blog-meta-tag-disabled  '><\/div>\n","protected":false},"excerpt":{"rendered":"","protected":false},"author":1,"featured_media":63323,"comment_status":"closed","ping_status":"closed","sticky":false,"template":"","format":"standard","meta":{"footnotes":""},"categories":[38],"tags":[],"class_list":["post-63322","post","type-post","status-publish","format-standard","has-post-thumbnail","hentry","category-regional"],"jetpack_featured_media_url":"https:\/\/radiorevelacionfm.cl\/wp-content\/uploads\/2026\/01\/2025_sernac-consulta-mujer-2-1-1_optimized.jpg","_links":{"self":[{"href":"https:\/\/radiorevelacionfm.cl\/index.php?rest_route=\/wp\/v2\/posts\/63322","targetHints":{"allow":["GET"]}}],"collection":[{"href":"https:\/\/radiorevelacionfm.cl\/index.php?rest_route=\/wp\/v2\/posts"}],"about":[{"href":"https:\/\/radiorevelacionfm.cl\/index.php?rest_route=\/wp\/v2\/types\/post"}],"author":[{"embeddable":true,"href":"https:\/\/radiorevelacionfm.cl\/index.php?rest_route=\/wp\/v2\/users\/1"}],"replies":[{"embeddable":true,"href":"https:\/\/radiorevelacionfm.cl\/index.php?rest_route=%2Fwp%2Fv2%2Fcomments&post=63322"}],"version-history":[{"count":2,"href":"https:\/\/radiorevelacionfm.cl\/index.php?rest_route=\/wp\/v2\/posts\/63322\/revisions"}],"predecessor-version":[{"id":63348,"href":"https:\/\/radiorevelacionfm.cl\/index.php?rest_route=\/wp\/v2\/posts\/63322\/revisions\/63348"}],"wp:featuredmedia":[{"embeddable":true,"href":"https:\/\/radiorevelacionfm.cl\/index.php?rest_route=\/wp\/v2\/media\/63323"}],"wp:attachment":[{"href":"https:\/\/radiorevelacionfm.cl\/index.php?rest_route=%2Fwp%2Fv2%2Fmedia&parent=63322"}],"wp:term":[{"taxonomy":"category","embeddable":true,"href":"https:\/\/radiorevelacionfm.cl\/index.php?rest_route=%2Fwp%2Fv2%2Fcategories&post=63322"},{"taxonomy":"post_tag","embeddable":true,"href":"https:\/\/radiorevelacionfm.cl\/index.php?rest_route=%2Fwp%2Fv2%2Ftags&post=63322"}],"curies":[{"name":"wp","href":"https:\/\/api.w.org\/{rel}","templated":true}]}}