{"id":63318,"date":"2026-01-14T19:08:14","date_gmt":"2026-01-14T22:08:14","guid":{"rendered":"https:\/\/radiorevelacionfm.cl\/?p=63318"},"modified":"2026-01-14T19:08:14","modified_gmt":"2026-01-14T22:08:14","slug":"equipos-pedagogicos-de-educacion-parvularia-se-capacitaron-para-llevar-la-ciencia-a-las-primeras-edades","status":"publish","type":"post","link":"https:\/\/radiorevelacionfm.cl\/?p=63318","title":{"rendered":"Equipos pedag\u00f3gicos de educaci\u00f3n parvularia se capacitaron para llevar la ciencia a las primeras edades"},"content":{"rendered":"<div class=\"flex_column av_one_full  flex_column_div av-zero-column-padding first  avia-builder-el-0  el_before_av_one_full  avia-builder-el-first  \" style='border-radius:0px; '><div  class='avia-image-container  av-styling-    avia-builder-el-1  avia-builder-el-no-sibling  avia-align-center '  itemprop=\"image\" itemscope=\"itemscope\" itemtype=\"https:\/\/schema.org\/ImageObject\"  ><div class='avia-image-container-inner'><div class='avia-image-overlay-wrap'><img decoding=\"async\" class='wp-image-63319 avia-img-lazy-loading-not-63319 avia_image' src=\"https:\/\/radiorevelacionfm.cl\/wp-content\/uploads\/2026\/01\/1-4-1-1.jpg\" alt='' title='1-4 (1) (1)' height=\"600\" width=\"1003\"  itemprop=\"thumbnailUrl\" srcset=\"https:\/\/radiorevelacionfm.cl\/wp-content\/uploads\/2026\/01\/1-4-1-1.jpg 1003w, https:\/\/radiorevelacionfm.cl\/wp-content\/uploads\/2026\/01\/1-4-1-1-300x179.jpg 300w, https:\/\/radiorevelacionfm.cl\/wp-content\/uploads\/2026\/01\/1-4-1-1-768x459.jpg 768w, https:\/\/radiorevelacionfm.cl\/wp-content\/uploads\/2026\/01\/1-4-1-1-705x422.jpg 705w, https:\/\/radiorevelacionfm.cl\/wp-content\/uploads\/2026\/01\/1-4-1-1-450x269.jpg 450w, https:\/\/radiorevelacionfm.cl\/wp-content\/uploads\/2026\/01\/1-4-1-1-600x359.jpg 600w\" sizes=\"(max-width: 1003px) 100vw, 1003px\" \/><\/div><\/div><\/div><\/div><div class=\"flex_column av_one_full  flex_column_div av-zero-column-padding first  avia-builder-el-2  el_after_av_one_full  el_before_av_one_full  column-top-margin\" style='border-radius:0px; '><section class=\"av_textblock_section \"  itemscope=\"itemscope\" itemtype=\"https:\/\/schema.org\/BlogPosting\" itemprop=\"blogPost\" ><div class='avia_textblock  '   itemprop=\"text\" ><p style=\"text-align: center;\"><strong><span style=\"font-size: 18pt;\">Equipos pedag\u00f3gicos de educaci\u00f3n parvularia se capacitaron para llevar la ciencia a las primeras edades<\/span><\/strong><\/p>\n<div id=\"gtx-trans\" style=\"position: absolute; left: -50px; top: 4.31534px;\">\n<div class=\"gtx-trans-icon\"><\/div>\n<\/div>\n<\/div><\/section><\/div><div class=\"flex_column av_one_full  flex_column_div av-zero-column-padding first  avia-builder-el-4  el_after_av_one_full  el_before_av_hr  column-top-margin\" style='border-radius:0px; '><section class=\"av_textblock_section \"  itemscope=\"itemscope\" itemtype=\"https:\/\/schema.org\/BlogPosting\" itemprop=\"blogPost\" ><div class='avia_textblock  '   itemprop=\"text\" ><p style=\"text-align: justify;\"><em>26 educadoras y t\u00e9cnicas en educaci\u00f3n parvularia de quince localidades de la regi\u00f3n finalizaron el primer a\u00f1o de capacitaci\u00f3n del Programa de Indagaci\u00f3n para Primeras Edades (PIPE) del Proyecto Explora Ays\u00e9n.<\/em><\/p>\n<p style=\"text-align: justify;\">En diciembre, educadoras(es), t\u00e9cnicas(os) en educaci\u00f3n parvularia y educadoras diferenciales de la regi\u00f3n finalizaron el primer a\u00f1o de capacitaci\u00f3n del Programa PIPE, iniciativa que busca despertar el asombro y la curiosidad cient\u00edfica en las primeras edades.<\/p>\n<p style=\"text-align: justify;\">El Programa de Indagaci\u00f3n para Primeras Edades (PIPE) es una iniciativa del Programa Explora implementado en la regi\u00f3n de Ays\u00e9n por el Proyecto Explora Ays\u00e9n del Ministerio de Ciencia, Tecnolog\u00eda, Conocimiento e Innovaci\u00f3n y el Campus Patagonia de la Universidad Austral de Chile, con el objetivo de fortalecer las competencias cient\u00edficas de equipos pedag\u00f3gicos de educaci\u00f3n parvularia de la regi\u00f3n de Ays\u00e9n.<\/p>\n<p style=\"text-align: justify;\">Sobre el desarrollo de PIPE durante 2025, Viviana Pizarro, directora del PAR Explora Ays\u00e9n destac\u00f3: \u201cComo Universidad nos reconforta ver c\u00f3mo a lo largo del territorio regional se han ido fortaleciendo las competencias de las y los participantes de PIPE y c\u00f3mo se han ido apropiando y empoderando de la metodolog\u00eda para generar cambios reales que transforman sus pr\u00e1cticas y sus entornos\u201d.<\/p>\n<p style=\"text-align: justify;\"><strong>Inspirar el asombro <\/strong><\/p>\n<p style=\"text-align: justify;\">A trav\u00e9s de una ruta formativa, el Programa contempl\u00f3 una capacitaci\u00f3n en metodolog\u00eda indagatoria, perspectiva de g\u00e9nero e inclusi\u00f3n y diversidad, a cargo de Andrea M\u00e9ndez, mag\u00edster en G\u00e9nero y Cultura con menci\u00f3n Humanidades, Joyce Maturana, mag\u00edster en did\u00e1ctica de las Ciencias Experimentales, y J\u00e9ssica Aguilar, terapeuta ocupacional de la Universidad de Ays\u00e9n, junto al equipo de Explora Ays\u00e9n. La ruta formativa finaliz\u00f3 con la implementaci\u00f3n en aula de las actividades basadas en el cuadernillo de Tecnolog\u00eda de PIPE, desarrolladas por las educadoras(es) y t\u00e9cnicas(os).<\/p>\n<p style=\"text-align: justify;\">Sobre la participaci\u00f3n de educadoras de su establecimiento, Paulina Quilaqueo, directora del Jard\u00edn Infantil Mi Baker de Cochrane, se\u00f1al\u00f3: \u201cEs muy importante el compromiso que realiza el equipo que se capacita en PIPE de motivar d\u00eda a d\u00eda al resto de las colegas y a las familias. El Programa entrega aprendizajes profundos para nuestras ni\u00f1as y ni\u00f1os, y genera una emotividad para ellos a trav\u00e9s del hecho de explorar, experimentar y de ser curiosos. PIPE ha sabido sacar lo mejor de ellos, y no solo de las y los ni\u00f1os, sino del equipo, el volver a jugar ha sido una experiencia significativa\u201d.<\/p>\n<p style=\"text-align: justify;\">Como una forma de compartir lo trabajado en el aula, cada participante PIPE organiz\u00f3 encuentros de socializaci\u00f3n \u201cPepe y Pepa en mi comunidad\u201d, donde presentaron y compartieron con las comunidades educativas y familias las experiencias en aula.<\/p>\n<p style=\"text-align: justify;\">La encargada de PIPE Ays\u00e9n, Melissa Zavala, destac\u00f3 los encuentros de socializaci\u00f3n: \u201cEstos espacios lograron marcar los sellos de cada unidad educativa, y pudieron abrir las experiencias de PIPE a la comunidad. Fue un tremendo logro organizar en total 21 encuentros, los que se pudieron ejecutar de forma efectiva, permitiendo que quienes lideraron estos espacios pudieran motivar a sus equipos pedag\u00f3gicos a involucrarse con el Programa\u201d.<\/p>\n<p style=\"text-align: justify;\"><strong>Desarrollo del pensamiento cient\u00edfico desde la Investigaci\u00f3n en Artes<\/strong><\/p>\n<p style=\"text-align: justify;\">El Programa de Indagaci\u00f3n para Primeras Edades Ays\u00e9n proyecta su continuidad durante el pr\u00f3ximo a\u00f1o a partir de la ruta formativa iniciada en 2025. En su segundo a\u00f1o, las actividades se basar\u00e1n en cuadernillos de Investigaci\u00f3n en Artes para explicar fen\u00f3menos cient\u00edficos y fortalecer en ni\u00f1as y ni\u00f1os capacidades como la observaci\u00f3n, la curiosidad, la creatividad y la exploraci\u00f3n. Adem\u00e1s, los encuentros de socializaci\u00f3n se ampliar\u00e1n a nivel comunal y provincial, y se incorporar\u00e1 el nivel sala cuna, incluyendo as\u00ed a ni\u00f1as y ni\u00f1os desde los 84 d\u00edas hasta los 2 a\u00f1os a estas experiencias de indagaci\u00f3n cient\u00edfica.<\/p>\n<\/div><\/section><\/div><div  style='height:50px' class='hr hr-invisible   avia-builder-el-6  el_after_av_one_full  el_before_av_social_share '><span class='hr-inner ' ><span class='hr-inner-style'><\/span><\/span><\/div><\/p>\n<div  class='av-social-sharing-box  avia-builder-el-7  el_after_av_hr  el_before_av_hr  '><div class='av-share-box'><h5 class='av-share-link-description av-no-toc '>Compartir esta noticia<\/h5><ul class='av-share-box-list noLightbox'><li class='av-share-link av-social-link-facebook' ><a target=\"_blank\" aria-label=\"Compartir en Facebook\" href='https:\/\/www.facebook.com\/sharer.php?u=https:\/\/radiorevelacionfm.cl\/?p=63318&#038;t=Equipos%20pedag%C3%B3gicos%20de%20educaci%C3%B3n%20parvularia%20se%20capacitaron%20para%20llevar%20la%20ciencia%20a%20las%20primeras%20edades' aria-hidden='false' data-av_icon='\ue8f3' data-av_iconfont='entypo-fontello' title='' data-avia-related-tooltip='Compartir en Facebook' rel=\"noopener\"><span class='avia_hidden_link_text'>Compartir en Facebook<\/span><\/a><\/li><li class='av-share-link av-social-link-twitter' ><a target=\"_blank\" aria-label=\"Compartir en Twitter\" href='https:\/\/twitter.com\/share?text=Equipos%20pedag%C3%B3gicos%20de%20educaci%C3%B3n%20parvularia%20se%20capacitaron%20para%20llevar%20la%20ciencia%20a%20las%20primeras%20edades&#038;url=https:\/\/radiorevelacionfm.cl\/?p=63318' aria-hidden='false' data-av_icon='\ue8f1' data-av_iconfont='entypo-fontello' title='' data-avia-related-tooltip='Compartir en Twitter' rel=\"noopener\"><span class='avia_hidden_link_text'>Compartir en Twitter<\/span><\/a><\/li><li class='av-share-link av-social-link-whatsapp' ><a target=\"_blank\" aria-label=\"Compartir en Whatsapp\" href='https:\/\/api.whatsapp.com\/send?text=https:\/\/radiorevelacionfm.cl\/?p=63318' aria-hidden='false' data-av_icon='\uf232' data-av_iconfont='entypo-fontello' title='' data-avia-related-tooltip='Compartir en Whatsapp' rel=\"noopener\"><span class='avia_hidden_link_text'>Compartir en Whatsapp<\/span><\/a><\/li><li class='av-share-link av-social-link-linkedin' ><a target=\"_blank\" aria-label=\"Compartir en LinkedIn\" href='https:\/\/linkedin.com\/shareArticle?mini=true&#038;title=Equipos%20pedag%C3%B3gicos%20de%20educaci%C3%B3n%20parvularia%20se%20capacitaron%20para%20llevar%20la%20ciencia%20a%20las%20primeras%20edades&#038;url=https:\/\/radiorevelacionfm.cl\/?p=63318' aria-hidden='false' data-av_icon='\ue8fc' data-av_iconfont='entypo-fontello' title='' data-avia-related-tooltip='Compartir en LinkedIn' rel=\"noopener\"><span class='avia_hidden_link_text'>Compartir en LinkedIn<\/span><\/a><\/li><li class='av-share-link av-social-link-mail' ><a  aria-label=\"Compartir por correo\" href='mailto:?subject=Equipos%20pedag%C3%B3gicos%20de%20educaci%C3%B3n%20parvularia%20se%20capacitaron%20para%20llevar%20la%20ciencia%20a%20las%20primeras%20edades&#038;body=https:\/\/radiorevelacionfm.cl\/?p=63318' aria-hidden='false' data-av_icon='\ue805' data-av_iconfont='entypo-fontello' title='' data-avia-related-tooltip='Compartir por correo'><span class='avia_hidden_link_text'>Compartir por correo<\/span><\/a><\/li><\/ul><\/div><\/div>\n<div  style='height:50px' class='hr hr-invisible   avia-builder-el-8  el_after_av_social_share  el_before_av_comments_list '><span class='hr-inner ' ><span class='hr-inner-style'><\/span><\/span><\/div>\n<div  class='av-buildercomment  av-blog-meta-html-info-disabled av-blog-meta-tag-disabled  '><\/div>\n","protected":false},"excerpt":{"rendered":"","protected":false},"author":1,"featured_media":63319,"comment_status":"closed","ping_status":"closed","sticky":false,"template":"","format":"standard","meta":{"footnotes":""},"categories":[49],"tags":[],"class_list":["post-63318","post","type-post","status-publish","format-standard","has-post-thumbnail","hentry","category-educacion"],"jetpack_featured_media_url":"https:\/\/radiorevelacionfm.cl\/wp-content\/uploads\/2026\/01\/1-4-1-1.jpg","_links":{"self":[{"href":"https:\/\/radiorevelacionfm.cl\/index.php?rest_route=\/wp\/v2\/posts\/63318","targetHints":{"allow":["GET"]}}],"collection":[{"href":"https:\/\/radiorevelacionfm.cl\/index.php?rest_route=\/wp\/v2\/posts"}],"about":[{"href":"https:\/\/radiorevelacionfm.cl\/index.php?rest_route=\/wp\/v2\/types\/post"}],"author":[{"embeddable":true,"href":"https:\/\/radiorevelacionfm.cl\/index.php?rest_route=\/wp\/v2\/users\/1"}],"replies":[{"embeddable":true,"href":"https:\/\/radiorevelacionfm.cl\/index.php?rest_route=%2Fwp%2Fv2%2Fcomments&post=63318"}],"version-history":[{"count":2,"href":"https:\/\/radiorevelacionfm.cl\/index.php?rest_route=\/wp\/v2\/posts\/63318\/revisions"}],"predecessor-version":[{"id":63321,"href":"https:\/\/radiorevelacionfm.cl\/index.php?rest_route=\/wp\/v2\/posts\/63318\/revisions\/63321"}],"wp:featuredmedia":[{"embeddable":true,"href":"https:\/\/radiorevelacionfm.cl\/index.php?rest_route=\/wp\/v2\/media\/63319"}],"wp:attachment":[{"href":"https:\/\/radiorevelacionfm.cl\/index.php?rest_route=%2Fwp%2Fv2%2Fmedia&parent=63318"}],"wp:term":[{"taxonomy":"category","embeddable":true,"href":"https:\/\/radiorevelacionfm.cl\/index.php?rest_route=%2Fwp%2Fv2%2Fcategories&post=63318"},{"taxonomy":"post_tag","embeddable":true,"href":"https:\/\/radiorevelacionfm.cl\/index.php?rest_route=%2Fwp%2Fv2%2Ftags&post=63318"}],"curies":[{"name":"wp","href":"https:\/\/api.w.org\/{rel}","templated":true}]}}