{"id":63311,"date":"2026-01-14T17:29:53","date_gmt":"2026-01-14T20:29:53","guid":{"rendered":"https:\/\/radiorevelacionfm.cl\/?p=63311"},"modified":"2026-01-14T17:29:53","modified_gmt":"2026-01-14T20:29:53","slug":"mall-comercio-e-industrias-nacionales-segunda-etapa-del-plan-de-desarrollo-economico-de-coyhaique","status":"publish","type":"post","link":"https:\/\/radiorevelacionfm.cl\/?p=63311","title":{"rendered":"Mall, comercio e industrias nacionales: segunda etapa del Plan de Desarrollo Econ\u00f3mico de Coyhaique"},"content":{"rendered":"<div class=\"flex_column av_one_full  flex_column_div av-zero-column-padding first  avia-builder-el-0  el_before_av_one_full  avia-builder-el-first  \" style='border-radius:0px; '><div  class='avia-image-container  av-styling-    avia-builder-el-1  avia-builder-el-no-sibling  avia-align-center '  itemprop=\"image\" itemscope=\"itemscope\" itemtype=\"https:\/\/schema.org\/ImageObject\"  ><div class='avia-image-container-inner'><div class='avia-image-overlay-wrap'><img decoding=\"async\" class='wp-image-63312 avia-img-lazy-loading-not-63312 avia_image' src=\"https:\/\/radiorevelacionfm.cl\/wp-content\/uploads\/2026\/01\/del-2-1_optimized.jpeg\" alt='' title='del-2-(1)_optimized' height=\"600\" width=\"800\"  itemprop=\"thumbnailUrl\" srcset=\"https:\/\/radiorevelacionfm.cl\/wp-content\/uploads\/2026\/01\/del-2-1_optimized.jpeg 800w, https:\/\/radiorevelacionfm.cl\/wp-content\/uploads\/2026\/01\/del-2-1_optimized-300x225.jpeg 300w, https:\/\/radiorevelacionfm.cl\/wp-content\/uploads\/2026\/01\/del-2-1_optimized-768x576.jpeg 768w, https:\/\/radiorevelacionfm.cl\/wp-content\/uploads\/2026\/01\/del-2-1_optimized-705x529.jpeg 705w, https:\/\/radiorevelacionfm.cl\/wp-content\/uploads\/2026\/01\/del-2-1_optimized-450x338.jpeg 450w, https:\/\/radiorevelacionfm.cl\/wp-content\/uploads\/2026\/01\/del-2-1_optimized-600x450.jpeg 600w\" sizes=\"(max-width: 800px) 100vw, 800px\" \/><\/div><\/div><\/div><\/div><div class=\"flex_column av_one_full  flex_column_div av-zero-column-padding first  avia-builder-el-2  el_after_av_one_full  el_before_av_one_full  column-top-margin\" style='border-radius:0px; '><section class=\"av_textblock_section \"  itemscope=\"itemscope\" itemtype=\"https:\/\/schema.org\/BlogPosting\" itemprop=\"blogPost\" ><div class='avia_textblock  '   itemprop=\"text\" ><p style=\"text-align: center;\"><strong><span style=\"font-size: 18pt;\">Mall, comercio e industrias nacionales: segunda etapa del Plan de Desarrollo Econ\u00f3mico de Coyhaique<\/span><\/strong><\/p>\n<div id=\"gtx-trans\" style=\"position: absolute; left: -50px; top: 4.31534px;\">\n<div class=\"gtx-trans-icon\"><\/div>\n<\/div>\n<\/div><\/section><\/div><div class=\"flex_column av_one_full  flex_column_div av-zero-column-padding first  avia-builder-el-4  el_after_av_one_full  el_before_av_hr  column-top-margin\" style='border-radius:0px; '><section class=\"av_textblock_section \"  itemscope=\"itemscope\" itemtype=\"https:\/\/schema.org\/BlogPosting\" itemprop=\"blogPost\" ><div class='avia_textblock  '   itemprop=\"text\" ><p style=\"text-align: justify;\">La Municipalidad de Coyhaique se encuentra desarrollando actualmente la segunda etapa de su Plan de Desarrollo Economico Local. La primera etapa cont\u00f3 en el posicionamiento del emprendimiento local y artesan\u00edas en otros mercados nacionales e internacionales, sumado a transferencia tecnol\u00f3gica y conocimiento de los emprendedores, empresarios y prestadores de servicios tur\u00edsticos de la Capital Regional.<\/p>\n<p style=\"text-align: justify;\">En esta segunda etapa lo que busca el municipio y en lo que se est\u00e1 trabajando actualmente, es una estrategia de largo plazo que busca diversificar la matriz productiva, generar empleo de calidad y posicionar a Coyhaique como una capital regional moderna, atractiva para la inversi\u00f3n, el turismo y la vida familiar. Todo esto mientras se sigue avanzando en fortalecer el comercio local y su posicionamiento en chile y el mundo.<\/p>\n<p style=\"text-align: justify;\">El plan se sustenta en una intensa agenda de trabajo encabezada por el Alcalde Carlos Gatica Villegas, en la capital de nuestro pa\u00eds, orientada a apalancar inversi\u00f3n privada, diversificar la base econ\u00f3mica y productiva de la comuna y proyectar a Coyhaique como una ciudad con mayores oportunidades, capaz de retener consumo, atraer nuevos habitantes y consolidarse como puerta de entrada a la Patagonia.<\/p>\n<p style=\"text-align: justify;\">En ese marco, el municipio ha sostenido m\u00faltiples reuniones estrat\u00e9gicas para concretar la llegada de tiendas nacionales, retail e industrias, as\u00ed como para avanzar en la posibilidad de contar con un mall, infraestructura largamente esperada por la comunidad y clave para el fortalecimiento del comercio local y el empleo formal.<\/p>\n<p style=\"text-align: justify;\">En este sentido, el Alcalde Gatica mencion\u00f3 que \u201cel desarrollo econ\u00f3mico no ocurre por casualidad. Hemos tomado la decisi\u00f3n pol\u00edtica de ir a buscar inversi\u00f3n, de sentarnos con el mundo privado y decir con fuerza que Coyhaique est\u00e1 preparada para crecer y para recibir proyectos de escala nacional\u201d.<\/p>\n<p style=\"text-align: justify;\">A juicio del Alcalde, lo que se pretende con esta b\u00fasqueda de inversi\u00f3n, es que las familias coyhaiquinas puedan tener mayores oportunidades laborales m\u00e1s servicios y mejor calidad de vida.<\/p>\n<p style=\"text-align: justify;\">Adem\u00e1s, record\u00f3 que \u201cDurante esta administraci\u00f3n logramos concretar la creaci\u00f3n de una Corporaci\u00f3n Municipal de Desarrollo, que nos permitir\u00e1 integrar al mundo empresarial a la base productiva local, ordenar la inversi\u00f3n y asegurar que el crecimiento tenga impacto real en el empleo y en la econom\u00eda de nuestros vecinos y vecinas\u201d.<\/p>\n<p style=\"text-align: justify;\">Asimismo, se avanza en un trabajo conjunto con la C\u00e1mara Chilena de la Construcci\u00f3n para dise\u00f1ar un modelo de concesiones que permita desarrollar un nuevo edificio consistorial, integrado a oficinas, tiendas y servicios, transform\u00e1ndolo en un polo de actividad urbana, econ\u00f3mica y c\u00edvica.<\/p>\n<p style=\"text-align: justify;\">Desde el municipio recalcaron que este plan responde a una visi\u00f3n de ciudad clara y a una convicci\u00f3n pol\u00edtica firme: diversificar la econom\u00eda, atraer inversi\u00f3n responsable y construir una capital regional con futuro.<\/p>\n<\/div><\/section><\/div><div  style='height:50px' class='hr hr-invisible   avia-builder-el-6  el_after_av_one_full  el_before_av_social_share '><span class='hr-inner ' ><span class='hr-inner-style'><\/span><\/span><\/div><\/p>\n<div  class='av-social-sharing-box  avia-builder-el-7  el_after_av_hr  el_before_av_hr  '><div class='av-share-box'><h5 class='av-share-link-description av-no-toc '>Compartir esta noticia<\/h5><ul class='av-share-box-list noLightbox'><li class='av-share-link av-social-link-facebook' ><a target=\"_blank\" aria-label=\"Compartir en Facebook\" href='https:\/\/www.facebook.com\/sharer.php?u=https:\/\/radiorevelacionfm.cl\/?p=63311&#038;t=Mall%2C%20comercio%20e%20industrias%20nacionales%3A%20segunda%20etapa%20del%20Plan%20de%20Desarrollo%20Econ%C3%B3mico%20de%20Coyhaique' aria-hidden='false' data-av_icon='\ue8f3' data-av_iconfont='entypo-fontello' title='' data-avia-related-tooltip='Compartir en Facebook' rel=\"noopener\"><span class='avia_hidden_link_text'>Compartir en Facebook<\/span><\/a><\/li><li class='av-share-link av-social-link-twitter' ><a target=\"_blank\" aria-label=\"Compartir en Twitter\" href='https:\/\/twitter.com\/share?text=Mall%2C%20comercio%20e%20industrias%20nacionales%3A%20segunda%20etapa%20del%20Plan%20de%20Desarrollo%20Econ%C3%B3mico%20de%20Coyhaique&#038;url=https:\/\/radiorevelacionfm.cl\/?p=63311' aria-hidden='false' data-av_icon='\ue8f1' data-av_iconfont='entypo-fontello' title='' data-avia-related-tooltip='Compartir en Twitter' rel=\"noopener\"><span class='avia_hidden_link_text'>Compartir en Twitter<\/span><\/a><\/li><li class='av-share-link av-social-link-whatsapp' ><a target=\"_blank\" aria-label=\"Compartir en Whatsapp\" href='https:\/\/api.whatsapp.com\/send?text=https:\/\/radiorevelacionfm.cl\/?p=63311' aria-hidden='false' data-av_icon='\uf232' data-av_iconfont='entypo-fontello' title='' data-avia-related-tooltip='Compartir en Whatsapp' rel=\"noopener\"><span class='avia_hidden_link_text'>Compartir en Whatsapp<\/span><\/a><\/li><li class='av-share-link av-social-link-linkedin' ><a target=\"_blank\" aria-label=\"Compartir en LinkedIn\" href='https:\/\/linkedin.com\/shareArticle?mini=true&#038;title=Mall%2C%20comercio%20e%20industrias%20nacionales%3A%20segunda%20etapa%20del%20Plan%20de%20Desarrollo%20Econ%C3%B3mico%20de%20Coyhaique&#038;url=https:\/\/radiorevelacionfm.cl\/?p=63311' aria-hidden='false' data-av_icon='\ue8fc' data-av_iconfont='entypo-fontello' title='' data-avia-related-tooltip='Compartir en LinkedIn' rel=\"noopener\"><span class='avia_hidden_link_text'>Compartir en LinkedIn<\/span><\/a><\/li><li class='av-share-link av-social-link-mail' ><a  aria-label=\"Compartir por correo\" href='mailto:?subject=Mall%2C%20comercio%20e%20industrias%20nacionales%3A%20segunda%20etapa%20del%20Plan%20de%20Desarrollo%20Econ%C3%B3mico%20de%20Coyhaique&#038;body=https:\/\/radiorevelacionfm.cl\/?p=63311' aria-hidden='false' data-av_icon='\ue805' data-av_iconfont='entypo-fontello' title='' data-avia-related-tooltip='Compartir por correo'><span class='avia_hidden_link_text'>Compartir por correo<\/span><\/a><\/li><\/ul><\/div><\/div>\n<div  style='height:50px' class='hr hr-invisible   avia-builder-el-8  el_after_av_social_share  el_before_av_comments_list '><span class='hr-inner ' ><span class='hr-inner-style'><\/span><\/span><\/div>\n<div  class='av-buildercomment  av-blog-meta-html-info-disabled av-blog-meta-tag-disabled  '><\/div>\n","protected":false},"excerpt":{"rendered":"","protected":false},"author":1,"featured_media":63312,"comment_status":"closed","ping_status":"closed","sticky":false,"template":"","format":"standard","meta":{"footnotes":""},"categories":[38],"tags":[],"class_list":["post-63311","post","type-post","status-publish","format-standard","has-post-thumbnail","hentry","category-regional"],"jetpack_featured_media_url":"https:\/\/radiorevelacionfm.cl\/wp-content\/uploads\/2026\/01\/del-2-1_optimized.jpeg","_links":{"self":[{"href":"https:\/\/radiorevelacionfm.cl\/index.php?rest_route=\/wp\/v2\/posts\/63311","targetHints":{"allow":["GET"]}}],"collection":[{"href":"https:\/\/radiorevelacionfm.cl\/index.php?rest_route=\/wp\/v2\/posts"}],"about":[{"href":"https:\/\/radiorevelacionfm.cl\/index.php?rest_route=\/wp\/v2\/types\/post"}],"author":[{"embeddable":true,"href":"https:\/\/radiorevelacionfm.cl\/index.php?rest_route=\/wp\/v2\/users\/1"}],"replies":[{"embeddable":true,"href":"https:\/\/radiorevelacionfm.cl\/index.php?rest_route=%2Fwp%2Fv2%2Fcomments&post=63311"}],"version-history":[{"count":2,"href":"https:\/\/radiorevelacionfm.cl\/index.php?rest_route=\/wp\/v2\/posts\/63311\/revisions"}],"predecessor-version":[{"id":63314,"href":"https:\/\/radiorevelacionfm.cl\/index.php?rest_route=\/wp\/v2\/posts\/63311\/revisions\/63314"}],"wp:featuredmedia":[{"embeddable":true,"href":"https:\/\/radiorevelacionfm.cl\/index.php?rest_route=\/wp\/v2\/media\/63312"}],"wp:attachment":[{"href":"https:\/\/radiorevelacionfm.cl\/index.php?rest_route=%2Fwp%2Fv2%2Fmedia&parent=63311"}],"wp:term":[{"taxonomy":"category","embeddable":true,"href":"https:\/\/radiorevelacionfm.cl\/index.php?rest_route=%2Fwp%2Fv2%2Fcategories&post=63311"},{"taxonomy":"post_tag","embeddable":true,"href":"https:\/\/radiorevelacionfm.cl\/index.php?rest_route=%2Fwp%2Fv2%2Ftags&post=63311"}],"curies":[{"name":"wp","href":"https:\/\/api.w.org\/{rel}","templated":true}]}}