{"id":6331,"date":"2021-07-15T19:11:39","date_gmt":"2021-07-15T22:11:39","guid":{"rendered":"https:\/\/radiorevelacionfm.cl\/?p=6331"},"modified":"2021-07-15T19:11:39","modified_gmt":"2021-07-15T22:11:39","slug":"anuncian-modificacion-en-el-horario-de-toque-de-queda-para-la-region-de-aysen","status":"publish","type":"post","link":"https:\/\/radiorevelacionfm.cl\/?p=6331","title":{"rendered":"Anuncian modificaci\u00f3n en el horario de toque de queda para la regi\u00f3n de Ays\u00e9n"},"content":{"rendered":"<div class=\"flex_column av_one_full  flex_column_div av-zero-column-padding first  avia-builder-el-0  el_before_av_one_full  avia-builder-el-first  \" style='border-radius:0px; '><div  class='avia-image-container  av-styling-    avia-builder-el-1  avia-builder-el-no-sibling  avia-align-center '  itemprop=\"image\" itemscope=\"itemscope\" itemtype=\"https:\/\/schema.org\/ImageObject\"  ><div class='avia-image-container-inner'><div class='avia-image-overlay-wrap'><img decoding=\"async\" class='wp-image-6332 avia-img-lazy-loading-not-6332 avia_image' src=\"https:\/\/radiorevelacionfm.cl\/wp-content\/uploads\/2021\/07\/Control-covid-PDI-Aysen-1.jpeg\" alt='' title='Control-covid-PDI-Ays\u00e9n (1)' height=\"600\" width=\"867\"  itemprop=\"thumbnailUrl\" srcset=\"https:\/\/radiorevelacionfm.cl\/wp-content\/uploads\/2021\/07\/Control-covid-PDI-Aysen-1.jpeg 867w, https:\/\/radiorevelacionfm.cl\/wp-content\/uploads\/2021\/07\/Control-covid-PDI-Aysen-1-300x208.jpeg 300w, https:\/\/radiorevelacionfm.cl\/wp-content\/uploads\/2021\/07\/Control-covid-PDI-Aysen-1-768x531.jpeg 768w, https:\/\/radiorevelacionfm.cl\/wp-content\/uploads\/2021\/07\/Control-covid-PDI-Aysen-1-705x488.jpeg 705w, https:\/\/radiorevelacionfm.cl\/wp-content\/uploads\/2021\/07\/Control-covid-PDI-Aysen-1-600x415.jpeg 600w\" sizes=\"(max-width: 867px) 100vw, 867px\" \/><\/div><\/div><\/div><\/div><div class=\"flex_column av_one_full  flex_column_div av-zero-column-padding first  avia-builder-el-2  el_after_av_one_full  el_before_av_one_full  column-top-margin\" style='border-radius:0px; '><section class=\"av_textblock_section \"  itemscope=\"itemscope\" itemtype=\"https:\/\/schema.org\/BlogPosting\" itemprop=\"blogPost\" ><div class='avia_textblock  '   itemprop=\"text\" ><p style=\"text-align: center;\"><strong><span style=\"font-size: 18pt;\">Anuncian modificaci\u00f3n en el horario de toque de queda para la regi\u00f3n de Ays\u00e9n<\/span><\/strong><\/p>\n<div id=\"gtx-trans\" style=\"position: absolute; left: -50px; top: 4.31534px;\">\n<div class=\"gtx-trans-icon\"><\/div>\n<\/div>\n<\/div><\/section><\/div><div class=\"flex_column av_one_full  flex_column_div av-zero-column-padding first  avia-builder-el-4  el_after_av_one_full  el_before_av_hr  column-top-margin\" style='border-radius:0px; '><section class=\"av_textblock_section \"  itemscope=\"itemscope\" itemtype=\"https:\/\/schema.org\/BlogPosting\" itemprop=\"blogPost\" ><div class='avia_textblock  '   itemprop=\"text\" ><p style=\"text-align: justify;\">En el \u00faltimo informe Covid del Ministerio de Salud, el Gobierno anunci\u00f3 \u2013 a trav\u00e9s de la subsecretaria de Prevenci\u00f3n del Delito Katherine Martorell \u2013 que el horario del toque de queda para la regi\u00f3n de Ays\u00e9n se acortara entre las 00.00 hrs y las 05.00 hrs a contar ma\u00f1ana viernes.<\/p>\n<p style=\"text-align: justify;\">Como era de esperarse la noticia fue muy bien recibida en la regi\u00f3n y sus autoridades, y que explican se deben a las constantes bajas en la cifras de positividad y casos activos por Covid-19.<\/p>\n<p style=\"text-align: justify;\">\u201cEstamos muy contentos a ra\u00edz de la noticia que hemos recibido del Ministerio de Salud en lo que se refiere al horario del toque de queda. Este d\u00eda viernes 16 va a cambiar el horario del toque de queda; es una excelente noticia y tiene que ver con nuestro importante porcentaje de vacunaci\u00f3n de un 89% en segunda dosis y un 94% en primera dosis, pero por sobre todo tiene que ver con el esfuerzo regional que han hecho cada uno de ustedes para cuidarse, resguardarse y para as\u00ed propender a que la positividad regional vaya disminuyendo\u201d, explic\u00f3 la Delegada Margarita Ossa Rojas.<\/p>\n<p style=\"text-align: justify;\">En esa misma l\u00ednea, la autoridad regional llam\u00f3 a la poblaci\u00f3n a continuar resguard\u00e1ndose del virus, el cual \u201choy d\u00eda tenemos 147 casos activos y debemos disminuir m\u00e1s para poder seguir avanzando en esta apertura que ha tenido el Plan Paso, tener una mayor libertad que est\u00e1 aparejada con una mayor responsabilidad. Sigamos en esa senda para seguir teniendo muy buenas noticias\u201d, dijo.<\/p>\n<p style=\"text-align: justify;\">Por su parte, desde la seremi de Salud de la regi\u00f3n de Ays\u00e9n, Alejandra Valdebenito explic\u00f3 que \u201cla extensi\u00f3n en el horario de toque de queda permitir\u00e1 un alivio a nuestra comunidad, y especialmente al sector gastron\u00f3mico regional\u201d agregando acto seguido que \u201csin embargo, para seguir avanzando en este proceso, debemos ser responsables en los aforos permitidos y en el resguardo de las medidas sanitarias, porque ser\u00e1 nuestro propio comportamiento el que se refleje en las cifras epidemiol\u00f3gicas de las pr\u00f3ximas semanas, donde estoy segura que todos esperamos avanzar hacia un mayor desconfinamiento\u00bb.<\/p>\n<\/div><\/section><\/div><div  style='height:50px' class='hr hr-invisible   avia-builder-el-6  el_after_av_one_full  el_before_av_social_share '><span class='hr-inner ' ><span class='hr-inner-style'><\/span><\/span><\/div><\/p>\n<div  class='av-social-sharing-box  avia-builder-el-7  el_after_av_hr  el_before_av_hr  '><div class='av-share-box'><h5 class='av-share-link-description av-no-toc '>Compartir esta noticia<\/h5><ul class='av-share-box-list noLightbox'><li class='av-share-link av-social-link-facebook' ><a target=\"_blank\" aria-label=\"Compartir en Facebook\" href='https:\/\/www.facebook.com\/sharer.php?u=https:\/\/radiorevelacionfm.cl\/?p=6331&#038;t=Anuncian%20modificaci%C3%B3n%20en%20el%20horario%20de%20toque%20de%20queda%20para%20la%20regi%C3%B3n%20de%20Ays%C3%A9n' aria-hidden='false' data-av_icon='\ue8f3' data-av_iconfont='entypo-fontello' title='' data-avia-related-tooltip='Compartir en Facebook' rel=\"noopener\"><span class='avia_hidden_link_text'>Compartir en Facebook<\/span><\/a><\/li><li class='av-share-link av-social-link-twitter' ><a target=\"_blank\" aria-label=\"Compartir en Twitter\" href='https:\/\/twitter.com\/share?text=Anuncian%20modificaci%C3%B3n%20en%20el%20horario%20de%20toque%20de%20queda%20para%20la%20regi%C3%B3n%20de%20Ays%C3%A9n&#038;url=https:\/\/radiorevelacionfm.cl\/?p=6331' aria-hidden='false' data-av_icon='\ue8f1' data-av_iconfont='entypo-fontello' title='' data-avia-related-tooltip='Compartir en Twitter' rel=\"noopener\"><span class='avia_hidden_link_text'>Compartir en Twitter<\/span><\/a><\/li><li class='av-share-link av-social-link-whatsapp' ><a target=\"_blank\" aria-label=\"Compartir en Whatsapp\" href='https:\/\/api.whatsapp.com\/send?text=https:\/\/radiorevelacionfm.cl\/?p=6331' aria-hidden='false' data-av_icon='\uf232' data-av_iconfont='entypo-fontello' title='' data-avia-related-tooltip='Compartir en Whatsapp' rel=\"noopener\"><span class='avia_hidden_link_text'>Compartir en Whatsapp<\/span><\/a><\/li><li class='av-share-link av-social-link-linkedin' ><a target=\"_blank\" aria-label=\"Compartir en LinkedIn\" href='https:\/\/linkedin.com\/shareArticle?mini=true&#038;title=Anuncian%20modificaci%C3%B3n%20en%20el%20horario%20de%20toque%20de%20queda%20para%20la%20regi%C3%B3n%20de%20Ays%C3%A9n&#038;url=https:\/\/radiorevelacionfm.cl\/?p=6331' aria-hidden='false' data-av_icon='\ue8fc' data-av_iconfont='entypo-fontello' title='' data-avia-related-tooltip='Compartir en LinkedIn' rel=\"noopener\"><span class='avia_hidden_link_text'>Compartir en LinkedIn<\/span><\/a><\/li><li class='av-share-link av-social-link-mail' ><a  aria-label=\"Compartir por correo\" href='mailto:?subject=Anuncian%20modificaci%C3%B3n%20en%20el%20horario%20de%20toque%20de%20queda%20para%20la%20regi%C3%B3n%20de%20Ays%C3%A9n&#038;body=https:\/\/radiorevelacionfm.cl\/?p=6331' aria-hidden='false' data-av_icon='\ue805' data-av_iconfont='entypo-fontello' title='' data-avia-related-tooltip='Compartir por correo'><span class='avia_hidden_link_text'>Compartir por correo<\/span><\/a><\/li><\/ul><\/div><\/div>\n<div  style='height:50px' class='hr hr-invisible   avia-builder-el-8  el_after_av_social_share  el_before_av_comments_list '><span class='hr-inner ' ><span class='hr-inner-style'><\/span><\/span><\/div>\n<div  class='av-buildercomment  av-blog-meta-html-info-disabled av-blog-meta-tag-disabled  '><\/div>\n","protected":false},"excerpt":{"rendered":"","protected":false},"author":1,"featured_media":6332,"comment_status":"open","ping_status":"open","sticky":false,"template":"","format":"standard","meta":{"footnotes":""},"categories":[38],"tags":[],"class_list":["post-6331","post","type-post","status-publish","format-standard","has-post-thumbnail","hentry","category-regional"],"jetpack_featured_media_url":"https:\/\/radiorevelacionfm.cl\/wp-content\/uploads\/2021\/07\/Control-covid-PDI-Aysen-1.jpeg","_links":{"self":[{"href":"https:\/\/radiorevelacionfm.cl\/index.php?rest_route=\/wp\/v2\/posts\/6331","targetHints":{"allow":["GET"]}}],"collection":[{"href":"https:\/\/radiorevelacionfm.cl\/index.php?rest_route=\/wp\/v2\/posts"}],"about":[{"href":"https:\/\/radiorevelacionfm.cl\/index.php?rest_route=\/wp\/v2\/types\/post"}],"author":[{"embeddable":true,"href":"https:\/\/radiorevelacionfm.cl\/index.php?rest_route=\/wp\/v2\/users\/1"}],"replies":[{"embeddable":true,"href":"https:\/\/radiorevelacionfm.cl\/index.php?rest_route=%2Fwp%2Fv2%2Fcomments&post=6331"}],"version-history":[{"count":1,"href":"https:\/\/radiorevelacionfm.cl\/index.php?rest_route=\/wp\/v2\/posts\/6331\/revisions"}],"predecessor-version":[{"id":6333,"href":"https:\/\/radiorevelacionfm.cl\/index.php?rest_route=\/wp\/v2\/posts\/6331\/revisions\/6333"}],"wp:featuredmedia":[{"embeddable":true,"href":"https:\/\/radiorevelacionfm.cl\/index.php?rest_route=\/wp\/v2\/media\/6332"}],"wp:attachment":[{"href":"https:\/\/radiorevelacionfm.cl\/index.php?rest_route=%2Fwp%2Fv2%2Fmedia&parent=6331"}],"wp:term":[{"taxonomy":"category","embeddable":true,"href":"https:\/\/radiorevelacionfm.cl\/index.php?rest_route=%2Fwp%2Fv2%2Fcategories&post=6331"},{"taxonomy":"post_tag","embeddable":true,"href":"https:\/\/radiorevelacionfm.cl\/index.php?rest_route=%2Fwp%2Fv2%2Ftags&post=6331"}],"curies":[{"name":"wp","href":"https:\/\/api.w.org\/{rel}","templated":true}]}}