{"id":63298,"date":"2026-01-14T16:10:18","date_gmt":"2026-01-14T19:10:18","guid":{"rendered":"https:\/\/radiorevelacionfm.cl\/?p=63298"},"modified":"2026-01-14T16:10:18","modified_gmt":"2026-01-14T19:10:18","slug":"con-intensa-parrilla-programatica-continua-celebracion-del-98-aniversario-de-puerto-aysen","status":"publish","type":"post","link":"https:\/\/radiorevelacionfm.cl\/?p=63298","title":{"rendered":"Con intensa parrilla program\u00e1tica contin\u00faa celebraci\u00f3n del 98 aniversario de Puerto Ays\u00e9n"},"content":{"rendered":"<div class=\"flex_column av_one_full  flex_column_div av-zero-column-padding first  avia-builder-el-0  el_before_av_one_full  avia-builder-el-first  \" style='border-radius:0px; '><div  class='avia-image-container  av-styling-    avia-builder-el-1  avia-builder-el-no-sibling  avia-align-center '  itemprop=\"image\" itemscope=\"itemscope\" itemtype=\"https:\/\/schema.org\/ImageObject\"  ><div class='avia-image-container-inner'><div class='avia-image-overlay-wrap'><img decoding=\"async\" class='wp-image-63299 avia-img-lazy-loading-not-63299 avia_image' src=\"https:\/\/radiorevelacionfm.cl\/wp-content\/uploads\/2026\/01\/com0126-2_optimized-1.jpg\" alt='' title='_com0126-(2)_optimized (1)' height=\"600\" width=\"1255\"  itemprop=\"thumbnailUrl\" srcset=\"https:\/\/radiorevelacionfm.cl\/wp-content\/uploads\/2026\/01\/com0126-2_optimized-1.jpg 1255w, https:\/\/radiorevelacionfm.cl\/wp-content\/uploads\/2026\/01\/com0126-2_optimized-1-300x143.jpg 300w, https:\/\/radiorevelacionfm.cl\/wp-content\/uploads\/2026\/01\/com0126-2_optimized-1-1030x492.jpg 1030w, https:\/\/radiorevelacionfm.cl\/wp-content\/uploads\/2026\/01\/com0126-2_optimized-1-768x367.jpg 768w, https:\/\/radiorevelacionfm.cl\/wp-content\/uploads\/2026\/01\/com0126-2_optimized-1-705x337.jpg 705w, https:\/\/radiorevelacionfm.cl\/wp-content\/uploads\/2026\/01\/com0126-2_optimized-1-450x215.jpg 450w, https:\/\/radiorevelacionfm.cl\/wp-content\/uploads\/2026\/01\/com0126-2_optimized-1-600x287.jpg 600w\" sizes=\"(max-width: 1255px) 100vw, 1255px\" \/><\/div><\/div><\/div><\/div><div class=\"flex_column av_one_full  flex_column_div av-zero-column-padding first  avia-builder-el-2  el_after_av_one_full  el_before_av_one_full  column-top-margin\" style='border-radius:0px; '><section class=\"av_textblock_section \"  itemscope=\"itemscope\" itemtype=\"https:\/\/schema.org\/BlogPosting\" itemprop=\"blogPost\" ><div class='avia_textblock  '   itemprop=\"text\" ><p style=\"text-align: center;\"><strong><span style=\"font-size: 18pt;\">Con intensa parrilla program\u00e1tica contin\u00faa celebraci\u00f3n del 98 aniversario de Puerto Ays\u00e9n<\/span><\/strong><\/p>\n<div id=\"gtx-trans\" style=\"position: absolute; left: -50px; top: 4.31534px;\">\n<div class=\"gtx-trans-icon\"><\/div>\n<\/div>\n<\/div><\/section><\/div><div class=\"flex_column av_one_full  flex_column_div av-zero-column-padding first  avia-builder-el-4  el_after_av_one_full  el_before_av_hr  column-top-margin\" style='border-radius:0px; '><section class=\"av_textblock_section \"  itemscope=\"itemscope\" itemtype=\"https:\/\/schema.org\/BlogPosting\" itemprop=\"blogPost\" ><div class='avia_textblock  '   itemprop=\"text\" ><p style=\"text-align: justify;\">M\u00fasica, sabores y alegr\u00eda fue la t\u00f3nica de la primera semana del programa de actividades en el marco del 98 aniversario de Puerto Ays\u00e9n. Las que tuvieron como principal escenario el sector Parque Municipal, con el r\u00edo a un costado y las monta\u00f1as de fondo.<\/p>\n<p style=\"text-align: justify;\">Todo comenz\u00f3 el d\u00eda viernes 9 de enero con el certamen de elecci\u00f3n y coronaci\u00f3n de la Reina de Puerto Ays\u00e9n 2026, instancia que congreg\u00f3 a 7 participantes, que luego de su presentaci\u00f3n, desfilaron en pasarela de moda circular y traje de noche, dando muestra de su simpat\u00eda y desplante en esta nueva edici\u00f3n que por vez primera se traslad\u00f3 hasta la ex Isla D\u00edaz.<\/p>\n<p style=\"text-align: justify;\">Previo a la determinaci\u00f3n por parte del jurado, se present\u00f3 la artista nacional Mar\u00eda Jos\u00e9 Quintanilla quien interpret\u00f3 sus mayores \u00e9xitos junto a toda su banda, en un concierto que durante poco m\u00e1s de una hora recorri\u00f3 su larga trayectoria de m\u00e1s de 23 a\u00f1os en la m\u00fasica y la televisi\u00f3n nacional, desde sus inicios en el programa Rojo, Fama Contrafama, hasta hoy que se ha consolidado como una de las int\u00e9rpretes m\u00e1s influyentes y vers\u00e1tiles de Chile.<\/p>\n<p style=\"text-align: justify;\">\u201cDesde que recibimos la noticia de que nos presentar\u00edamos ac\u00e1 estoy muy feliz y contenta. Agradezco a todos mis parientes que vinieron a vernos. Es un privilegio, primero viajar para ac\u00e1, segundo tener la posibilidad de estar con tanta gente cantando tus canciones. Ha sido un hermoso comienzo, este es nuestro primer concierto de la gira 2026, y qu\u00e9 bonito hacerlo con este cari\u00f1o y este recibimiento. Lo dimos todo y espero que sea la primera de muchas ocasiones en este hermoso lugar\u201d, manifest\u00f3 tras bajar del escenario la int\u00e9rprete de \u201cQu\u00e9 culpa tengo yo\u201d, y \u201cLa maleta\u201d, entre otras.<\/p>\n<p style=\"text-align: justify;\">Finalizando la primera jornada se coron\u00f3 como Soberana de Puerto Ays\u00e9n, la joven Mar\u00eda Jos\u00e9 Ruiz, que, adem\u00e1s de la anhelada corona, se llev\u00f3 dos pasajes ida y vuelta a Brasil, gentileza de Agrupays\u00e9n, y la suma de un mill\u00f3n de pesos. La aysenina, adem\u00e1s, fue escogida a trav\u00e9s de las redes sociales como Miss Influencer, llev\u00e1ndose dos pasajes a la Laguna San Rafael, gentileza de la empresa Balko. \u201cLa verdad es que no esperaba recibir tanto apoyo por parte de la comunidad, estoy demasiado feliz. A\u00fan no proceso todo lo que ha pasado, pero s\u00f3lo me resta agradecer profundamente a todas las personas, especialmente a mi familia. Esta ha sido una experiencia muy linda, estoy muy orgullosa y voy a representar lo mejor que pueda a toda la comunidad aysenina\u201d, indic\u00f3 Ruiz C\u00e1rdenas.<\/p>\n<p style=\"text-align: justify;\">Sof\u00eda Santana result\u00f3 elegida como virreina, mientras que Constanza Belmar se qued\u00f3 con la banda de segunda virreina.<\/p>\n<p style=\"text-align: justify;\">El fin de semana continu\u00f3 con la realizaci\u00f3n de la Expo Cerveza, la Feria de Emprendedores y jornadas musicales con la presentaci\u00f3n de bandas locales que llenaron de energ\u00eda los d\u00edas s\u00e1bado y domingo. Adem\u00e1s, de los shows de los \u201cPeregrinos del Amor\u201d y \u201cKoki y su banda tropikal\u201d del d\u00eda s\u00e1bado; y \u201cToly Fu\u201d y el trasandino \u201cLuck Ra\u201d, el d\u00eda domingo; cuyos asistentes, venidos desde diversos puntos de la regi\u00f3n y vecinos argentinos, repletaron el parque municipal.<\/p>\n<p style=\"text-align: justify;\"><strong>PARRILLA DE ACTIVIDADES<\/strong><\/p>\n<p style=\"text-align: justify;\">Para esta segunda semana se espera la realizaci\u00f3n de las actividades Bibliocine y festival de talentos, entre otros. Mientras que para el fin de semana est\u00e1 programado la presentaci\u00f3n de los nacionales Kudai y Francisca Valenzuela; Arte Elegante y Lucky Brown, y una tremenda fiesta el d\u00eda domingo con la presentaci\u00f3n de Sonora 5 Estrellas, Sonora Bar\u00f3n, Sharon y Los Camperos, adem\u00e1s de una nutrida presencia de agrupaciones regionales y locales, reflejando la riqueza musical del territorio.<\/p>\n<p style=\"text-align: justify;\">La fiesta contin\u00faa la pr\u00f3xima semana con \u201cEnerg\u00eda Mayor\u201d, pensada para las personas mayores de la comuna; Feria de las tradiciones, traves\u00eda de kayak NavegAys\u00e9n; toda la melancol\u00eda del retorno de los carros aleg\u00f3ricos; y todo el talento de la escuadrilla de los Halcones de la FACH, en el aer\u00f3dromo CB 1 Juan Rom\u00e1n.<\/p>\n<p style=\"text-align: justify;\">\u201cEst\u00e1n todos cordialmente invitados a ser parte de nuestro cumplea\u00f1os 98, a trav\u00e9s de esta parrilla para todos los gustos, donde esperamos poner en alto el rescate de la identidad local, as\u00ed como la vida en comunidad\u201d, se\u00f1al\u00f3 el alcalde, Luis Mart\u00ednez.<\/p>\n<p style=\"text-align: justify;\">Toda la informaci\u00f3n referente al programa de actividades se encuentra disponible en las redes sociales @muniaysen y el sitio web <a href=\"http:\/\/www.puertoaysen.cl\">www.puertoaysen.cl<\/a>.<\/p>\n<\/div><\/section><\/div><div  style='height:50px' class='hr hr-invisible   avia-builder-el-6  el_after_av_one_full  el_before_av_social_share '><span class='hr-inner ' ><span class='hr-inner-style'><\/span><\/span><\/div><\/p>\n<div  class='av-social-sharing-box  avia-builder-el-7  el_after_av_hr  el_before_av_hr  '><div class='av-share-box'><h5 class='av-share-link-description av-no-toc '>Compartir esta noticia<\/h5><ul class='av-share-box-list noLightbox'><li class='av-share-link av-social-link-facebook' ><a target=\"_blank\" aria-label=\"Compartir en Facebook\" href='https:\/\/www.facebook.com\/sharer.php?u=https:\/\/radiorevelacionfm.cl\/?p=63298&#038;t=Con%20intensa%20parrilla%20program%C3%A1tica%20contin%C3%BAa%20celebraci%C3%B3n%20del%2098%20aniversario%20de%20Puerto%20Ays%C3%A9n' aria-hidden='false' data-av_icon='\ue8f3' data-av_iconfont='entypo-fontello' title='' data-avia-related-tooltip='Compartir en Facebook' rel=\"noopener\"><span class='avia_hidden_link_text'>Compartir en Facebook<\/span><\/a><\/li><li class='av-share-link av-social-link-twitter' ><a target=\"_blank\" aria-label=\"Compartir en Twitter\" href='https:\/\/twitter.com\/share?text=Con%20intensa%20parrilla%20program%C3%A1tica%20contin%C3%BAa%20celebraci%C3%B3n%20del%2098%20aniversario%20de%20Puerto%20Ays%C3%A9n&#038;url=https:\/\/radiorevelacionfm.cl\/?p=63298' aria-hidden='false' data-av_icon='\ue8f1' data-av_iconfont='entypo-fontello' title='' data-avia-related-tooltip='Compartir en Twitter' rel=\"noopener\"><span class='avia_hidden_link_text'>Compartir en Twitter<\/span><\/a><\/li><li class='av-share-link av-social-link-whatsapp' ><a target=\"_blank\" aria-label=\"Compartir en Whatsapp\" href='https:\/\/api.whatsapp.com\/send?text=https:\/\/radiorevelacionfm.cl\/?p=63298' aria-hidden='false' data-av_icon='\uf232' data-av_iconfont='entypo-fontello' title='' data-avia-related-tooltip='Compartir en Whatsapp' rel=\"noopener\"><span class='avia_hidden_link_text'>Compartir en Whatsapp<\/span><\/a><\/li><li class='av-share-link av-social-link-linkedin' ><a target=\"_blank\" aria-label=\"Compartir en LinkedIn\" href='https:\/\/linkedin.com\/shareArticle?mini=true&#038;title=Con%20intensa%20parrilla%20program%C3%A1tica%20contin%C3%BAa%20celebraci%C3%B3n%20del%2098%20aniversario%20de%20Puerto%20Ays%C3%A9n&#038;url=https:\/\/radiorevelacionfm.cl\/?p=63298' aria-hidden='false' data-av_icon='\ue8fc' data-av_iconfont='entypo-fontello' title='' data-avia-related-tooltip='Compartir en LinkedIn' rel=\"noopener\"><span class='avia_hidden_link_text'>Compartir en LinkedIn<\/span><\/a><\/li><li class='av-share-link av-social-link-mail' ><a  aria-label=\"Compartir por correo\" href='mailto:?subject=Con%20intensa%20parrilla%20program%C3%A1tica%20contin%C3%BAa%20celebraci%C3%B3n%20del%2098%20aniversario%20de%20Puerto%20Ays%C3%A9n&#038;body=https:\/\/radiorevelacionfm.cl\/?p=63298' aria-hidden='false' data-av_icon='\ue805' data-av_iconfont='entypo-fontello' title='' data-avia-related-tooltip='Compartir por correo'><span class='avia_hidden_link_text'>Compartir por correo<\/span><\/a><\/li><\/ul><\/div><\/div>\n<div  style='height:50px' class='hr hr-invisible   avia-builder-el-8  el_after_av_social_share  el_before_av_comments_list '><span class='hr-inner ' ><span class='hr-inner-style'><\/span><\/span><\/div>\n<div  class='av-buildercomment  av-blog-meta-html-info-disabled av-blog-meta-tag-disabled  '><\/div>\n","protected":false},"excerpt":{"rendered":"","protected":false},"author":1,"featured_media":63299,"comment_status":"closed","ping_status":"closed","sticky":false,"template":"","format":"standard","meta":{"footnotes":""},"categories":[38],"tags":[],"class_list":["post-63298","post","type-post","status-publish","format-standard","has-post-thumbnail","hentry","category-regional"],"jetpack_featured_media_url":"https:\/\/radiorevelacionfm.cl\/wp-content\/uploads\/2026\/01\/com0126-2_optimized-1.jpg","_links":{"self":[{"href":"https:\/\/radiorevelacionfm.cl\/index.php?rest_route=\/wp\/v2\/posts\/63298","targetHints":{"allow":["GET"]}}],"collection":[{"href":"https:\/\/radiorevelacionfm.cl\/index.php?rest_route=\/wp\/v2\/posts"}],"about":[{"href":"https:\/\/radiorevelacionfm.cl\/index.php?rest_route=\/wp\/v2\/types\/post"}],"author":[{"embeddable":true,"href":"https:\/\/radiorevelacionfm.cl\/index.php?rest_route=\/wp\/v2\/users\/1"}],"replies":[{"embeddable":true,"href":"https:\/\/radiorevelacionfm.cl\/index.php?rest_route=%2Fwp%2Fv2%2Fcomments&post=63298"}],"version-history":[{"count":2,"href":"https:\/\/radiorevelacionfm.cl\/index.php?rest_route=\/wp\/v2\/posts\/63298\/revisions"}],"predecessor-version":[{"id":63301,"href":"https:\/\/radiorevelacionfm.cl\/index.php?rest_route=\/wp\/v2\/posts\/63298\/revisions\/63301"}],"wp:featuredmedia":[{"embeddable":true,"href":"https:\/\/radiorevelacionfm.cl\/index.php?rest_route=\/wp\/v2\/media\/63299"}],"wp:attachment":[{"href":"https:\/\/radiorevelacionfm.cl\/index.php?rest_route=%2Fwp%2Fv2%2Fmedia&parent=63298"}],"wp:term":[{"taxonomy":"category","embeddable":true,"href":"https:\/\/radiorevelacionfm.cl\/index.php?rest_route=%2Fwp%2Fv2%2Fcategories&post=63298"},{"taxonomy":"post_tag","embeddable":true,"href":"https:\/\/radiorevelacionfm.cl\/index.php?rest_route=%2Fwp%2Fv2%2Ftags&post=63298"}],"curies":[{"name":"wp","href":"https:\/\/api.w.org\/{rel}","templated":true}]}}