{"id":63294,"date":"2026-01-14T14:37:12","date_gmt":"2026-01-14T17:37:12","guid":{"rendered":"https:\/\/radiorevelacionfm.cl\/?p=63294"},"modified":"2026-01-14T14:37:12","modified_gmt":"2026-01-14T17:37:12","slug":"coyhaique-fiscalia-formalizo-investigacion-en-contra-del-diputado-calisto-y-otros-3-imputados-por-presunto-fraude-al-fisco","status":"publish","type":"post","link":"https:\/\/radiorevelacionfm.cl\/?p=63294","title":{"rendered":"Coyhaique: Fiscal\u00eda formaliz\u00f3 investigaci\u00f3n en contra del diputado Calisto y otros 3 imputados por presunto fraude al fisco"},"content":{"rendered":"<div class=\"flex_column av_one_full  flex_column_div av-zero-column-padding first  avia-builder-el-0  el_before_av_one_full  avia-builder-el-first  \" style='border-radius:0px; '><div  class='avia-image-container  av-styling-    avia-builder-el-1  avia-builder-el-no-sibling  avia-align-center '  itemprop=\"image\" itemscope=\"itemscope\" itemtype=\"https:\/\/schema.org\/ImageObject\"  ><div class='avia-image-container-inner'><div class='avia-image-overlay-wrap'><img decoding=\"async\" class='wp-image-63295 avia-img-lazy-loading-not-63295 avia_image' src=\"https:\/\/radiorevelacionfm.cl\/wp-content\/uploads\/2026\/01\/3-2026-01-14t142919_optimized.348-1.jpg\" alt='' title='3---2026-01-14t142919_optimized.348-(1)' height=\"600\" width=\"911\"  itemprop=\"thumbnailUrl\" srcset=\"https:\/\/radiorevelacionfm.cl\/wp-content\/uploads\/2026\/01\/3-2026-01-14t142919_optimized.348-1.jpg 911w, https:\/\/radiorevelacionfm.cl\/wp-content\/uploads\/2026\/01\/3-2026-01-14t142919_optimized.348-1-300x198.jpg 300w, https:\/\/radiorevelacionfm.cl\/wp-content\/uploads\/2026\/01\/3-2026-01-14t142919_optimized.348-1-768x506.jpg 768w, https:\/\/radiorevelacionfm.cl\/wp-content\/uploads\/2026\/01\/3-2026-01-14t142919_optimized.348-1-705x464.jpg 705w, https:\/\/radiorevelacionfm.cl\/wp-content\/uploads\/2026\/01\/3-2026-01-14t142919_optimized.348-1-450x296.jpg 450w, https:\/\/radiorevelacionfm.cl\/wp-content\/uploads\/2026\/01\/3-2026-01-14t142919_optimized.348-1-600x395.jpg 600w\" sizes=\"(max-width: 911px) 100vw, 911px\" \/><\/div><\/div><\/div><\/div><div class=\"flex_column av_one_full  flex_column_div av-zero-column-padding first  avia-builder-el-2  el_after_av_one_full  el_before_av_one_full  column-top-margin\" style='border-radius:0px; '><section class=\"av_textblock_section \"  itemscope=\"itemscope\" itemtype=\"https:\/\/schema.org\/BlogPosting\" itemprop=\"blogPost\" ><div class='avia_textblock  '   itemprop=\"text\" ><p style=\"text-align: center;\"><strong><span style=\"font-size: 18pt;\">Coyhaique: Fiscal\u00eda formaliz\u00f3 investigaci\u00f3n en contra del diputado Calisto y otros 3 imputados por presunto fraude al fisco <\/span><\/strong><\/p>\n<div id=\"gtx-trans\" style=\"position: absolute; left: -50px; top: 4.31534px;\">\n<div class=\"gtx-trans-icon\"><\/div>\n<\/div>\n<\/div><\/section><\/div><div class=\"flex_column av_one_full  flex_column_div av-zero-column-padding first  avia-builder-el-4  el_after_av_one_full  el_before_av_hr  column-top-margin\" style='border-radius:0px; '><section class=\"av_textblock_section \"  itemscope=\"itemscope\" itemtype=\"https:\/\/schema.org\/BlogPosting\" itemprop=\"blogPost\" ><div class='avia_textblock  '   itemprop=\"text\" ><p style=\"text-align: justify;\">La Fiscal\u00eda Regional de Ays\u00e9n formaliz\u00f3 este mi\u00e9rcoles una investigaci\u00f3n por el presunto delito de fraude al Fisco en contra de 4 imputados, audiencia a la que compareci\u00f3 el Fiscal Regional de Ays\u00e9n, Hern\u00e1n Libedinsky Moscovich y el Fiscal Jefe de Coyhaique, Luis Contreras Alfaro, sumado al Consejo de Defensa del Estado como querellante.<\/p>\n<p style=\"text-align: justify;\">En la audiencia desarrollada ante el Juzgado de Garant\u00eda de Coyhaique, el Ministerio P\u00fablico comunic\u00f3 a los imputados\u00a0Miguel \u00c1ngel Calisto \u00c1guila, Carla Nicole Graff Toledo, Roland Andr\u00e9s C\u00e1rcamo Catal\u00e1n y Felipe Ignacio Klein Vidal,\u00a0que se sigue una investigaci\u00f3n en su contra por los siguientes hechos.<\/p>\n<p style=\"text-align: justify;\">INVESTIGACI\u00d3N<\/p>\n<p style=\"text-align: justify;\">Entre los a\u00f1os 2018 y 2022, Miguel \u00c1ngel Calisto \u00c1guila, ejerci\u00f3 labores como Diputado del Distrito 27 en la Regi\u00f3n de Ays\u00e9n. Previo a dicho per\u00edodo, durante el a\u00f1o 2017, Roland C\u00e1rcamo Catal\u00e1n fue jefe de campa\u00f1a en la elecci\u00f3n parlamentaria del Diputado Miguel \u00c1ngel Calisto, desempe\u00f1\u00e1ndose paralelamente como funcionario del Servicio de Salud de Ays\u00e9n, manteniendo una relaci\u00f3n de pareja con Carla Nicole Graf Toledo, profesora. El imputado C\u00e1rcamo Catal\u00e1n, al desempe\u00f1arse como funcionario p\u00fablico del Servicio de Salud de Ays\u00e9n, no pod\u00eda recibir remuneraciones por las asesor\u00edas, gestiones y labores que realizaba en apoyo del Diputado Calisto.<\/p>\n<p style=\"text-align: justify;\">De acuerdo a los hechos de la formalizaci\u00f3n, expuestos por el Fiscal Regional, durante el mismo per\u00edodo comprendido entre 2018 y 2022, el Diputado Miguel \u00c1ngel Calisto se concert\u00f3 con el imputado Roland C\u00e1rcamo Catal\u00e1n y con la imputada Carla Graf Toledo, para obtener recursos de manera fraudulenta de parte del Fisco de Chile, a trav\u00e9s de un mecanismo defraudatorio en perjuicio del Congreso Nacional, originando una p\u00e9rdida $103.664.697.<\/p>\n<p style=\"text-align: justify;\">Dichos imputados utilizaron el mecanismo de contrataci\u00f3n de Carla Graf como asesora parlamentaria del Diputado Calisto, por instrucciones de este, quien realiz\u00f3 las gestiones necesarias ante la C\u00e1mara de Diputados para materializar su contrataci\u00f3n, a sabiendas -seg\u00fan lo expresado- de que ella no cumplir\u00eda con ninguna de las obligaciones para las cuales fue contratada.<\/p>\n<p style=\"text-align: justify;\">Desde marzo de 2018 a febrero de 2022, y luego de la campa\u00f1a para la elecci\u00f3n parlamentaria del Diputado Miguel \u00c1ngel Calisto, el imputado Ronald C\u00e1rcamo Catal\u00e1n continu\u00f3 prestando labores de asesor\u00eda pol\u00edtica, apoyo y gesti\u00f3n en terreno para el referido Diputado, pero quien fue contratada por la C\u00e1mara de Diputados del Congreso Nacional para trabajar como asesora parlamentaria fue Carla Graf Toledo, la cual recibi\u00f3 fraudulentamente durante ese periodo la ya mencionada suma de $103.664.697 del Fisco de Chile.<\/p>\n<p style=\"text-align: justify;\">Lo anterior, se dijo en la audiencia, por cuanto durante dicho per\u00edodo la imputada Carla Graf Toledo no desarroll\u00f3, escribi\u00f3 ni entreg\u00f3 al parlamentario ning\u00fan estudio referido a materias demogr\u00e1ficas o socio econ\u00f3micas; tampoco desarroll\u00f3 alg\u00fan plan o estudio o brind\u00f3 asesor\u00eda para optimizar procesos administrativos o trabajos en terreno con la comunidad ni escribi\u00f3 minutas o reportes con problemas que afecten a la comunidad en relaci\u00f3n a las leyes vigentes o a las nuevas iniciativas legales, ni recibi\u00f3 y\/o canaliz\u00f3\u00a0 peticiones de la comunidad a las autoridades respectivas. Tampoco apoy\u00f3 al parlamentario en reuniones con la sociedad civil, ni brind\u00f3 asesor\u00edas comunicacionales o ejecut\u00f3 las dem\u00e1s obligaciones descritas en los respectivos contratos a honorarios celebrados entre ella y la C\u00e1mara de Diputados del Congreso Nacional, todo ello con conocimiento del Diputado Calisto.<\/p>\n<p style=\"text-align: justify;\">Las sumas de dinero percibidas fraudulentamente por la imputada Carla Graf, expres\u00f3 la Fiscal\u00eda en la audiencia, fueron destinadas a beneficio personal tanto de Roland C\u00e1rcamo Catal\u00e1n como del Diputado Miguel \u00c1ngel Calisto como, asimismo, de terceras personas vinculadas a un partido pol\u00edtico, entre las que se encuentra el imputado Felipe Klein Vidal, quien particip\u00f3 en la \u00e9poca en que percibi\u00f3 los fondos como candidato a Gobernador y Consejero Regional de Ays\u00e9n.<\/p>\n<p style=\"text-align: justify;\">A juicio del Ministerio P\u00fablico y de acuerdo a la formalizaci\u00f3n, los hechos son constitutivos del delito de fraude al Fisco previsto y sancionado en el art\u00edculo 239 inciso 3\u00b0 del C\u00f3digo Penal, en car\u00e1cter de reiterados, los cuales se encuentran en grado de consumados, correspondi\u00e9ndoles a los imputados\u00a0Miguel \u00c1ngel Calisto \u00c1guila, Carla Nicole Graff Toledo y Roland Andr\u00e9s C\u00e1rcamo Catal\u00e1n,\u00a0la calidad de autores de conformidad con lo dispuesto en el art\u00edculo 15 N\u00b01 del C\u00f3digo Penal, en tanto que al imputado\u00a0Felipe Ignacio Klein Vidal le corresponde la calidad de encubridor de acuerdo con el art\u00edculo 17 N\u00b01\u00a0del mismo cuerpo legal.<\/p>\n<p style=\"text-align: justify;\">Las diligencias investigativas de esta causa han sido realizadas con apoyo de la Brigada de Delitos Econ\u00f3micos de la Polic\u00eda de Investigaciones de Chile y la Unidad Especializada Anticorrupci\u00f3n, Lavado de Activos y Probidad Interna (UNAC) de la Fiscal\u00eda Nacional.<\/p>\n<p style=\"text-align: justify;\">FUERO PARLAMENTARIO<\/p>\n<p style=\"text-align: justify;\">Cabe recordar que tanto la Excelent\u00edsima Corte Suprema como la Ilustr\u00edsima Corte de Apelaciones de Coyhaique, confirmaron el desafuero y declararon haber lugar a la formaci\u00f3n de causa respecto de los hechos realizados por Miguel \u00c1ngel Calisto en su condici\u00f3n de Diputado, esto es, por hechos ocurridos entre 2018 y 2022, y que a juicio de la Fiscal\u00eda son constitutivos de delitos reiterados de fraude al Fisco.<\/p>\n<p style=\"text-align: justify;\">Sin embargo, en la audiencia de formalizaci\u00f3n el Juez de Garant\u00eda, Mario Devaud Ojeda, resolvi\u00f3 -respecto del Diputado Calisto- suspender la tramitaci\u00f3n del procedimiento por m\u00e1s de 30 d\u00edas, para que los intervinientes resuelvan si deducen recurso de apelaci\u00f3n ante la Ilustr\u00edsima Corte de Apelaciones de Coyhaique, a fin de que dicho tribunal superior resuelva si corresponde o no volver a solicitar su desafuero, atendido que recientemente fue elegido senador.<\/p>\n<p style=\"text-align: justify;\">La Fiscal\u00eda Regional de Ays\u00e9n analizar\u00e1 los antecedentes y decidir\u00e1 si presentar\u00e1 el recurso de apelaci\u00f3n ante la Corte en los pr\u00f3ximos d\u00edas.<\/p>\n<p style=\"text-align: justify;\">Respecto de los otros tres imputados, tras la formalizaci\u00f3n el Juez Devaud estableci\u00f3 las medidas cautelares de arraigo nacional, esto es la prohibici\u00f3n de salir del pa\u00eds y firma mensual en la Fiscal\u00eda, mientras dure la investigaci\u00f3n, cuyo plazo fue fijado en 120 d\u00edas.<\/p>\n<\/div><\/section><\/div><div  style='height:50px' class='hr hr-invisible   avia-builder-el-6  el_after_av_one_full  el_before_av_social_share '><span class='hr-inner ' ><span class='hr-inner-style'><\/span><\/span><\/div><\/p>\n<div  class='av-social-sharing-box  avia-builder-el-7  el_after_av_hr  el_before_av_hr  '><div class='av-share-box'><h5 class='av-share-link-description av-no-toc '>Compartir esta noticia<\/h5><ul class='av-share-box-list noLightbox'><li class='av-share-link av-social-link-facebook' ><a target=\"_blank\" aria-label=\"Compartir en Facebook\" href='https:\/\/www.facebook.com\/sharer.php?u=https:\/\/radiorevelacionfm.cl\/?p=63294&#038;t=Coyhaique%3A%20Fiscal%C3%ADa%20formaliz%C3%B3%20investigaci%C3%B3n%20en%20contra%20del%20diputado%20Calisto%20y%20otros%203%20imputados%20por%20presunto%20fraude%20al%20fisco' aria-hidden='false' data-av_icon='\ue8f3' data-av_iconfont='entypo-fontello' title='' data-avia-related-tooltip='Compartir en Facebook' rel=\"noopener\"><span class='avia_hidden_link_text'>Compartir en Facebook<\/span><\/a><\/li><li class='av-share-link av-social-link-twitter' ><a target=\"_blank\" aria-label=\"Compartir en Twitter\" href='https:\/\/twitter.com\/share?text=Coyhaique%3A%20Fiscal%C3%ADa%20formaliz%C3%B3%20investigaci%C3%B3n%20en%20contra%20del%20diputado%20Calisto%20y%20otros%203%20imputados%20por%20presunto%20fraude%20al%20fisco&#038;url=https:\/\/radiorevelacionfm.cl\/?p=63294' aria-hidden='false' data-av_icon='\ue8f1' data-av_iconfont='entypo-fontello' title='' data-avia-related-tooltip='Compartir en Twitter' rel=\"noopener\"><span class='avia_hidden_link_text'>Compartir en Twitter<\/span><\/a><\/li><li class='av-share-link av-social-link-whatsapp' ><a target=\"_blank\" aria-label=\"Compartir en Whatsapp\" href='https:\/\/api.whatsapp.com\/send?text=https:\/\/radiorevelacionfm.cl\/?p=63294' aria-hidden='false' data-av_icon='\uf232' data-av_iconfont='entypo-fontello' title='' data-avia-related-tooltip='Compartir en Whatsapp' rel=\"noopener\"><span class='avia_hidden_link_text'>Compartir en Whatsapp<\/span><\/a><\/li><li class='av-share-link av-social-link-linkedin' ><a target=\"_blank\" aria-label=\"Compartir en LinkedIn\" href='https:\/\/linkedin.com\/shareArticle?mini=true&#038;title=Coyhaique%3A%20Fiscal%C3%ADa%20formaliz%C3%B3%20investigaci%C3%B3n%20en%20contra%20del%20diputado%20Calisto%20y%20otros%203%20imputados%20por%20presunto%20fraude%20al%20fisco&#038;url=https:\/\/radiorevelacionfm.cl\/?p=63294' aria-hidden='false' data-av_icon='\ue8fc' data-av_iconfont='entypo-fontello' title='' data-avia-related-tooltip='Compartir en LinkedIn' rel=\"noopener\"><span class='avia_hidden_link_text'>Compartir en LinkedIn<\/span><\/a><\/li><li class='av-share-link av-social-link-mail' ><a  aria-label=\"Compartir por correo\" href='mailto:?subject=Coyhaique%3A%20Fiscal%C3%ADa%20formaliz%C3%B3%20investigaci%C3%B3n%20en%20contra%20del%20diputado%20Calisto%20y%20otros%203%20imputados%20por%20presunto%20fraude%20al%20fisco&#038;body=https:\/\/radiorevelacionfm.cl\/?p=63294' aria-hidden='false' data-av_icon='\ue805' data-av_iconfont='entypo-fontello' title='' data-avia-related-tooltip='Compartir por correo'><span class='avia_hidden_link_text'>Compartir por correo<\/span><\/a><\/li><\/ul><\/div><\/div>\n<div  style='height:50px' class='hr hr-invisible   avia-builder-el-8  el_after_av_social_share  el_before_av_comments_list '><span class='hr-inner ' ><span class='hr-inner-style'><\/span><\/span><\/div>\n<div  class='av-buildercomment  av-blog-meta-html-info-disabled av-blog-meta-tag-disabled  '><\/div>\n","protected":false},"excerpt":{"rendered":"","protected":false},"author":1,"featured_media":63295,"comment_status":"closed","ping_status":"closed","sticky":false,"template":"","format":"standard","meta":{"footnotes":""},"categories":[55],"tags":[],"class_list":["post-63294","post","type-post","status-publish","format-standard","has-post-thumbnail","hentry","category-justicia"],"jetpack_featured_media_url":"https:\/\/radiorevelacionfm.cl\/wp-content\/uploads\/2026\/01\/3-2026-01-14t142919_optimized.348-1.jpg","_links":{"self":[{"href":"https:\/\/radiorevelacionfm.cl\/index.php?rest_route=\/wp\/v2\/posts\/63294","targetHints":{"allow":["GET"]}}],"collection":[{"href":"https:\/\/radiorevelacionfm.cl\/index.php?rest_route=\/wp\/v2\/posts"}],"about":[{"href":"https:\/\/radiorevelacionfm.cl\/index.php?rest_route=\/wp\/v2\/types\/post"}],"author":[{"embeddable":true,"href":"https:\/\/radiorevelacionfm.cl\/index.php?rest_route=\/wp\/v2\/users\/1"}],"replies":[{"embeddable":true,"href":"https:\/\/radiorevelacionfm.cl\/index.php?rest_route=%2Fwp%2Fv2%2Fcomments&post=63294"}],"version-history":[{"count":2,"href":"https:\/\/radiorevelacionfm.cl\/index.php?rest_route=\/wp\/v2\/posts\/63294\/revisions"}],"predecessor-version":[{"id":63297,"href":"https:\/\/radiorevelacionfm.cl\/index.php?rest_route=\/wp\/v2\/posts\/63294\/revisions\/63297"}],"wp:featuredmedia":[{"embeddable":true,"href":"https:\/\/radiorevelacionfm.cl\/index.php?rest_route=\/wp\/v2\/media\/63295"}],"wp:attachment":[{"href":"https:\/\/radiorevelacionfm.cl\/index.php?rest_route=%2Fwp%2Fv2%2Fmedia&parent=63294"}],"wp:term":[{"taxonomy":"category","embeddable":true,"href":"https:\/\/radiorevelacionfm.cl\/index.php?rest_route=%2Fwp%2Fv2%2Fcategories&post=63294"},{"taxonomy":"post_tag","embeddable":true,"href":"https:\/\/radiorevelacionfm.cl\/index.php?rest_route=%2Fwp%2Fv2%2Ftags&post=63294"}],"curies":[{"name":"wp","href":"https:\/\/api.w.org\/{rel}","templated":true}]}}