{"id":63285,"date":"2026-01-14T10:26:59","date_gmt":"2026-01-14T13:26:59","guid":{"rendered":"https:\/\/radiorevelacionfm.cl\/?p=63285"},"modified":"2026-01-14T10:26:59","modified_gmt":"2026-01-14T13:26:59","slug":"cuatro-tripulantes-fueron-rescatados-tras-colision-de-embarcacion-en-cercanias-de-puerto-aguirre","status":"publish","type":"post","link":"https:\/\/radiorevelacionfm.cl\/?p=63285","title":{"rendered":"Cuatro tripulantes fueron rescatados tras colisi\u00f3n de embarcaci\u00f3n en cercan\u00edas de Puerto Aguirre"},"content":{"rendered":"<div class=\"flex_column av_one_full  flex_column_div av-zero-column-padding first  avia-builder-el-0  el_before_av_one_full  avia-builder-el-first  \" style='border-radius:0px; '><div  class='avia-image-container  av-styling-    avia-builder-el-1  avia-builder-el-no-sibling  avia-align-center '  itemprop=\"image\" itemscope=\"itemscope\" itemtype=\"https:\/\/schema.org\/ImageObject\"  ><div class='avia-image-container-inner'><div class='avia-image-overlay-wrap'><img decoding=\"async\" class='wp-image-63286 avia-img-lazy-loading-not-63286 avia_image' src=\"https:\/\/radiorevelacionfm.cl\/wp-content\/uploads\/2026\/01\/embarcaciones1-1_optimized-1.jpg\" alt='' title='embarcaciones1-(1)_optimized (1)' height=\"600\" width=\"1043\"  itemprop=\"thumbnailUrl\" srcset=\"https:\/\/radiorevelacionfm.cl\/wp-content\/uploads\/2026\/01\/embarcaciones1-1_optimized-1.jpg 1043w, https:\/\/radiorevelacionfm.cl\/wp-content\/uploads\/2026\/01\/embarcaciones1-1_optimized-1-300x173.jpg 300w, https:\/\/radiorevelacionfm.cl\/wp-content\/uploads\/2026\/01\/embarcaciones1-1_optimized-1-1030x593.jpg 1030w, https:\/\/radiorevelacionfm.cl\/wp-content\/uploads\/2026\/01\/embarcaciones1-1_optimized-1-768x442.jpg 768w, https:\/\/radiorevelacionfm.cl\/wp-content\/uploads\/2026\/01\/embarcaciones1-1_optimized-1-705x406.jpg 705w, https:\/\/radiorevelacionfm.cl\/wp-content\/uploads\/2026\/01\/embarcaciones1-1_optimized-1-450x259.jpg 450w, https:\/\/radiorevelacionfm.cl\/wp-content\/uploads\/2026\/01\/embarcaciones1-1_optimized-1-600x345.jpg 600w\" sizes=\"(max-width: 1043px) 100vw, 1043px\" \/><\/div><\/div><\/div><\/div><div class=\"flex_column av_one_full  flex_column_div av-zero-column-padding first  avia-builder-el-2  el_after_av_one_full  el_before_av_one_full  column-top-margin\" style='border-radius:0px; '><section class=\"av_textblock_section \"  itemscope=\"itemscope\" itemtype=\"https:\/\/schema.org\/BlogPosting\" itemprop=\"blogPost\" ><div class='avia_textblock  '   itemprop=\"text\" ><p style=\"text-align: center;\"><strong><span style=\"font-size: 18pt;\">Cuatro tripulantes fueron rescatados tras colisi\u00f3n de embarcaci\u00f3n en cercan\u00edas de Puerto Aguirre<\/span><\/strong><\/p>\n<div id=\"gtx-trans\" style=\"position: absolute; left: -50px; top: 4.31534px;\">\n<div class=\"gtx-trans-icon\"><\/div>\n<\/div>\n<\/div><\/section><\/div><div class=\"flex_column av_one_full  flex_column_div av-zero-column-padding first  avia-builder-el-4  el_after_av_one_full  el_before_av_hr  column-top-margin\" style='border-radius:0px; '><section class=\"av_textblock_section \"  itemscope=\"itemscope\" itemtype=\"https:\/\/schema.org\/BlogPosting\" itemprop=\"blogPost\" ><div class='avia_textblock  '   itemprop=\"text\" ><p style=\"text-align: justify;\">Durante la madrugada de hoy, mi\u00e9rcoles 14 de enero de 2026, se activ\u00f3 la alerta en el canal Ninualac, distante a unas 47 millas de Puerto Aguirre, en la regi\u00f3n de Ays\u00e9n. Un operativo de b\u00fasqueda y rescate mar\u00edtimo se desarroll\u00f3 tras reportarse un accidente mar\u00edtimo.<\/p>\n<p style=\"text-align: justify;\">De acuerdo a informaci\u00f3n proporcionada por el Capit\u00e1n de Puerto (s) de Puerto Aguirre, Sargento 1\u00b0 Litoral, Guido \u00c1vila San Mart\u00edn, cuatro personas fueron rescatadas, afortunadamente todas ilesas, en buenas condiciones.<\/p>\n<p style=\"text-align: justify;\">\u201cA las 04:50 horas, recibimos el llamado telef\u00f3nico desde la lancha motor Don Roco, que nos informa que sufri\u00f3 una colisi\u00f3n en el sector de canal Ninualac, distante a unas 47 millas desde Puerto Aguirre. Inmediatamente se activaron nuestros protocolos de emergencia y se dispuso el zarpe de la unidad mar\u00edtima LSR 4425. A las 7 de la ma\u00f1ana en nuestra unidad recal\u00f3 al sector logrando constatar que los 4 tripulantes se encuentran ilesos a bordo de la lancha motor Nautilus que se encontraba en faena de pesca y en estos momentos est\u00e1n tomando las primeras acciones, declaraciones y comienza el proceso investigativo\u201d, se\u00f1al\u00f3 el Capit\u00e1n de Puerto.<\/p>\n<p style=\"text-align: justify;\">Los cuatro tripulantes fueron trasladados hasta la Posta de Salud Rural de Puerto Aguirre, para constatar su estado de salud, en tanto, la autoridad mar\u00edtima ha levantado las primeras diligencias para dar inicio a la investigaci\u00f3n de este accidente mar\u00edtimo.<\/p>\n<\/div><\/section><\/div><div  style='height:50px' class='hr hr-invisible   avia-builder-el-6  el_after_av_one_full  el_before_av_social_share '><span class='hr-inner ' ><span class='hr-inner-style'><\/span><\/span><\/div><\/p>\n<div  class='av-social-sharing-box  avia-builder-el-7  el_after_av_hr  el_before_av_hr  '><div class='av-share-box'><h5 class='av-share-link-description av-no-toc '>Compartir esta noticia<\/h5><ul class='av-share-box-list noLightbox'><li class='av-share-link av-social-link-facebook' ><a target=\"_blank\" aria-label=\"Compartir en Facebook\" href='https:\/\/www.facebook.com\/sharer.php?u=https:\/\/radiorevelacionfm.cl\/?p=63285&#038;t=Cuatro%20tripulantes%20fueron%20rescatados%20tras%20colisi%C3%B3n%20de%20embarcaci%C3%B3n%20en%20cercan%C3%ADas%20de%20Puerto%20Aguirre' aria-hidden='false' data-av_icon='\ue8f3' data-av_iconfont='entypo-fontello' title='' data-avia-related-tooltip='Compartir en Facebook' rel=\"noopener\"><span class='avia_hidden_link_text'>Compartir en Facebook<\/span><\/a><\/li><li class='av-share-link av-social-link-twitter' ><a target=\"_blank\" aria-label=\"Compartir en Twitter\" href='https:\/\/twitter.com\/share?text=Cuatro%20tripulantes%20fueron%20rescatados%20tras%20colisi%C3%B3n%20de%20embarcaci%C3%B3n%20en%20cercan%C3%ADas%20de%20Puerto%20Aguirre&#038;url=https:\/\/radiorevelacionfm.cl\/?p=63285' aria-hidden='false' data-av_icon='\ue8f1' data-av_iconfont='entypo-fontello' title='' data-avia-related-tooltip='Compartir en Twitter' rel=\"noopener\"><span class='avia_hidden_link_text'>Compartir en Twitter<\/span><\/a><\/li><li class='av-share-link av-social-link-whatsapp' ><a target=\"_blank\" aria-label=\"Compartir en Whatsapp\" href='https:\/\/api.whatsapp.com\/send?text=https:\/\/radiorevelacionfm.cl\/?p=63285' aria-hidden='false' data-av_icon='\uf232' data-av_iconfont='entypo-fontello' title='' data-avia-related-tooltip='Compartir en Whatsapp' rel=\"noopener\"><span class='avia_hidden_link_text'>Compartir en Whatsapp<\/span><\/a><\/li><li class='av-share-link av-social-link-linkedin' ><a target=\"_blank\" aria-label=\"Compartir en LinkedIn\" href='https:\/\/linkedin.com\/shareArticle?mini=true&#038;title=Cuatro%20tripulantes%20fueron%20rescatados%20tras%20colisi%C3%B3n%20de%20embarcaci%C3%B3n%20en%20cercan%C3%ADas%20de%20Puerto%20Aguirre&#038;url=https:\/\/radiorevelacionfm.cl\/?p=63285' aria-hidden='false' data-av_icon='\ue8fc' data-av_iconfont='entypo-fontello' title='' data-avia-related-tooltip='Compartir en LinkedIn' rel=\"noopener\"><span class='avia_hidden_link_text'>Compartir en LinkedIn<\/span><\/a><\/li><li class='av-share-link av-social-link-mail' ><a  aria-label=\"Compartir por correo\" href='mailto:?subject=Cuatro%20tripulantes%20fueron%20rescatados%20tras%20colisi%C3%B3n%20de%20embarcaci%C3%B3n%20en%20cercan%C3%ADas%20de%20Puerto%20Aguirre&#038;body=https:\/\/radiorevelacionfm.cl\/?p=63285' aria-hidden='false' data-av_icon='\ue805' data-av_iconfont='entypo-fontello' title='' data-avia-related-tooltip='Compartir por correo'><span class='avia_hidden_link_text'>Compartir por correo<\/span><\/a><\/li><\/ul><\/div><\/div>\n<div  style='height:50px' class='hr hr-invisible   avia-builder-el-8  el_after_av_social_share  el_before_av_comments_list '><span class='hr-inner ' ><span class='hr-inner-style'><\/span><\/span><\/div>\n<div  class='av-buildercomment  av-blog-meta-html-info-disabled av-blog-meta-tag-disabled  '><\/div>\n","protected":false},"excerpt":{"rendered":"","protected":false},"author":1,"featured_media":63286,"comment_status":"closed","ping_status":"closed","sticky":false,"template":"","format":"standard","meta":{"footnotes":""},"categories":[38],"tags":[],"class_list":["post-63285","post","type-post","status-publish","format-standard","has-post-thumbnail","hentry","category-regional"],"jetpack_featured_media_url":"https:\/\/radiorevelacionfm.cl\/wp-content\/uploads\/2026\/01\/embarcaciones1-1_optimized-1.jpg","_links":{"self":[{"href":"https:\/\/radiorevelacionfm.cl\/index.php?rest_route=\/wp\/v2\/posts\/63285","targetHints":{"allow":["GET"]}}],"collection":[{"href":"https:\/\/radiorevelacionfm.cl\/index.php?rest_route=\/wp\/v2\/posts"}],"about":[{"href":"https:\/\/radiorevelacionfm.cl\/index.php?rest_route=\/wp\/v2\/types\/post"}],"author":[{"embeddable":true,"href":"https:\/\/radiorevelacionfm.cl\/index.php?rest_route=\/wp\/v2\/users\/1"}],"replies":[{"embeddable":true,"href":"https:\/\/radiorevelacionfm.cl\/index.php?rest_route=%2Fwp%2Fv2%2Fcomments&post=63285"}],"version-history":[{"count":2,"href":"https:\/\/radiorevelacionfm.cl\/index.php?rest_route=\/wp\/v2\/posts\/63285\/revisions"}],"predecessor-version":[{"id":63288,"href":"https:\/\/radiorevelacionfm.cl\/index.php?rest_route=\/wp\/v2\/posts\/63285\/revisions\/63288"}],"wp:featuredmedia":[{"embeddable":true,"href":"https:\/\/radiorevelacionfm.cl\/index.php?rest_route=\/wp\/v2\/media\/63286"}],"wp:attachment":[{"href":"https:\/\/radiorevelacionfm.cl\/index.php?rest_route=%2Fwp%2Fv2%2Fmedia&parent=63285"}],"wp:term":[{"taxonomy":"category","embeddable":true,"href":"https:\/\/radiorevelacionfm.cl\/index.php?rest_route=%2Fwp%2Fv2%2Fcategories&post=63285"},{"taxonomy":"post_tag","embeddable":true,"href":"https:\/\/radiorevelacionfm.cl\/index.php?rest_route=%2Fwp%2Fv2%2Ftags&post=63285"}],"curies":[{"name":"wp","href":"https:\/\/api.w.org\/{rel}","templated":true}]}}