{"id":63281,"date":"2026-01-16T10:49:56","date_gmt":"2026-01-16T13:49:56","guid":{"rendered":"https:\/\/radiorevelacionfm.cl\/?p=63281"},"modified":"2026-01-16T10:49:56","modified_gmt":"2026-01-16T13:49:56","slug":"salario-minimo-completa-en-enero-ciclo-de-historicas-alzas-pasando-de-350-mil-a-539-mil-pesos","status":"publish","type":"post","link":"https:\/\/radiorevelacionfm.cl\/?p=63281","title":{"rendered":"Salario m\u00ednimo completa en enero ciclo de hist\u00f3ricas alzas, pasando de $350 mil a $539 mil pesos"},"content":{"rendered":"<div class=\"flex_column av_one_full  flex_column_div av-zero-column-padding first  avia-builder-el-0  el_before_av_one_full  avia-builder-el-first  \" style='border-radius:0px; '><div  class='avia-image-container  av-styling-    avia-builder-el-1  avia-builder-el-no-sibling  avia-align-center '  itemprop=\"image\" itemscope=\"itemscope\" itemtype=\"https:\/\/schema.org\/ImageObject\"  ><div class='avia-image-container-inner'><div class='avia-image-overlay-wrap'><img decoding=\"async\" class='wp-image-63282 avia-img-lazy-loading-not-63282 avia_image' src=\"https:\/\/radiorevelacionfm.cl\/wp-content\/uploads\/2026\/01\/73-1-1-1.jpg\" alt='' title='73 (1) (1) (1)' height=\"600\" width=\"902\"  itemprop=\"thumbnailUrl\" srcset=\"https:\/\/radiorevelacionfm.cl\/wp-content\/uploads\/2026\/01\/73-1-1-1.jpg 902w, https:\/\/radiorevelacionfm.cl\/wp-content\/uploads\/2026\/01\/73-1-1-1-300x200.jpg 300w, https:\/\/radiorevelacionfm.cl\/wp-content\/uploads\/2026\/01\/73-1-1-1-768x511.jpg 768w, https:\/\/radiorevelacionfm.cl\/wp-content\/uploads\/2026\/01\/73-1-1-1-705x469.jpg 705w, https:\/\/radiorevelacionfm.cl\/wp-content\/uploads\/2026\/01\/73-1-1-1-450x299.jpg 450w, https:\/\/radiorevelacionfm.cl\/wp-content\/uploads\/2026\/01\/73-1-1-1-600x399.jpg 600w\" sizes=\"(max-width: 902px) 100vw, 902px\" \/><\/div><\/div><\/div><\/div>\n<div class=\"flex_column av_one_full  flex_column_div av-zero-column-padding first  avia-builder-el-2  el_after_av_one_full  el_before_av_one_full  column-top-margin\" style='border-radius:0px; '><section class=\"av_textblock_section \"  itemscope=\"itemscope\" itemtype=\"https:\/\/schema.org\/BlogPosting\" itemprop=\"blogPost\" ><div class='avia_textblock  '   itemprop=\"text\" ><p style=\"text-align: center;\"><strong><span style=\"font-size: 18pt;\">Salario m\u00ednimo completa en enero ciclo de hist\u00f3ricas alzas, pasando de $350 mil a $539 mil pesos<\/span><\/strong><\/p>\n<div id=\"gtx-trans\" style=\"position: absolute; left: -50px; top: 4.31534px;\">\n<div class=\"gtx-trans-icon\"><\/div>\n<\/div>\n<\/div><\/section><\/div><div class=\"flex_column av_one_full  flex_column_div av-zero-column-padding first  avia-builder-el-4  el_after_av_one_full  el_before_av_hr  column-top-margin\" style='border-radius:0px; '><section class=\"av_textblock_section \"  itemscope=\"itemscope\" itemtype=\"https:\/\/schema.org\/BlogPosting\" itemprop=\"blogPost\" ><div class='avia_textblock  '   itemprop=\"text\" ><ul>\n<li style=\"text-align: justify;\"><em>En 2025 el Congreso despach\u00f3 la \u00faltima ley de reajuste al sueldo b\u00e1sico impulsada por la actual administraci\u00f3n en acuerdo con la CUT. Considera dos incrementos, el primero desde $500 mil a $529 mil, vigente desde mayo pasado, y el segundo a $539 mil, que entrar\u00e1 en r\u00e9gimen este mes.<\/em><\/li>\n<\/ul>\n<p style=\"text-align: justify;\">El 2026 lleg\u00f3 con buenas noticias para los cerca de 900 mil trabajadores que perciben el sueldo m\u00ednimo en Chile. En efecto, a contar de este mes, el sueldo b\u00e1sico subir\u00e1 a $539 mil, que es la segunda alza contemplada en la ley de reajuste aprobada el 2025 por el Congreso. La primera, con vigencia desde mayo, lo elev\u00f3 de $510 mil a $529 mil.<\/p>\n<p style=\"text-align: justify;\">Este incremento completar\u00e1 el ciclo de hist\u00f3ricas alzas del salario m\u00ednimo impulsadas por el Gobierno del Presidente Gabriel Boric, pasando en su gesti\u00f3n desde los $350 mil vigentes en mayo de 2022 hasta los $539 mil del pr\u00f3ximo enero. Cabe destacar que todos los aumentos fueron en acuerdo con la Central Unitaria de Trabajadores (CUT).<\/p>\n<p style=\"text-align: justify;\">La Seremi de Gobierno, \u00darsula Mix Jim\u00e9nez, enfatiz\u00f3 sobre el alza hist\u00f3rica: \u201cEstamos comenzando este 2026 con avances concretos que impactan el bolsillo de los y las ayseninas. Este aumento no es solo una cifra, es el reflejo de una voluntad pol\u00edtica que pone a los y las trabajadoras en el centro de la econom\u00eda, demostrando que es posible crecer y, al mismo tiempo, mejorar la calidad de vida de las familias\u201d.<\/p>\n<p style=\"text-align: justify;\">A su vez, el Seremi(s) de Trabajo y Previsi\u00f3n Social, Rodrigo D\u00edaz Cordaro, entreg\u00f3 detalles sobre esta medida: \u201cQueremos informar a las y los trabajadores que este mes de enero 2026 aumenta el sueldo m\u00ednimo a $539 mil pesos. Para los empleadores y empleadoras esto significa que son las remuneraciones de enero cuyas cotizaciones se pagan en febrero. Esta alza del salario m\u00ednimo busca mejorar la vida de las familias, situando a una familia promedio por encima del umbral de la pobreza\u201d.<\/p>\n<p style=\"text-align: justify;\"><strong><u>Alzas hist\u00f3ricas<\/u><\/strong><\/p>\n<p style=\"text-align: justify;\">En la primera negociaci\u00f3n por el reajuste del sueldo b\u00e1sico que enfrent\u00f3 el Gobierno del Presidente Gabriel Boric, en 2022, se alcanz\u00f3 un acuerdo con la CUT, el primero luego de seis a\u00f1os. Este, que luego ratificado por el Congreso, increment\u00f3 el sueldo m\u00ednimo desde $350 mil a $380 mil en mayo de ese a\u00f1o y, tres meses despu\u00e9s, en agosto, a $400 mil. Adem\u00e1s, la respectiva ley incorpor\u00f3, como cl\u00e1usula especial, un aumento a $410 mil desde enero de 2023 si la inflaci\u00f3n acumulada en 2022 superaba el 7%, lo que finalmente se concret\u00f3. Adem\u00e1s, se legisl\u00f3 de manera in\u00e9dita un subsidio para apoyar a las peque\u00f1as y medianas empresas (MiPymes) a alcanzar los valores indicados.<\/p>\n<p style=\"text-align: justify;\">En 2023, y tambi\u00e9n tras un acuerdo con la CUT, el Congreso despach\u00f3 un alza gradual a $440 mil desde mayo; luego, en septiembre de ese mismo a\u00f1o, a $460 mil; y, posteriormente, a $500 en julio de 2024. De este modo, se alcanz\u00f3 el compromiso del Gobierno de llevar el sueldo m\u00ednimo a dicho nivel y antes de lo comprometido, pues se esperaba hacerlo hacia fines de la administraci\u00f3n.<\/p>\n<p style=\"text-align: justify;\">Adicionalmente, la misma ley contempl\u00f3 un reajuste autom\u00e1tico en enero de 2025 seg\u00fan el IPC registrado entre julio y diciembre de 2024. As\u00ed, a inicios de este a\u00f1o se increment\u00f3 a $510 mil y en esa oportunidad, tambi\u00e9n se contempl\u00f3 un subsidio a las MiPymes.<\/p>\n<p style=\"text-align: justify;\">Por \u00faltimo, el a\u00f1o 2025 el Congreso aprob\u00f3 la ley que aument\u00f3 el sueldo b\u00e1sico a $529 mil desde mayo y a $539 mil desde enero de 2026. En este caso, la ley tambi\u00e9n contempla un mecanismo de apoyo a las MiPymes, que se activar\u00e1 en el caso en que la variaci\u00f3n en el monto del salario m\u00ednimo, a partir de enero de 2026, sea superior a la inflaci\u00f3n efectiva de 2025.<\/p>\n<\/div><\/section><\/div><\/p>\n<div  style='height:50px' class='hr hr-invisible   avia-builder-el-6  el_after_av_one_full  el_before_av_social_share '><span class='hr-inner ' ><span class='hr-inner-style'><\/span><\/span><\/div>\n<div  class='av-social-sharing-box  avia-builder-el-7  el_after_av_hr  el_before_av_hr  '><div class='av-share-box'><h5 class='av-share-link-description av-no-toc '>Compartir esta noticia<\/h5><ul class='av-share-box-list noLightbox'><li class='av-share-link av-social-link-facebook' ><a target=\"_blank\" aria-label=\"Compartir en Facebook\" href='https:\/\/www.facebook.com\/sharer.php?u=https:\/\/radiorevelacionfm.cl\/?p=63281&#038;t=Salario%20m%C3%ADnimo%20completa%20en%20enero%20ciclo%20de%20hist%C3%B3ricas%20alzas%2C%20pasando%20de%20%24350%20mil%20a%20%24539%20mil%20pesos' aria-hidden='false' data-av_icon='\ue8f3' data-av_iconfont='entypo-fontello' title='' data-avia-related-tooltip='Compartir en Facebook' rel=\"noopener\"><span class='avia_hidden_link_text'>Compartir en Facebook<\/span><\/a><\/li><li class='av-share-link av-social-link-twitter' ><a target=\"_blank\" aria-label=\"Compartir en Twitter\" href='https:\/\/twitter.com\/share?text=Salario%20m%C3%ADnimo%20completa%20en%20enero%20ciclo%20de%20hist%C3%B3ricas%20alzas%2C%20pasando%20de%20%24350%20mil%20a%20%24539%20mil%20pesos&#038;url=https:\/\/radiorevelacionfm.cl\/?p=63281' aria-hidden='false' data-av_icon='\ue8f1' data-av_iconfont='entypo-fontello' title='' data-avia-related-tooltip='Compartir en Twitter' rel=\"noopener\"><span class='avia_hidden_link_text'>Compartir en Twitter<\/span><\/a><\/li><li class='av-share-link av-social-link-whatsapp' ><a target=\"_blank\" aria-label=\"Compartir en Whatsapp\" href='https:\/\/api.whatsapp.com\/send?text=https:\/\/radiorevelacionfm.cl\/?p=63281' aria-hidden='false' data-av_icon='\uf232' data-av_iconfont='entypo-fontello' title='' data-avia-related-tooltip='Compartir en Whatsapp' rel=\"noopener\"><span class='avia_hidden_link_text'>Compartir en Whatsapp<\/span><\/a><\/li><li class='av-share-link av-social-link-linkedin' ><a target=\"_blank\" aria-label=\"Compartir en LinkedIn\" href='https:\/\/linkedin.com\/shareArticle?mini=true&#038;title=Salario%20m%C3%ADnimo%20completa%20en%20enero%20ciclo%20de%20hist%C3%B3ricas%20alzas%2C%20pasando%20de%20%24350%20mil%20a%20%24539%20mil%20pesos&#038;url=https:\/\/radiorevelacionfm.cl\/?p=63281' aria-hidden='false' data-av_icon='\ue8fc' data-av_iconfont='entypo-fontello' title='' data-avia-related-tooltip='Compartir en LinkedIn' rel=\"noopener\"><span class='avia_hidden_link_text'>Compartir en LinkedIn<\/span><\/a><\/li><li class='av-share-link av-social-link-mail' ><a  aria-label=\"Compartir por correo\" href='mailto:?subject=Salario%20m%C3%ADnimo%20completa%20en%20enero%20ciclo%20de%20hist%C3%B3ricas%20alzas%2C%20pasando%20de%20%24350%20mil%20a%20%24539%20mil%20pesos&#038;body=https:\/\/radiorevelacionfm.cl\/?p=63281' aria-hidden='false' data-av_icon='\ue805' data-av_iconfont='entypo-fontello' title='' data-avia-related-tooltip='Compartir por correo'><span class='avia_hidden_link_text'>Compartir por correo<\/span><\/a><\/li><\/ul><\/div><\/div>\n<div  style='height:50px' class='hr hr-invisible   avia-builder-el-8  el_after_av_social_share  el_before_av_comments_list '><span class='hr-inner ' ><span class='hr-inner-style'><\/span><\/span><\/div>\n<div  class='av-buildercomment  av-blog-meta-html-info-disabled av-blog-meta-tag-disabled  '><\/div>\n","protected":false},"excerpt":{"rendered":"","protected":false},"author":1,"featured_media":63282,"comment_status":"closed","ping_status":"closed","sticky":false,"template":"","format":"standard","meta":{"footnotes":""},"categories":[38],"tags":[],"class_list":["post-63281","post","type-post","status-publish","format-standard","has-post-thumbnail","hentry","category-regional"],"jetpack_featured_media_url":"https:\/\/radiorevelacionfm.cl\/wp-content\/uploads\/2026\/01\/73-1-1-1.jpg","_links":{"self":[{"href":"https:\/\/radiorevelacionfm.cl\/index.php?rest_route=\/wp\/v2\/posts\/63281","targetHints":{"allow":["GET"]}}],"collection":[{"href":"https:\/\/radiorevelacionfm.cl\/index.php?rest_route=\/wp\/v2\/posts"}],"about":[{"href":"https:\/\/radiorevelacionfm.cl\/index.php?rest_route=\/wp\/v2\/types\/post"}],"author":[{"embeddable":true,"href":"https:\/\/radiorevelacionfm.cl\/index.php?rest_route=\/wp\/v2\/users\/1"}],"replies":[{"embeddable":true,"href":"https:\/\/radiorevelacionfm.cl\/index.php?rest_route=%2Fwp%2Fv2%2Fcomments&post=63281"}],"version-history":[{"count":3,"href":"https:\/\/radiorevelacionfm.cl\/index.php?rest_route=\/wp\/v2\/posts\/63281\/revisions"}],"predecessor-version":[{"id":63379,"href":"https:\/\/radiorevelacionfm.cl\/index.php?rest_route=\/wp\/v2\/posts\/63281\/revisions\/63379"}],"wp:featuredmedia":[{"embeddable":true,"href":"https:\/\/radiorevelacionfm.cl\/index.php?rest_route=\/wp\/v2\/media\/63282"}],"wp:attachment":[{"href":"https:\/\/radiorevelacionfm.cl\/index.php?rest_route=%2Fwp%2Fv2%2Fmedia&parent=63281"}],"wp:term":[{"taxonomy":"category","embeddable":true,"href":"https:\/\/radiorevelacionfm.cl\/index.php?rest_route=%2Fwp%2Fv2%2Fcategories&post=63281"},{"taxonomy":"post_tag","embeddable":true,"href":"https:\/\/radiorevelacionfm.cl\/index.php?rest_route=%2Fwp%2Fv2%2Ftags&post=63281"}],"curies":[{"name":"wp","href":"https:\/\/api.w.org\/{rel}","templated":true}]}}