{"id":63278,"date":"2026-01-14T12:34:44","date_gmt":"2026-01-14T15:34:44","guid":{"rendered":"https:\/\/radiorevelacionfm.cl\/?p=63278"},"modified":"2026-01-14T12:34:44","modified_gmt":"2026-01-14T15:34:44","slug":"termometro-laboral-regional-octavo-mes-consecutivo-con-la-mayor-tasa-de-ocupacion-nacional-y-avanzando-a-la-baja-de-la-informalidad","status":"publish","type":"post","link":"https:\/\/radiorevelacionfm.cl\/?p=63278","title":{"rendered":"Term\u00f3metro laboral regional: octavo mes consecutivo con la mayor tasa de ocupaci\u00f3n nacional y avanzando a la baja de la informalidad"},"content":{"rendered":"<div class=\"flex_column av_one_full  flex_column_div av-zero-column-padding first  avia-builder-el-0  el_before_av_one_full  avia-builder-el-first  \" style='border-radius:0px; '><div  class='avia-image-container  av-styling-    avia-builder-el-1  avia-builder-el-no-sibling  avia-align-center '  itemprop=\"image\" itemscope=\"itemscope\" itemtype=\"https:\/\/schema.org\/ImageObject\"  ><div class='avia-image-container-inner'><div class='avia-image-overlay-wrap'><img decoding=\"async\" class='wp-image-63279 avia-img-lazy-loading-not-63279 avia_image' src=\"https:\/\/radiorevelacionfm.cl\/wp-content\/uploads\/2026\/01\/6-72-1-1_optimized-1.jpg\" alt='' title='6-(72)-(1)-(1)_optimized (1)' height=\"600\" width=\"800\"  itemprop=\"thumbnailUrl\" srcset=\"https:\/\/radiorevelacionfm.cl\/wp-content\/uploads\/2026\/01\/6-72-1-1_optimized-1.jpg 800w, https:\/\/radiorevelacionfm.cl\/wp-content\/uploads\/2026\/01\/6-72-1-1_optimized-1-300x225.jpg 300w, https:\/\/radiorevelacionfm.cl\/wp-content\/uploads\/2026\/01\/6-72-1-1_optimized-1-768x576.jpg 768w, https:\/\/radiorevelacionfm.cl\/wp-content\/uploads\/2026\/01\/6-72-1-1_optimized-1-705x529.jpg 705w, https:\/\/radiorevelacionfm.cl\/wp-content\/uploads\/2026\/01\/6-72-1-1_optimized-1-450x338.jpg 450w, https:\/\/radiorevelacionfm.cl\/wp-content\/uploads\/2026\/01\/6-72-1-1_optimized-1-600x450.jpg 600w\" sizes=\"(max-width: 800px) 100vw, 800px\" \/><\/div><\/div><\/div><\/div><div class=\"flex_column av_one_full  flex_column_div av-zero-column-padding first  avia-builder-el-2  el_after_av_one_full  el_before_av_one_full  column-top-margin\" style='border-radius:0px; '><section class=\"av_textblock_section \"  itemscope=\"itemscope\" itemtype=\"https:\/\/schema.org\/BlogPosting\" itemprop=\"blogPost\" ><div class='avia_textblock  '   itemprop=\"text\" ><p style=\"text-align: center;\"><strong><span style=\"font-size: 18pt;\">Term\u00f3metro laboral regional: octavo mes consecutivo con la mayor tasa de ocupaci\u00f3n nacional y avanzando a la baja de la informalidad<\/span><\/strong><\/p>\n<div id=\"gtx-trans\" style=\"position: absolute; left: -50px; top: 4.31534px;\">\n<div class=\"gtx-trans-icon\"><\/div>\n<\/div>\n<\/div><\/section><\/div><div class=\"flex_column av_one_full  flex_column_div av-zero-column-padding first  avia-builder-el-4  el_after_av_one_full  el_before_av_hr  column-top-margin\" style='border-radius:0px; '><section class=\"av_textblock_section \"  itemscope=\"itemscope\" itemtype=\"https:\/\/schema.org\/BlogPosting\" itemprop=\"blogPost\" ><div class='avia_textblock  '   itemprop=\"text\" ><ul>\n<li style=\"text-align: justify;\"><em>El informe destaca que entre septiembre y noviembre de 2025, la poblaci\u00f3n ocupada en Ays\u00e9n creci\u00f3 1,3% interanual; en paralelo, los asalariados del sector privado aumentaron 1,6% respecto al mismo periodo de 2024. <\/em><\/li>\n<\/ul>\n<p style=\"text-align: justify;\">Enero, 2025- El Observatorio Laboral de Ays\u00e9n, programa de la Subsecretar\u00eda del Trabajo y ejecutado por el Centro de Formaci\u00f3n T\u00e9cnica Estatal de la regi\u00f3n de Ays\u00e9n, presenta su term\u00f3metro laboral, correspondiente al an\u00e1lisis del trimestre m\u00f3vil septiembre-octubre-noviembre 2025.<\/p>\n<p style=\"text-align: justify;\">Lo primero a destacar es que nuestra regi\u00f3n lidera por octavo trimestre m\u00f3vil consecutivo en sus indicadores laborales con una tasa de ocupaci\u00f3n del 68,8%, la participaci\u00f3n laboral se mantuvo estable en un 71,4%, una desocupaci\u00f3n del 3,7% y la informalidad laboral es de un 29,5%.<\/p>\n<p style=\"text-align: justify;\">En cuanto a ocupaci\u00f3n, en su desglose por sexo, las mujeres aumentaron 1,0 p.p. interanual con respecto al mismo trimestre del a\u00f1o pasado y los hombres retrocedieron 0,7 p.p. En esta misma l\u00ednea, pero con respecto a las incidencias de ramas econ\u00f3micas, la poblaci\u00f3n ocupada de la industria manufacturera fue la que mayor incidencia tuvo mostrando un aumento de un poco m\u00e1s de 500 personas m\u00e1s versus la rama agricultura, ganader\u00eda, silvicultura y pesca que arroj\u00f3 una variaci\u00f3n anual cercana a las 1.400 personas menos con respecto al mismo trimestre m\u00f3vil 2024<\/p>\n<p style=\"text-align: justify;\">Adem\u00e1s de aquello, el Producto Interno Bruto regional, PIB, creci\u00f3 un 8,2% en el tercer trimestre de 2025, mientras que la producci\u00f3n de bienes aument\u00f3 un 13,6%, siendo la rama de industrias manufactureras la principal incidencia de ocupaci\u00f3n en Ays\u00e9n durante el periodo.<\/p>\n<p style=\"text-align: justify;\"><strong><u>Informalidad a la baja<\/u><\/strong><\/p>\n<p style=\"text-align: justify;\">Durante las \u00faltimas ediciones del term\u00f3metro laboral, la tasa de ocupaci\u00f3n informal ha ido a la baja, lo que se traduce en una situaci\u00f3n positiva, pero que se debe seguir evaluando y estudiando, puesto que son muchas las estrategias y pol\u00edticas p\u00fablicas que buscan mitigar las cifras que en alg\u00fan momento fueron de m\u00e1s del 32,1% en el a\u00f1o 2019.<\/p>\n<p style=\"text-align: justify;\">Para Rodrigo D\u00edaz Cordaro, seremi(s) del Trabajo y Previsi\u00f3n Social, es importante recordar el trabajo que se ha hecho desde la cartera que representa como tambi\u00e9n ver los datos que respaldan la ardua labor de mantener indicadores labores que proyecten a la regi\u00f3n como la mejor a nivel nacional.<\/p>\n<p style=\"text-align: justify;\"><em>\u201cLa informalidad es un tema muy importante para nosotros, m\u00e1s en nuestra Regi\u00f3n de Ays\u00e9n ya que si analizamos cifras pre pandemia, es decir, del 2019, las cifras de informalidad eran del 32,1%, que representaban a 18,3 mil personas versus un 29,5% el 2025 que se traduce en 17,8 miles de personas. Si esto lo llevamos a segregaci\u00f3n por g\u00e9nero, el 2019 el porcentaje de hombres fue de un 32,6% y mujeres un 31,5%, en cambio, durante el trimestre m\u00f3vil septiembre-noviembre del 2025 los hombres representan un 31,1% mientras que las mujeres muestran una baja significativa llegando a un 27,5% que es una cifra muy alentadora para nosotros porque han sido mucho los esfuerzos, primero en bajar las tasas informales, pero tambi\u00e9n, en dar oportunidades integrales, tanto a hombres como mujeres, incluso m\u00e1s a ellas para que puedan lograr una correcta conciliaci\u00f3n familiar y responder a un trabajo estable que garantice su seguridad social, que es algo que relevamos constantemente como Ministerio del Trabajo y Previsi\u00f3n Social<\/em>\u201d, indic\u00f3 la autoridad.<\/p>\n<p style=\"text-align: justify;\">Tambi\u00e9n indic\u00f3 que dentro de la informalidad hay grupos identificados, como, por ejemplo, \u201clos trabajadores por cuenta propia\u201d que es donde se ha concentrado el gobierno actual para indicarles lo imprescindible que se torna la seguridad social. \u201c<em>Con respecto a este grupo, hemos sido muy cautelosos en observar su comportamiento, el que lamentablemente ha ido en aumento desde el 2019, incluso, en el trimestre septiembre-noviembre de aquel a\u00f1o eran 9.577 personas en la regi\u00f3n, pero hoy en d\u00eda vemos que la cifra es de 9.582 personas, entonces estamos conscientes que se enfrenta una problem\u00e1tica real y que no es de soluci\u00f3n a corto plazo. Es por esto que tratamos, como Ministerio del Trabajo y Previsi\u00f3n Social, de llegar a estas personas y ense\u00f1arles que trabajar en condiciones formales siempre ser\u00e1 mejor, sobre todo, pensando en sus pensiones y condiciones de vida como, por ejemplo, en el sector turismo\u201d, <\/em>mencion\u00f3 la autoridad laboral.<\/p>\n<p style=\"text-align: justify;\">El Seremi(s) Rodrigo D\u00edaz Cordaro a\u00f1adi\u00f3,<em> \u201cEn este sentido, justamente a trav\u00e9s de la Subsecretar\u00eda del Trabajo, acabamos de inaugurar en Ma\u00f1ihuales la Escuela de Formaci\u00f3n para la Micro y Peque\u00f1a Empresa en la Regi\u00f3n de Ays\u00e9n, con \u00e9nfasis en la l\u00ednea Emprendedores hacia la Formalizaci\u00f3n, que busca precisamente apoyar con capacitaciones, para tomar conciencia de los beneficios que conlleva la formalizaci\u00f3n y la seguridad social. En t\u00e9rminos pr\u00e1cticos, si alguien est\u00e1 trabajando de manera formal, puede tener acceso a algo tan importante como tener acceso al Seguro de Accidentes Laborales y Enfermedades Profesionales que te permite tener licencia m\u00e9dica si est\u00e1s enfermo o si tienes un accidente laboral. En caso contrario, si la persona es informal, se enferma o se accidenta, deja de percibir el sustento econ\u00f3mico mientras est\u00e9 enfermo o recuper\u00e1ndose de este accidente laboral. Lo cual deja a la deriva al trabajador y a su familia, ya sea que est\u00e9 trabajando sin contrato o sea trabajador a cuenta propia sin formalizarse. Hay que tomar conciencia sobre aquello porque, en general, no se hace hasta que no se pueda trabajar\u201d, <\/em>concluy\u00f3.<\/p>\n<p style=\"text-align: justify;\"><strong><u>Un tema estructural<\/u><\/strong><\/p>\n<p style=\"text-align: justify;\">Al momento de analizar la informalidad, es importante decir que yace como una condici\u00f3n arraigada en la sociedad y abordarla requiere tanto de voluntad como de soluciones integrales que garanticen la estabilidad econ\u00f3mica y social de las y los trabajadores.<\/p>\n<p style=\"text-align: justify;\">Es por ello que existen indicadores que segregan la tasa de la informalidad por ramas o sectores econ\u00f3micos, donde algunos resaltan m\u00e1s que otros, lo que obedecer\u00eda a razones espec\u00edficas de su comportamiento y\/o desarrollo.<\/p>\n<p style=\"text-align: justify;\">Frente a esto, C\u00e9sar G\u00f3mez Berrocal, director ejecutivo del Observatorio Laboral, indica que resulta primordial entender que la informalidad es parte de la estructura del empleo, donde Chile cuenta con una de las menores tasas de informalidad a nivel regional, seg\u00fan informes de la Organizaci\u00f3n Internacional del Trabajo, OIT. Sin embargo, Ays\u00e9n se encuentra por sobre la media nacional.<\/p>\n<p style=\"text-align: justify;\"><em>\u201cEs importante considerar a la informalidad como un componente estructural de lo que es el mercado laboral y es en este contexto que nuestro pa\u00eds cuenta con niveles de informalidad que est\u00e1n muy por debajo de lo que es la media a nivel regional en donde el promedio a nivel de Latinoam\u00e9rica se encuentra en alrededor del 46.7% mientras que en Chile dicho promedio baja al 24.9%, sin embargo, nuestra regi\u00f3n de Ays\u00e9n, cuenta con promedios de informalidad que est\u00e1n por sobre lo que es la media a nivel nacional\u201d.<\/em><\/p>\n<p style=\"text-align: justify;\">Tambi\u00e9n agreg\u00f3 <em>\u201cRespecto a los sectores econ\u00f3micos que generan mayor incidencia en t\u00e9rminos de informalidad, destacan el sector del comercio por mayor o por menor, el sector de la construcci\u00f3n y el sector de agricultura, ganader\u00eda, silvicultura y pesca. Ahora bien, en t\u00e9rminos de grupos ocupacionales, los que presentan mayor incidencia son el de ocupaciones elementales y el de oficiales, operarios y artesanos de artes mec\u00e1nicas y de otros oficios. Al mismo tiempo, un grupo que presenta una incidencia importante es el de trabajadores de servicios y vendedores de comercios y mercados\u201d <\/em><\/p>\n<p style=\"text-align: justify;\">El Observatorio Laboral de Ays\u00e9n, es parte de la Estrategia Nacional de Prospecci\u00f3n Laboral, convenio firmado entre el Centro de Formaci\u00f3n T\u00e9cnica Estatal de Ays\u00e9n y la Subsecretaria del Trabajo, representada por la Seremi de Trabajo y Previsi\u00f3n Social. Para acceder al Term\u00f3metro Laboral del trimestre septiembre-octubre-noviembre, el link es: <a href=\"https:\/\/www.subtrab.gob.cl\/tl\/\">https:\/\/www.subtrab.gob.cl\/tl\/<\/a> y dar click a regi\u00f3n de Ays\u00e9n.<\/p>\n<\/div><\/section><\/div><div  style='height:50px' class='hr hr-invisible   avia-builder-el-6  el_after_av_one_full  el_before_av_social_share '><span class='hr-inner ' ><span class='hr-inner-style'><\/span><\/span><\/div><\/p>\n<div  class='av-social-sharing-box  avia-builder-el-7  el_after_av_hr  el_before_av_hr  '><div class='av-share-box'><h5 class='av-share-link-description av-no-toc '>Compartir esta noticia<\/h5><ul class='av-share-box-list noLightbox'><li class='av-share-link av-social-link-facebook' ><a target=\"_blank\" aria-label=\"Compartir en Facebook\" href='https:\/\/www.facebook.com\/sharer.php?u=https:\/\/radiorevelacionfm.cl\/?p=63278&#038;t=Term%C3%B3metro%20laboral%20regional%3A%20octavo%20mes%20consecutivo%20con%20la%20mayor%20tasa%20de%20ocupaci%C3%B3n%20nacional%20y%20avanzando%20a%20la%20baja%20de%20la%20informalidad' aria-hidden='false' data-av_icon='\ue8f3' data-av_iconfont='entypo-fontello' title='' data-avia-related-tooltip='Compartir en Facebook' rel=\"noopener\"><span class='avia_hidden_link_text'>Compartir en Facebook<\/span><\/a><\/li><li class='av-share-link av-social-link-twitter' ><a target=\"_blank\" aria-label=\"Compartir en Twitter\" href='https:\/\/twitter.com\/share?text=Term%C3%B3metro%20laboral%20regional%3A%20octavo%20mes%20consecutivo%20con%20la%20mayor%20tasa%20de%20ocupaci%C3%B3n%20nacional%20y%20avanzando%20a%20la%20baja%20de%20la%20informalidad&#038;url=https:\/\/radiorevelacionfm.cl\/?p=63278' aria-hidden='false' data-av_icon='\ue8f1' data-av_iconfont='entypo-fontello' title='' data-avia-related-tooltip='Compartir en Twitter' rel=\"noopener\"><span class='avia_hidden_link_text'>Compartir en Twitter<\/span><\/a><\/li><li class='av-share-link av-social-link-whatsapp' ><a target=\"_blank\" aria-label=\"Compartir en Whatsapp\" href='https:\/\/api.whatsapp.com\/send?text=https:\/\/radiorevelacionfm.cl\/?p=63278' aria-hidden='false' data-av_icon='\uf232' data-av_iconfont='entypo-fontello' title='' data-avia-related-tooltip='Compartir en Whatsapp' rel=\"noopener\"><span class='avia_hidden_link_text'>Compartir en Whatsapp<\/span><\/a><\/li><li class='av-share-link av-social-link-linkedin' ><a target=\"_blank\" aria-label=\"Compartir en LinkedIn\" href='https:\/\/linkedin.com\/shareArticle?mini=true&#038;title=Term%C3%B3metro%20laboral%20regional%3A%20octavo%20mes%20consecutivo%20con%20la%20mayor%20tasa%20de%20ocupaci%C3%B3n%20nacional%20y%20avanzando%20a%20la%20baja%20de%20la%20informalidad&#038;url=https:\/\/radiorevelacionfm.cl\/?p=63278' aria-hidden='false' data-av_icon='\ue8fc' data-av_iconfont='entypo-fontello' title='' data-avia-related-tooltip='Compartir en LinkedIn' rel=\"noopener\"><span class='avia_hidden_link_text'>Compartir en LinkedIn<\/span><\/a><\/li><li class='av-share-link av-social-link-mail' ><a  aria-label=\"Compartir por correo\" href='mailto:?subject=Term%C3%B3metro%20laboral%20regional%3A%20octavo%20mes%20consecutivo%20con%20la%20mayor%20tasa%20de%20ocupaci%C3%B3n%20nacional%20y%20avanzando%20a%20la%20baja%20de%20la%20informalidad&#038;body=https:\/\/radiorevelacionfm.cl\/?p=63278' aria-hidden='false' data-av_icon='\ue805' data-av_iconfont='entypo-fontello' title='' data-avia-related-tooltip='Compartir por correo'><span class='avia_hidden_link_text'>Compartir por correo<\/span><\/a><\/li><\/ul><\/div><\/div>\n<div  style='height:50px' class='hr hr-invisible   avia-builder-el-8  el_after_av_social_share  el_before_av_comments_list '><span class='hr-inner ' ><span class='hr-inner-style'><\/span><\/span><\/div>\n<div  class='av-buildercomment  av-blog-meta-html-info-disabled av-blog-meta-tag-disabled  '><\/div>\n","protected":false},"excerpt":{"rendered":"","protected":false},"author":1,"featured_media":63279,"comment_status":"closed","ping_status":"closed","sticky":false,"template":"","format":"standard","meta":{"footnotes":""},"categories":[38],"tags":[],"class_list":["post-63278","post","type-post","status-publish","format-standard","has-post-thumbnail","hentry","category-regional"],"jetpack_featured_media_url":"https:\/\/radiorevelacionfm.cl\/wp-content\/uploads\/2026\/01\/6-72-1-1_optimized-1.jpg","_links":{"self":[{"href":"https:\/\/radiorevelacionfm.cl\/index.php?rest_route=\/wp\/v2\/posts\/63278","targetHints":{"allow":["GET"]}}],"collection":[{"href":"https:\/\/radiorevelacionfm.cl\/index.php?rest_route=\/wp\/v2\/posts"}],"about":[{"href":"https:\/\/radiorevelacionfm.cl\/index.php?rest_route=\/wp\/v2\/types\/post"}],"author":[{"embeddable":true,"href":"https:\/\/radiorevelacionfm.cl\/index.php?rest_route=\/wp\/v2\/users\/1"}],"replies":[{"embeddable":true,"href":"https:\/\/radiorevelacionfm.cl\/index.php?rest_route=%2Fwp%2Fv2%2Fcomments&post=63278"}],"version-history":[{"count":2,"href":"https:\/\/radiorevelacionfm.cl\/index.php?rest_route=\/wp\/v2\/posts\/63278\/revisions"}],"predecessor-version":[{"id":63293,"href":"https:\/\/radiorevelacionfm.cl\/index.php?rest_route=\/wp\/v2\/posts\/63278\/revisions\/63293"}],"wp:featuredmedia":[{"embeddable":true,"href":"https:\/\/radiorevelacionfm.cl\/index.php?rest_route=\/wp\/v2\/media\/63279"}],"wp:attachment":[{"href":"https:\/\/radiorevelacionfm.cl\/index.php?rest_route=%2Fwp%2Fv2%2Fmedia&parent=63278"}],"wp:term":[{"taxonomy":"category","embeddable":true,"href":"https:\/\/radiorevelacionfm.cl\/index.php?rest_route=%2Fwp%2Fv2%2Fcategories&post=63278"},{"taxonomy":"post_tag","embeddable":true,"href":"https:\/\/radiorevelacionfm.cl\/index.php?rest_route=%2Fwp%2Fv2%2Ftags&post=63278"}],"curies":[{"name":"wp","href":"https:\/\/api.w.org\/{rel}","templated":true}]}}