{"id":63276,"date":"2026-01-14T09:55:05","date_gmt":"2026-01-14T12:55:05","guid":{"rendered":"https:\/\/radiorevelacionfm.cl\/?p=63276"},"modified":"2026-01-14T09:55:05","modified_gmt":"2026-01-14T12:55:05","slug":"industria-del-salmon-en-la-patagonia-el-irrefrenable-anhelo-del-control-total","status":"publish","type":"post","link":"https:\/\/radiorevelacionfm.cl\/?p=63276","title":{"rendered":"Industria del salm\u00f3n en la Patagonia: El irrefrenable anhelo del control total"},"content":{"rendered":"<div class=\"flex_column av_one_full  flex_column_div av-zero-column-padding first  avia-builder-el-0  el_before_av_one_full  avia-builder-el-first  \" style='border-radius:0px; '><div  class='avia-image-container  av-styling-    avia-builder-el-1  avia-builder-el-no-sibling  avia-align-center '  itemprop=\"image\" itemscope=\"itemscope\" itemtype=\"https:\/\/schema.org\/ImageObject\"  ><div class='avia-image-container-inner'><div class='avia-image-overlay-wrap'><img decoding=\"async\" class='wp-image-51402 avia-img-lazy-loading-not-51402 avia_image' src=\"https:\/\/radiorevelacionfm.cl\/wp-content\/uploads\/2025\/03\/salmoneras-generico-1_optimized-1.jpg\" alt='' title='salmoneras-generico-(1)_optimized (1)' height=\"600\" width=\"1067\"  itemprop=\"thumbnailUrl\" srcset=\"https:\/\/radiorevelacionfm.cl\/wp-content\/uploads\/2025\/03\/salmoneras-generico-1_optimized-1.jpg 1067w, https:\/\/radiorevelacionfm.cl\/wp-content\/uploads\/2025\/03\/salmoneras-generico-1_optimized-1-300x169.jpg 300w, https:\/\/radiorevelacionfm.cl\/wp-content\/uploads\/2025\/03\/salmoneras-generico-1_optimized-1-1030x579.jpg 1030w, https:\/\/radiorevelacionfm.cl\/wp-content\/uploads\/2025\/03\/salmoneras-generico-1_optimized-1-768x432.jpg 768w, https:\/\/radiorevelacionfm.cl\/wp-content\/uploads\/2025\/03\/salmoneras-generico-1_optimized-1-705x396.jpg 705w, https:\/\/radiorevelacionfm.cl\/wp-content\/uploads\/2025\/03\/salmoneras-generico-1_optimized-1-450x253.jpg 450w, https:\/\/radiorevelacionfm.cl\/wp-content\/uploads\/2025\/03\/salmoneras-generico-1_optimized-1-600x337.jpg 600w\" sizes=\"(max-width: 1067px) 100vw, 1067px\" \/><\/div><\/div><\/div><\/div><div class=\"flex_column av_one_full  flex_column_div av-zero-column-padding first  avia-builder-el-2  el_after_av_one_full  el_before_av_one_full  column-top-margin\" style='border-radius:0px; '><section class=\"av_textblock_section \"  itemscope=\"itemscope\" itemtype=\"https:\/\/schema.org\/BlogPosting\" itemprop=\"blogPost\" ><div class='avia_textblock  '   itemprop=\"text\" ><p style=\"text-align: center;\"><strong><span style=\"font-size: 18pt;\">Industria del salm\u00f3n en la Patagonia: El irrefrenable anhelo del control total<\/span><\/strong><\/p>\n<div id=\"gtx-trans\" style=\"position: absolute; left: -50px; top: 4.31534px;\">\n<div class=\"gtx-trans-icon\"><\/div>\n<\/div>\n<\/div><\/section><\/div><div class=\"flex_column av_one_full  flex_column_div av-zero-column-padding first  avia-builder-el-4  el_after_av_one_full  el_before_av_hr  column-top-margin\" style='border-radius:0px; '><section class=\"av_textblock_section \"  itemscope=\"itemscope\" itemtype=\"https:\/\/schema.org\/BlogPosting\" itemprop=\"blogPost\" ><div class='avia_textblock  '   itemprop=\"text\" ><p style=\"text-align: justify;\">Durante las \u00faltimas semanas, los intereses controladores de la industria del salm\u00f3n han emergido con fuerza una vez m\u00e1s.\u00a0 En este caso, intentando coartar el acceso a la justicia de quienes tienen una idea distinta sobre el destino del litoral austral.\u00a0 A sus representantes ya no les acomoda copar multiplicidad de espacios (Gobierno Regional de Ays\u00e9n, municipios del litoral, academia y centros de investigaci\u00f3n, organizaciones productivas), pretenden adem\u00e1s que no exista voz alguna que no est\u00e9 en l\u00ednea con sus pretensiones.<\/p>\n<p style=\"text-align: justify;\">Los datos as\u00ed lo demuestran.<\/p>\n<p style=\"text-align: justify;\">Si el\u00a0Informe del Bar\u00f3metro Regional Ays\u00e9n 2024\u00a0\u201cChile visto desde sus regiones\u201d, elaborado por la Universidad de Ays\u00e9n,\u00a0<a href=\"https:\/\/www.terram.cl\/estudio-instala-a-la-industria-del-salmon-en-septimo-lugar-al-pensar-en-el-futuro-de-aysen\/\">constata<\/a>\u00a0que, pensando en el futuro de la regi\u00f3n, el sector se ubica en s\u00e9ptimo lugar de valoraci\u00f3n entre la comunidad, en el seminario \u00abSalmonicultura en tensi\u00f3n: equilibrando ciencia, regulaci\u00f3n y naturaleza\u201d su presidente Arturo Clement\u00a0<a href=\"https:\/\/www.youtube.com\/live\/gyA82z__Xg8?si=eZn4f0aNRX_dg6Pp&amp;t=11922\">afirma<\/a>\u00a0que \u201cnosotros hicimos encuestas que difieren de eso\u201d.<\/p>\n<p style=\"text-align: justify;\">Si el estudio de la Universidad Austral de Chile\u00a0\u201cMigraciones estacionales y exportaci\u00f3n global: din\u00e1micas del empleo temporal en el sur de Chile\u201d\u00a0(2025)\u00a0<a href=\"https:\/\/www.salmonexpert.cl\/empleo-trabajadores-uach\/estudio-revela-como-las-migraciones-estacionales-moldean-la-fuerza-laboral-del-salmon-en-chile\/2013951\">cuestiona<\/a>\u00a0la \u201cprecariedad laboral\u201d de la industria acu\u00edcola (y del ar\u00e1ndano), el Consejo del Salm\u00f3n\u00a0<a href=\"https:\/\/drive.google.com\/file\/d\/11aCsiKqD41x-5PzyDQcTipX_nDH371__\/view?usp=sharing\">llama a contextualizar los datos<\/a>\u00a0y rechaza el concepto de \u00abprecarizaci\u00f3n\u00bb, como si la opini\u00f3n de un gremio tuviera la misma fuerza que la ciencia.<\/p>\n<p style=\"text-align: justify;\">Si\u00a0<a href=\"https:\/\/www.theguardian.com\/global-development\/2025\/dec\/02\/chile-salmon-farms-fish-industry\">The Guardian<\/a>\u00a0informa a sus lectores que quienes consumen salm\u00f3n chileno no pueden imaginar \u201ccu\u00e1nta sangre humana lleva en su interior\u201d, el presidente de la Asociaci\u00f3n de Salmonicultores de Magallanes, Carlos Odebret, sale al paso\u00a0<a href=\"https:\/\/www.instagram.com\/p\/DSFrejIgH3U\/\">se\u00f1alando<\/a>\u00a0que \u201cno se puede generalizar\u201d con casos puntuales.\u00a0 En una tr\u00e1gica secuela, hoy la Fiscal\u00eda Local de Puerto Cisnes\u00a0<a href=\"https:\/\/www.salmonexpert.cl\/australis-australis-seafoods-aysen\/australis-lamenta-fallecimiento-de-buzo-en-su-centro-y-trabaja-en-esclarecer-los-hechos\/2050570\">investiga<\/a>\u00a0la muerte de un buzo en las instalaciones de la salmonera Australis al norte de la provincia de Ays\u00e9n.<\/p>\n<p style=\"text-align: justify;\">Si el\u00a0Consejo para la Transparencia\u00a0obliga a la Subsecretar\u00eda de Pesca a develar los antecedentes que obren en su poder sobre el retiro de salmoneras desde parques nacionales (proceso de relocalizaci\u00f3n), AquaChile\u00a0<a href=\"https:\/\/radiogenial.cl\/2025\/11\/11\/aqua-chile-entorpece-decision-del-cplt-que-obliga-a-subpesca-a-transparentar-informacion-sobre-relocalizacion-de-salmoneras\/\">se opone<\/a>\u00a0elevando el procedimiento a la Corte de Apelaciones de Coyhaique.<\/p>\n<p style=\"text-align: justify;\">Y lo \u00faltimo: reprimir el acceso a la justicia.<\/p>\n<p style=\"text-align: justify;\">En una reciente\u00a0<a href=\"https:\/\/www.eldivisadero.cl\/_noticia\/Amarres-y-desprolijidad-administrativa\/ODE0Nzc=\">carta al director<\/a>\u00a0publicada en varios medios del sur, el gerente de Asuntos Corporativos de SalmonChile, Tom\u00e1s Monge, se refiere al rechazo, por segunda vez, de dos Espacios Costeros Marinos de Pueblos Originarios (ECMPO) en Ays\u00e9n por parte de la Comisi\u00f3n Regional de Uso del Borde Costero.\u00a0 En lo concreto, cuestiona que las comunidades ind\u00edgenas involucradas recurrieran ante los tribunales de justicia, expresando que \u00e9stas \u201cvolvieron a judicializar esta segunda votaci\u00f3n con un nuevo recurso frente a la Corte de Apelaciones de Ays\u00e9n\u201d.<\/p>\n<p style=\"text-align: justify;\">Lo que convenientemente el ejecutivo no menciona es que si este a\u00f1o se debi\u00f3 votar nuevamente la solicitud fue porque la Corte Suprema revoc\u00f3 un rechazo similar del 29 de febrero de 2024, en el que el propio Monge estuvo entre quienes se sumaron a la decisi\u00f3n que el m\u00e1ximo tribunal consider\u00f3 ilegal. \u00a0El\u00a0<a href=\"https:\/\/drive.google.com\/file\/d\/14G8OyCryZ-XTw2iijm1Unlyi9nzhrR1W\/view?usp=sharing\">acta<\/a>\u00a0as\u00ed lo consigna.<\/p>\n<p style=\"text-align: justify;\">Por eso, cuando se\u00f1ala que las \u201cdesprolijidades administrativas\u201d en diversos procesos ECMPO generan \u201cun clima de desconfianza en las instituciones que es prioritario corregir\u201d ser\u00eda positivo que no s\u00f3lo mirara allende los intereses de la industria que representa.\u00a0 Si hay algo que da\u00f1a a su sector es precisamente hacer las cosas mal.\u00a0 Y hoy aspirar al control total.<\/p>\n<p style=\"text-align: justify;\">Cualquier actividad, econ\u00f3mica o no, que ans\u00ede legitimarse entre la sociedad debe\u00a0<a href=\"https:\/\/tehuelchenoticias.cl\/nuevo_sitio\/2025\/04\/08\/columna-industria-del-salmon-impermeable-al-aprendizaje-en-clave-de-bien-comun\/\">hacerse cargo de sus errores<\/a>.\u00a0 Primero, reconoci\u00e9ndolos.\u00a0 Segundo, asumiendo el costo de compensarlos. Tercero, generando las condiciones para que no vuelvan a ocurrir.<\/p>\n<p style=\"text-align: justify;\">Nada de ello ocurre con la industria del salm\u00f3n en el sur de Chile. Al contrario, insiste en imponer su propio relato gracias al poder que se le ha entregado desde la institucionalidad y ciertos actores pol\u00edticos.\u00a0 \u00a0Donde cualquier estudio, investigaci\u00f3n o informe independiente contrario a sus intereses es desestimado, porque lo \u00fanico v\u00e1lido es lo que emerge desde sus particulares intereses. Aunque sea s\u00f3lo una opini\u00f3n.<\/p>\n<p style=\"text-align: justify;\">Es leg\u00edtimos que existan quienes se sientan c\u00f3modos viviendo bajo el alero de Mr. Burns, el siniestro controlador de la planta nuclear del Springfield de Los Simpson. \u00a0\u00a0As\u00ed como tambi\u00e9n lo es disentir de los due\u00f1os del pueblo, sea en modo libertad de expresi\u00f3n, organizaci\u00f3n, investigaci\u00f3n o simplemente ejerciendo un derecho tan fundamental como recurrir a un tribunal.<\/p>\n<p><em>Por: Patricio Segura Ortiz, periodista<\/em><\/p>\n<\/div><\/section><\/div><div  style='height:50px' class='hr hr-invisible   avia-builder-el-6  el_after_av_one_full  el_before_av_social_share '><span class='hr-inner ' ><span class='hr-inner-style'><\/span><\/span><\/div><\/p>\n<div  class='av-social-sharing-box  avia-builder-el-7  el_after_av_hr  el_before_av_hr  '><div class='av-share-box'><h5 class='av-share-link-description av-no-toc '>Compartir esta noticia<\/h5><ul class='av-share-box-list noLightbox'><li class='av-share-link av-social-link-facebook' ><a target=\"_blank\" aria-label=\"Compartir en Facebook\" href='https:\/\/www.facebook.com\/sharer.php?u=https:\/\/radiorevelacionfm.cl\/?p=63276&#038;t=Industria%20del%20salm%C3%B3n%20en%20la%20Patagonia%3A%20El%20irrefrenable%20anhelo%20del%20control%20total' aria-hidden='false' data-av_icon='\ue8f3' data-av_iconfont='entypo-fontello' title='' data-avia-related-tooltip='Compartir en Facebook' rel=\"noopener\"><span class='avia_hidden_link_text'>Compartir en Facebook<\/span><\/a><\/li><li class='av-share-link av-social-link-twitter' ><a target=\"_blank\" aria-label=\"Compartir en Twitter\" href='https:\/\/twitter.com\/share?text=Industria%20del%20salm%C3%B3n%20en%20la%20Patagonia%3A%20El%20irrefrenable%20anhelo%20del%20control%20total&#038;url=https:\/\/radiorevelacionfm.cl\/?p=63276' aria-hidden='false' data-av_icon='\ue8f1' data-av_iconfont='entypo-fontello' title='' data-avia-related-tooltip='Compartir en Twitter' rel=\"noopener\"><span class='avia_hidden_link_text'>Compartir en Twitter<\/span><\/a><\/li><li class='av-share-link av-social-link-whatsapp' ><a target=\"_blank\" aria-label=\"Compartir en Whatsapp\" href='https:\/\/api.whatsapp.com\/send?text=https:\/\/radiorevelacionfm.cl\/?p=63276' aria-hidden='false' data-av_icon='\uf232' data-av_iconfont='entypo-fontello' title='' data-avia-related-tooltip='Compartir en Whatsapp' rel=\"noopener\"><span class='avia_hidden_link_text'>Compartir en Whatsapp<\/span><\/a><\/li><li class='av-share-link av-social-link-linkedin' ><a target=\"_blank\" aria-label=\"Compartir en LinkedIn\" href='https:\/\/linkedin.com\/shareArticle?mini=true&#038;title=Industria%20del%20salm%C3%B3n%20en%20la%20Patagonia%3A%20El%20irrefrenable%20anhelo%20del%20control%20total&#038;url=https:\/\/radiorevelacionfm.cl\/?p=63276' aria-hidden='false' data-av_icon='\ue8fc' data-av_iconfont='entypo-fontello' title='' data-avia-related-tooltip='Compartir en LinkedIn' rel=\"noopener\"><span class='avia_hidden_link_text'>Compartir en LinkedIn<\/span><\/a><\/li><li class='av-share-link av-social-link-mail' ><a  aria-label=\"Compartir por correo\" href='mailto:?subject=Industria%20del%20salm%C3%B3n%20en%20la%20Patagonia%3A%20El%20irrefrenable%20anhelo%20del%20control%20total&#038;body=https:\/\/radiorevelacionfm.cl\/?p=63276' aria-hidden='false' data-av_icon='\ue805' data-av_iconfont='entypo-fontello' title='' data-avia-related-tooltip='Compartir por correo'><span class='avia_hidden_link_text'>Compartir por correo<\/span><\/a><\/li><\/ul><\/div><\/div>\n<div  style='height:50px' class='hr hr-invisible   avia-builder-el-8  el_after_av_social_share  el_before_av_comments_list '><span class='hr-inner ' ><span class='hr-inner-style'><\/span><\/span><\/div>\n<div  class='av-buildercomment  av-blog-meta-html-info-disabled av-blog-meta-tag-disabled  '><\/div>\n","protected":false},"excerpt":{"rendered":"","protected":false},"author":1,"featured_media":51402,"comment_status":"closed","ping_status":"closed","sticky":false,"template":"","format":"standard","meta":{"footnotes":""},"categories":[50],"tags":[],"class_list":["post-63276","post","type-post","status-publish","format-standard","has-post-thumbnail","hentry","category-cartas-y-opinion"],"jetpack_featured_media_url":"https:\/\/radiorevelacionfm.cl\/wp-content\/uploads\/2025\/03\/salmoneras-generico-1_optimized-1.jpg","_links":{"self":[{"href":"https:\/\/radiorevelacionfm.cl\/index.php?rest_route=\/wp\/v2\/posts\/63276","targetHints":{"allow":["GET"]}}],"collection":[{"href":"https:\/\/radiorevelacionfm.cl\/index.php?rest_route=\/wp\/v2\/posts"}],"about":[{"href":"https:\/\/radiorevelacionfm.cl\/index.php?rest_route=\/wp\/v2\/types\/post"}],"author":[{"embeddable":true,"href":"https:\/\/radiorevelacionfm.cl\/index.php?rest_route=\/wp\/v2\/users\/1"}],"replies":[{"embeddable":true,"href":"https:\/\/radiorevelacionfm.cl\/index.php?rest_route=%2Fwp%2Fv2%2Fcomments&post=63276"}],"version-history":[{"count":2,"href":"https:\/\/radiorevelacionfm.cl\/index.php?rest_route=\/wp\/v2\/posts\/63276\/revisions"}],"predecessor-version":[{"id":63284,"href":"https:\/\/radiorevelacionfm.cl\/index.php?rest_route=\/wp\/v2\/posts\/63276\/revisions\/63284"}],"wp:featuredmedia":[{"embeddable":true,"href":"https:\/\/radiorevelacionfm.cl\/index.php?rest_route=\/wp\/v2\/media\/51402"}],"wp:attachment":[{"href":"https:\/\/radiorevelacionfm.cl\/index.php?rest_route=%2Fwp%2Fv2%2Fmedia&parent=63276"}],"wp:term":[{"taxonomy":"category","embeddable":true,"href":"https:\/\/radiorevelacionfm.cl\/index.php?rest_route=%2Fwp%2Fv2%2Fcategories&post=63276"},{"taxonomy":"post_tag","embeddable":true,"href":"https:\/\/radiorevelacionfm.cl\/index.php?rest_route=%2Fwp%2Fv2%2Ftags&post=63276"}],"curies":[{"name":"wp","href":"https:\/\/api.w.org\/{rel}","templated":true}]}}