{"id":63270,"date":"2026-01-13T21:17:59","date_gmt":"2026-01-14T00:17:59","guid":{"rendered":"https:\/\/radiorevelacionfm.cl\/?p=63270"},"modified":"2026-01-13T21:22:46","modified_gmt":"2026-01-14T00:22:46","slug":"senador-sandoval-aysen-tiene-que-empezar-a-mirar-la-ruta-7-no-solamente-dentro-de-la-region-sino-que-ahora-tambien-desde-la-zona-de-palena","status":"publish","type":"post","link":"https:\/\/radiorevelacionfm.cl\/?p=63270","title":{"rendered":"Senador Sandoval: \u201cAys\u00e9n tiene que empezar a mirar la Ruta 7 no solamente dentro de la regi\u00f3n, sino que ahora tambi\u00e9n desde la zona de Palena\u201d"},"content":{"rendered":"<div class=\"flex_column av_one_full  flex_column_div av-zero-column-padding first  avia-builder-el-0  el_before_av_one_full  avia-builder-el-first  \" style='border-radius:0px; '><div  class='avia-image-container  av-styling-    avia-builder-el-1  avia-builder-el-no-sibling  avia-align-center '  itemprop=\"image\" itemscope=\"itemscope\" itemtype=\"https:\/\/schema.org\/ImageObject\"  ><div class='avia-image-container-inner'><div class='avia-image-overlay-wrap'><img decoding=\"async\" class='wp-image-63271 avia-img-lazy-loading-not-63271 avia_image' src=\"https:\/\/radiorevelacionfm.cl\/wp-content\/uploads\/2026\/01\/caleta-gonzalo-caleta-gonzalo-1_optimized-1.jpeg\" alt='' title='caleta-gonzalo-caleta-gonzalo-(1)_optimized (1)' height=\"600\" width=\"801\"  itemprop=\"thumbnailUrl\" srcset=\"https:\/\/radiorevelacionfm.cl\/wp-content\/uploads\/2026\/01\/caleta-gonzalo-caleta-gonzalo-1_optimized-1.jpeg 801w, https:\/\/radiorevelacionfm.cl\/wp-content\/uploads\/2026\/01\/caleta-gonzalo-caleta-gonzalo-1_optimized-1-300x225.jpeg 300w, https:\/\/radiorevelacionfm.cl\/wp-content\/uploads\/2026\/01\/caleta-gonzalo-caleta-gonzalo-1_optimized-1-768x575.jpeg 768w, https:\/\/radiorevelacionfm.cl\/wp-content\/uploads\/2026\/01\/caleta-gonzalo-caleta-gonzalo-1_optimized-1-705x528.jpeg 705w, https:\/\/radiorevelacionfm.cl\/wp-content\/uploads\/2026\/01\/caleta-gonzalo-caleta-gonzalo-1_optimized-1-450x337.jpeg 450w, https:\/\/radiorevelacionfm.cl\/wp-content\/uploads\/2026\/01\/caleta-gonzalo-caleta-gonzalo-1_optimized-1-600x449.jpeg 600w\" sizes=\"(max-width: 801px) 100vw, 801px\" \/><\/div><\/div><\/div><\/div>\n<div class=\"flex_column av_one_full  flex_column_div av-zero-column-padding first  avia-builder-el-2  el_after_av_one_full  el_before_av_one_full  column-top-margin\" style='border-radius:0px; '><section class=\"av_textblock_section \"  itemscope=\"itemscope\" itemtype=\"https:\/\/schema.org\/BlogPosting\" itemprop=\"blogPost\" ><div class='avia_textblock  '   itemprop=\"text\" ><p style=\"text-align: center;\"><strong><span style=\"font-size: 18pt;\">Senador Sandoval: \u201cAys\u00e9n tiene que empezar a mirar la Ruta 7 no solamente dentro de la regi\u00f3n, sino que ahora tambi\u00e9n desde la zona de Palena\u201d<\/span><\/strong><\/p>\n<div id=\"gtx-trans\" style=\"position: absolute; left: -50px; top: 4.31534px;\">\n<div class=\"gtx-trans-icon\"><\/div>\n<\/div>\n<\/div><\/section><\/div>\n<div class=\"flex_column av_one_full  flex_column_div av-zero-column-padding first  avia-builder-el-4  el_after_av_one_full  el_before_av_hr  column-top-margin\" style='border-radius:0px; '><section class=\"av_textblock_section \"  itemscope=\"itemscope\" itemtype=\"https:\/\/schema.org\/BlogPosting\" itemprop=\"blogPost\" ><div class='avia_textblock  '   itemprop=\"text\" ><p style=\"text-align: justify;\"><strong><em>El parlamentario lament\u00f3 ca\u00edda definitiva del proyecto de pavimentaci\u00f3n en Caleta Gonzalo y advierte retroceso.<\/em><\/strong><\/p>\n<p style=\"text-align: justify;\">El senador David Sandoval manifest\u00f3 su profunda preocupaci\u00f3n por la ca\u00edda definitiva del proyecto de pavimentaci\u00f3n de la Ruta 7 en el sector de Caleta Gonzalo, en la provincia de Palena, situaci\u00f3n que considera un retroceso significativo para la conectividad y continuidad de pavimentos de la Carretera Austral hacia Puerto Montt.<\/p>\n<p style=\"text-align: justify;\">El parlamentario se\u00f1al\u00f3 que el seguimiento permanente que se realiza a la Ruta 7 dentro de la regi\u00f3n de Ays\u00e9n debe ampliarse hacia el norte, considerando los problemas que hoy afectan a dicha provincia. \u201cAs\u00ed como nosotros estamos permanentemente viendo qu\u00e9 es lo que pasa con la Ruta 7 en la regi\u00f3n de Ays\u00e9n, creo que de aqu\u00ed en adelante tenemos que empezar tambi\u00e9n a mirar hasta lo que est\u00e1 pasando en la zona de Palena\u201d, afirm\u00f3.<\/p>\n<p style=\"text-align: justify;\">En ese contexto, el senador advirti\u00f3 que existen m\u00faltiples materias pendientes tanto desde el punto de vista t\u00e9cnico como administrativo, y expres\u00f3 su preocupaci\u00f3n por la reciente ca\u00edda del proyecto de pavimentaci\u00f3n. \u201cNos llama profundamente la atenci\u00f3n (\u2026) Desgraciadamente no se continu\u00f3 el proceso de adjudicaci\u00f3n por observaciones serias que realiz\u00f3 la Contralor\u00eda General de la Rep\u00fablica y que por lo tanto ese proyecto ya est\u00e1 definitivamente ca\u00eddo\u201d, se\u00f1al\u00f3.<\/p>\n<p style=\"text-align: justify;\">Sandoval recalc\u00f3 la importancia estrat\u00e9gica de este tramo para la conectividad del sur austral, enfatizando que se trata de un punto clave para la continuidad de la ruta. \u201c\u00bfQu\u00e9 tiene que ver para nosotros esta zona? Bueno, es fundamental, porque ah\u00ed est\u00e1 la continuidad de la ruta y la eventual conexi\u00f3n definitiva con Puerto Montt. Esta ca\u00edda del sector de Caleta Gonzalo, es una zona de pavimentaci\u00f3n que contempla este proyecto, desgraciadamente es un retroceso\u201d, sostuvo.<\/p>\n<p style=\"text-align: justify;\">Asimismo, el senador plante\u00f3 que Ays\u00e9n debe asumir un rol m\u00e1s activo en la defensa de la Ruta 7 m\u00e1s all\u00e1 de sus l\u00edmites regionales, considerando que en la provincia de Palena la pavimentaci\u00f3n de la carretera no tiene el mismo nivel de prioridad. \u201cEn esa zona, la pavimentaci\u00f3n de la Ruta 7 no tiene el mismo inter\u00e9s que tenemos nosotros\u201d, afirm\u00f3.<\/p>\n<p style=\"text-align: justify;\">Finalmente, el parlamentario lament\u00f3 las consecuencias que tendr\u00e1 la ca\u00edda definitiva del proyecto, que deber\u00e1 ser sometido a una nueva licitaci\u00f3n, con las demoras que ello implica, especialmente en un escenario de cambio de gobierno. \u201cLamentamos seriamente la ca\u00edda definitiva de este proyecto de pavimentaci\u00f3n, que va a tener que hacerse otra licitaci\u00f3n y obviamente la demora que esto significa, y particularmente en un periodo de cambio de gobierno\u201d, concluy\u00f3.<\/p>\n<\/div><\/section><\/div><div  style='height:50px' class='hr hr-invisible   avia-builder-el-6  el_after_av_one_full  el_before_av_social_share '><span class='hr-inner ' ><span class='hr-inner-style'><\/span><\/span><\/div><\/p>\n<div  class='av-social-sharing-box  avia-builder-el-7  el_after_av_hr  el_before_av_hr  '><div class='av-share-box'><h5 class='av-share-link-description av-no-toc '>Compartir esta noticia<\/h5><ul class='av-share-box-list noLightbox'><li class='av-share-link av-social-link-facebook' ><a target=\"_blank\" aria-label=\"Compartir en Facebook\" href='https:\/\/www.facebook.com\/sharer.php?u=https:\/\/radiorevelacionfm.cl\/?p=63270&#038;t=Senador%20Sandoval%3A%20%E2%80%9CAys%C3%A9n%20tiene%20que%20empezar%20a%20mirar%20la%20Ruta%207%20no%20solamente%20dentro%20de%20la%20regi%C3%B3n%2C%20sino%20que%20ahora%20tambi%C3%A9n%20desde%20la%20zona%20de%20Palena%E2%80%9D' aria-hidden='false' data-av_icon='\ue8f3' data-av_iconfont='entypo-fontello' title='' data-avia-related-tooltip='Compartir en Facebook' rel=\"noopener\"><span class='avia_hidden_link_text'>Compartir en Facebook<\/span><\/a><\/li><li class='av-share-link av-social-link-twitter' ><a target=\"_blank\" aria-label=\"Compartir en Twitter\" href='https:\/\/twitter.com\/share?text=Senador%20Sandoval%3A%20%E2%80%9CAys%C3%A9n%20tiene%20que%20empezar%20a%20mirar%20la%20Ruta%207%20no%20solamente%20dentro%20de%20la%20regi%C3%B3n%2C%20sino%20que%20ahora%20tambi%C3%A9n%20desde%20la%20zona%20de%20Palena%E2%80%9D&#038;url=https:\/\/radiorevelacionfm.cl\/?p=63270' aria-hidden='false' data-av_icon='\ue8f1' data-av_iconfont='entypo-fontello' title='' data-avia-related-tooltip='Compartir en Twitter' rel=\"noopener\"><span class='avia_hidden_link_text'>Compartir en Twitter<\/span><\/a><\/li><li class='av-share-link av-social-link-whatsapp' ><a target=\"_blank\" aria-label=\"Compartir en Whatsapp\" href='https:\/\/api.whatsapp.com\/send?text=https:\/\/radiorevelacionfm.cl\/?p=63270' aria-hidden='false' data-av_icon='\uf232' data-av_iconfont='entypo-fontello' title='' data-avia-related-tooltip='Compartir en Whatsapp' rel=\"noopener\"><span class='avia_hidden_link_text'>Compartir en Whatsapp<\/span><\/a><\/li><li class='av-share-link av-social-link-linkedin' ><a target=\"_blank\" aria-label=\"Compartir en LinkedIn\" href='https:\/\/linkedin.com\/shareArticle?mini=true&#038;title=Senador%20Sandoval%3A%20%E2%80%9CAys%C3%A9n%20tiene%20que%20empezar%20a%20mirar%20la%20Ruta%207%20no%20solamente%20dentro%20de%20la%20regi%C3%B3n%2C%20sino%20que%20ahora%20tambi%C3%A9n%20desde%20la%20zona%20de%20Palena%E2%80%9D&#038;url=https:\/\/radiorevelacionfm.cl\/?p=63270' aria-hidden='false' data-av_icon='\ue8fc' data-av_iconfont='entypo-fontello' title='' data-avia-related-tooltip='Compartir en LinkedIn' rel=\"noopener\"><span class='avia_hidden_link_text'>Compartir en LinkedIn<\/span><\/a><\/li><li class='av-share-link av-social-link-mail' ><a  aria-label=\"Compartir por correo\" href='mailto:?subject=Senador%20Sandoval%3A%20%E2%80%9CAys%C3%A9n%20tiene%20que%20empezar%20a%20mirar%20la%20Ruta%207%20no%20solamente%20dentro%20de%20la%20regi%C3%B3n%2C%20sino%20que%20ahora%20tambi%C3%A9n%20desde%20la%20zona%20de%20Palena%E2%80%9D&#038;body=https:\/\/radiorevelacionfm.cl\/?p=63270' aria-hidden='false' data-av_icon='\ue805' data-av_iconfont='entypo-fontello' title='' data-avia-related-tooltip='Compartir por correo'><span class='avia_hidden_link_text'>Compartir por correo<\/span><\/a><\/li><\/ul><\/div><\/div>\n<div  style='height:50px' class='hr hr-invisible   avia-builder-el-8  el_after_av_social_share  el_before_av_comments_list '><span class='hr-inner ' ><span class='hr-inner-style'><\/span><\/span><\/div>\n<div  class='av-buildercomment  av-blog-meta-html-info-disabled av-blog-meta-tag-disabled  '><\/div>\n","protected":false},"excerpt":{"rendered":"","protected":false},"author":1,"featured_media":63271,"comment_status":"closed","ping_status":"closed","sticky":false,"template":"","format":"standard","meta":{"footnotes":""},"categories":[35],"tags":[],"class_list":["post-63270","post","type-post","status-publish","format-standard","has-post-thumbnail","hentry","category-politica"],"jetpack_featured_media_url":"https:\/\/radiorevelacionfm.cl\/wp-content\/uploads\/2026\/01\/caleta-gonzalo-caleta-gonzalo-1_optimized-1.jpeg","_links":{"self":[{"href":"https:\/\/radiorevelacionfm.cl\/index.php?rest_route=\/wp\/v2\/posts\/63270","targetHints":{"allow":["GET"]}}],"collection":[{"href":"https:\/\/radiorevelacionfm.cl\/index.php?rest_route=\/wp\/v2\/posts"}],"about":[{"href":"https:\/\/radiorevelacionfm.cl\/index.php?rest_route=\/wp\/v2\/types\/post"}],"author":[{"embeddable":true,"href":"https:\/\/radiorevelacionfm.cl\/index.php?rest_route=\/wp\/v2\/users\/1"}],"replies":[{"embeddable":true,"href":"https:\/\/radiorevelacionfm.cl\/index.php?rest_route=%2Fwp%2Fv2%2Fcomments&post=63270"}],"version-history":[{"count":3,"href":"https:\/\/radiorevelacionfm.cl\/index.php?rest_route=\/wp\/v2\/posts\/63270\/revisions"}],"predecessor-version":[{"id":63274,"href":"https:\/\/radiorevelacionfm.cl\/index.php?rest_route=\/wp\/v2\/posts\/63270\/revisions\/63274"}],"wp:featuredmedia":[{"embeddable":true,"href":"https:\/\/radiorevelacionfm.cl\/index.php?rest_route=\/wp\/v2\/media\/63271"}],"wp:attachment":[{"href":"https:\/\/radiorevelacionfm.cl\/index.php?rest_route=%2Fwp%2Fv2%2Fmedia&parent=63270"}],"wp:term":[{"taxonomy":"category","embeddable":true,"href":"https:\/\/radiorevelacionfm.cl\/index.php?rest_route=%2Fwp%2Fv2%2Fcategories&post=63270"},{"taxonomy":"post_tag","embeddable":true,"href":"https:\/\/radiorevelacionfm.cl\/index.php?rest_route=%2Fwp%2Fv2%2Ftags&post=63270"}],"curies":[{"name":"wp","href":"https:\/\/api.w.org\/{rel}","templated":true}]}}