{"id":6327,"date":"2021-07-16T11:49:21","date_gmt":"2021-07-16T14:49:21","guid":{"rendered":"https:\/\/radiorevelacionfm.cl\/?p=6327"},"modified":"2021-07-16T11:49:21","modified_gmt":"2021-07-16T14:49:21","slug":"en-aysen-coordinan-acciones-de-cara-a-eleccion-de-primarias-presidenciales","status":"publish","type":"post","link":"https:\/\/radiorevelacionfm.cl\/?p=6327","title":{"rendered":"En Ays\u00e9n coordinan acciones de cara a elecci\u00f3n de primarias presidenciales"},"content":{"rendered":"<div class=\"flex_column av_one_full  flex_column_div av-zero-column-padding first  avia-builder-el-0  el_before_av_one_full  avia-builder-el-first  \" style='border-radius:0px; '><div  class='avia-image-container  av-styling-    avia-builder-el-1  avia-builder-el-no-sibling  avia-align-center '  itemprop=\"image\" itemscope=\"itemscope\" itemtype=\"https:\/\/schema.org\/ImageObject\"  ><div class='avia-image-container-inner'><div class='avia-image-overlay-wrap'><img decoding=\"async\" class='wp-image-6328 avia-img-lazy-loading-not-6328 avia_image' src=\"https:\/\/radiorevelacionfm.cl\/wp-content\/uploads\/2021\/07\/IMG_Aysen-1-1.jpg\" alt='' title='IMG_Aysen (1) (1)' height=\"600\" width=\"800\"  itemprop=\"thumbnailUrl\" srcset=\"https:\/\/radiorevelacionfm.cl\/wp-content\/uploads\/2021\/07\/IMG_Aysen-1-1.jpg 800w, https:\/\/radiorevelacionfm.cl\/wp-content\/uploads\/2021\/07\/IMG_Aysen-1-1-300x225.jpg 300w, https:\/\/radiorevelacionfm.cl\/wp-content\/uploads\/2021\/07\/IMG_Aysen-1-1-768x576.jpg 768w, https:\/\/radiorevelacionfm.cl\/wp-content\/uploads\/2021\/07\/IMG_Aysen-1-1-705x529.jpg 705w, https:\/\/radiorevelacionfm.cl\/wp-content\/uploads\/2021\/07\/IMG_Aysen-1-1-600x450.jpg 600w\" sizes=\"(max-width: 800px) 100vw, 800px\" \/><\/div><\/div><\/div><\/div><div class=\"flex_column av_one_full  flex_column_div av-zero-column-padding first  avia-builder-el-2  el_after_av_one_full  el_before_av_one_full  column-top-margin\" style='border-radius:0px; '><section class=\"av_textblock_section \"  itemscope=\"itemscope\" itemtype=\"https:\/\/schema.org\/BlogPosting\" itemprop=\"blogPost\" ><div class='avia_textblock  '   itemprop=\"text\" ><p style=\"text-align: center;\"><span style=\"font-size: 18pt;\"><strong>En Ays\u00e9n coordinan acciones de cara a elecci\u00f3n de primarias presidenciales<\/strong><\/span><\/p>\n<div id=\"gtx-trans\" style=\"position: absolute; left: -50px; top: 4.31534px;\">\n<div class=\"gtx-trans-icon\"><\/div>\n<\/div>\n<\/div><\/section><\/div><div class=\"flex_column av_one_full  flex_column_div av-zero-column-padding first  avia-builder-el-4  el_after_av_one_full  el_before_av_hr  column-top-margin\" style='border-radius:0px; '><section class=\"av_textblock_section \"  itemscope=\"itemscope\" itemtype=\"https:\/\/schema.org\/BlogPosting\" itemprop=\"blogPost\" ><div class='avia_textblock  '   itemprop=\"text\" ><p style=\"text-align: justify;\">Con el objetivo de afinar todos los detalles de cara a lo que ser\u00e1n las primarias presidenciales de este fin de semana a nivel pa\u00eds, este mi\u00e9rcoles en dependencias del municipio aysenino se llev\u00f3 a cabo una reuni\u00f3n de coordinaci\u00f3n, que cont\u00f3 con la participaci\u00f3n de representantes del Servicio Electoral as\u00ed como los delegados de los establecimientos educacionales que ser\u00e1n locales de votaci\u00f3n, conjuntamente a funcionarios municipales, encabezados por el jefe de gabinete, Marco Co\u00f1uecar, en representaci\u00f3n del alcalde de la comuna, Julio Uribe.<\/p>\n<p style=\"text-align: justify;\">De esta manera, Co\u00f1uecar Villegas extendi\u00f3 la invitaci\u00f3n a los vecinos y vecinas de las localidades ayseninas para que sean parte de esta instancia democr\u00e1tica que se llevar\u00e1 a cabo el pr\u00f3ximo domingo 18 de julio, que adem\u00e1s contar\u00e1 con todas las medidas de prevenci\u00f3n establecidas por el ministerio de salud, as\u00ed como la log\u00edstica y operatividad necesaria en este nuevo proceso eleccionario.<\/p>\n<p style=\"text-align: justify;\">\u201cComo municipio estamos aportando y apoyando en todo lo que sea necesario para que \u00e9ste sea un proceso que cumpla con todas las normativas del MINSAL. Quiero hacer un llamado a los vecinos de Villa Ma\u00f1ihuales, Puerto Chacabuco, Islas Huichas, Puerto Ays\u00e9n y alrededores para que se sumen al proceso el d\u00eda domingo. Los locales se encuentran todos sanitizados, el equipo municipal est\u00e1 en todas las instalaciones con los protocolos para poder cumplir cabalmente con lo que nos dicta la norma\u201d.<\/p>\n<p style=\"text-align: justify;\">El personero municipal agreg\u00f3 que \u201cel llamado es a ser parte de acto eleccionario, las cifras han sido muy bajas y creemos que es necesario que este domingo todos puedan sumarse, ese es el mensaje y por supuesto desde el municipio estamos llanos a poder cumplir con todos sus requerimientos\u201d, finaliz\u00f3.<\/p>\n<\/div><\/section><\/div><div  style='height:50px' class='hr hr-invisible   avia-builder-el-6  el_after_av_one_full  el_before_av_social_share '><span class='hr-inner ' ><span class='hr-inner-style'><\/span><\/span><\/div><\/p>\n<div  class='av-social-sharing-box  avia-builder-el-7  el_after_av_hr  el_before_av_hr  '><div class='av-share-box'><h5 class='av-share-link-description av-no-toc '>Compartir esta noticia<\/h5><ul class='av-share-box-list noLightbox'><li class='av-share-link av-social-link-facebook' ><a target=\"_blank\" aria-label=\"Compartir en Facebook\" href='https:\/\/www.facebook.com\/sharer.php?u=https:\/\/radiorevelacionfm.cl\/?p=6327&#038;t=En%20Ays%C3%A9n%20coordinan%20acciones%20de%20cara%20a%20elecci%C3%B3n%20de%20primarias%20presidenciales' aria-hidden='false' data-av_icon='\ue8f3' data-av_iconfont='entypo-fontello' title='' data-avia-related-tooltip='Compartir en Facebook' rel=\"noopener\"><span class='avia_hidden_link_text'>Compartir en Facebook<\/span><\/a><\/li><li class='av-share-link av-social-link-twitter' ><a target=\"_blank\" aria-label=\"Compartir en Twitter\" href='https:\/\/twitter.com\/share?text=En%20Ays%C3%A9n%20coordinan%20acciones%20de%20cara%20a%20elecci%C3%B3n%20de%20primarias%20presidenciales&#038;url=https:\/\/radiorevelacionfm.cl\/?p=6327' aria-hidden='false' data-av_icon='\ue8f1' data-av_iconfont='entypo-fontello' title='' data-avia-related-tooltip='Compartir en Twitter' rel=\"noopener\"><span class='avia_hidden_link_text'>Compartir en Twitter<\/span><\/a><\/li><li class='av-share-link av-social-link-whatsapp' ><a target=\"_blank\" aria-label=\"Compartir en Whatsapp\" href='https:\/\/api.whatsapp.com\/send?text=https:\/\/radiorevelacionfm.cl\/?p=6327' aria-hidden='false' data-av_icon='\uf232' data-av_iconfont='entypo-fontello' title='' data-avia-related-tooltip='Compartir en Whatsapp' rel=\"noopener\"><span class='avia_hidden_link_text'>Compartir en Whatsapp<\/span><\/a><\/li><li class='av-share-link av-social-link-linkedin' ><a target=\"_blank\" aria-label=\"Compartir en LinkedIn\" href='https:\/\/linkedin.com\/shareArticle?mini=true&#038;title=En%20Ays%C3%A9n%20coordinan%20acciones%20de%20cara%20a%20elecci%C3%B3n%20de%20primarias%20presidenciales&#038;url=https:\/\/radiorevelacionfm.cl\/?p=6327' aria-hidden='false' data-av_icon='\ue8fc' data-av_iconfont='entypo-fontello' title='' data-avia-related-tooltip='Compartir en LinkedIn' rel=\"noopener\"><span class='avia_hidden_link_text'>Compartir en LinkedIn<\/span><\/a><\/li><li class='av-share-link av-social-link-mail' ><a  aria-label=\"Compartir por correo\" href='mailto:?subject=En%20Ays%C3%A9n%20coordinan%20acciones%20de%20cara%20a%20elecci%C3%B3n%20de%20primarias%20presidenciales&#038;body=https:\/\/radiorevelacionfm.cl\/?p=6327' aria-hidden='false' data-av_icon='\ue805' data-av_iconfont='entypo-fontello' title='' data-avia-related-tooltip='Compartir por correo'><span class='avia_hidden_link_text'>Compartir por correo<\/span><\/a><\/li><\/ul><\/div><\/div>\n<div  style='height:50px' class='hr hr-invisible   avia-builder-el-8  el_after_av_social_share  el_before_av_comments_list '><span class='hr-inner ' ><span class='hr-inner-style'><\/span><\/span><\/div>\n<div  class='av-buildercomment  av-blog-meta-html-info-disabled av-blog-meta-tag-disabled  '><\/div>\n","protected":false},"excerpt":{"rendered":"","protected":false},"author":1,"featured_media":6328,"comment_status":"open","ping_status":"open","sticky":false,"template":"","format":"standard","meta":{"footnotes":""},"categories":[38],"tags":[],"class_list":["post-6327","post","type-post","status-publish","format-standard","has-post-thumbnail","hentry","category-regional"],"jetpack_featured_media_url":"https:\/\/radiorevelacionfm.cl\/wp-content\/uploads\/2021\/07\/IMG_Aysen-1-1.jpg","_links":{"self":[{"href":"https:\/\/radiorevelacionfm.cl\/index.php?rest_route=\/wp\/v2\/posts\/6327","targetHints":{"allow":["GET"]}}],"collection":[{"href":"https:\/\/radiorevelacionfm.cl\/index.php?rest_route=\/wp\/v2\/posts"}],"about":[{"href":"https:\/\/radiorevelacionfm.cl\/index.php?rest_route=\/wp\/v2\/types\/post"}],"author":[{"embeddable":true,"href":"https:\/\/radiorevelacionfm.cl\/index.php?rest_route=\/wp\/v2\/users\/1"}],"replies":[{"embeddable":true,"href":"https:\/\/radiorevelacionfm.cl\/index.php?rest_route=%2Fwp%2Fv2%2Fcomments&post=6327"}],"version-history":[{"count":1,"href":"https:\/\/radiorevelacionfm.cl\/index.php?rest_route=\/wp\/v2\/posts\/6327\/revisions"}],"predecessor-version":[{"id":6329,"href":"https:\/\/radiorevelacionfm.cl\/index.php?rest_route=\/wp\/v2\/posts\/6327\/revisions\/6329"}],"wp:featuredmedia":[{"embeddable":true,"href":"https:\/\/radiorevelacionfm.cl\/index.php?rest_route=\/wp\/v2\/media\/6328"}],"wp:attachment":[{"href":"https:\/\/radiorevelacionfm.cl\/index.php?rest_route=%2Fwp%2Fv2%2Fmedia&parent=6327"}],"wp:term":[{"taxonomy":"category","embeddable":true,"href":"https:\/\/radiorevelacionfm.cl\/index.php?rest_route=%2Fwp%2Fv2%2Fcategories&post=6327"},{"taxonomy":"post_tag","embeddable":true,"href":"https:\/\/radiorevelacionfm.cl\/index.php?rest_route=%2Fwp%2Fv2%2Ftags&post=6327"}],"curies":[{"name":"wp","href":"https:\/\/api.w.org\/{rel}","templated":true}]}}