{"id":63265,"date":"2026-01-13T21:04:29","date_gmt":"2026-01-14T00:04:29","guid":{"rendered":"https:\/\/radiorevelacionfm.cl\/?p=63265"},"modified":"2026-01-13T21:04:29","modified_gmt":"2026-01-14T00:04:29","slug":"reinsercion-social-juvenil-cumple-su-primer-ano-de-funcionamiento-en-la-region-de-aysen","status":"publish","type":"post","link":"https:\/\/radiorevelacionfm.cl\/?p=63265","title":{"rendered":"Reinserci\u00f3n Social Juvenil cumple su primer a\u00f1o de funcionamiento en la Regi\u00f3n de Ays\u00e9n"},"content":{"rendered":"<div class=\"flex_column av_one_full  flex_column_div av-zero-column-padding first  avia-builder-el-0  el_before_av_one_full  avia-builder-el-first  \" style='border-radius:0px; '><div  class='avia-image-container  av-styling-    avia-builder-el-1  avia-builder-el-no-sibling  avia-align-center '  itemprop=\"image\" itemscope=\"itemscope\" itemtype=\"https:\/\/schema.org\/ImageObject\"  ><div class='avia-image-container-inner'><div class='avia-image-overlay-wrap'><img decoding=\"async\" class='wp-image-63267 avia-img-lazy-loading-not-63267 avia_image' src=\"https:\/\/radiorevelacionfm.cl\/wp-content\/uploads\/2026\/01\/foto-1-96-1_optimized.jpeg\" alt='' title='foto-1-(96)-(1)_optimized' height=\"600\" width=\"952\"  itemprop=\"thumbnailUrl\" srcset=\"https:\/\/radiorevelacionfm.cl\/wp-content\/uploads\/2026\/01\/foto-1-96-1_optimized.jpeg 952w, https:\/\/radiorevelacionfm.cl\/wp-content\/uploads\/2026\/01\/foto-1-96-1_optimized-300x189.jpeg 300w, https:\/\/radiorevelacionfm.cl\/wp-content\/uploads\/2026\/01\/foto-1-96-1_optimized-768x484.jpeg 768w, https:\/\/radiorevelacionfm.cl\/wp-content\/uploads\/2026\/01\/foto-1-96-1_optimized-705x444.jpeg 705w, https:\/\/radiorevelacionfm.cl\/wp-content\/uploads\/2026\/01\/foto-1-96-1_optimized-450x284.jpeg 450w, https:\/\/radiorevelacionfm.cl\/wp-content\/uploads\/2026\/01\/foto-1-96-1_optimized-600x378.jpeg 600w\" sizes=\"(max-width: 952px) 100vw, 952px\" \/><\/div><\/div><\/div><\/div><div class=\"flex_column av_one_full  flex_column_div av-zero-column-padding first  avia-builder-el-2  el_after_av_one_full  el_before_av_one_full  column-top-margin\" style='border-radius:0px; '><section class=\"av_textblock_section \"  itemscope=\"itemscope\" itemtype=\"https:\/\/schema.org\/BlogPosting\" itemprop=\"blogPost\" ><div class='avia_textblock  '   itemprop=\"text\" ><p style=\"text-align: center;\"><strong><span style=\"font-size: 18pt;\">Reinserci\u00f3n Social Juvenil cumple su primer a\u00f1o de funcionamiento en la Regi\u00f3n de Ays\u00e9n<\/span><\/strong><\/p>\n<div id=\"gtx-trans\" style=\"position: absolute; left: -50px; top: 4.31534px;\">\n<div class=\"gtx-trans-icon\"><\/div>\n<\/div>\n<\/div><\/section><\/div><div class=\"flex_column av_one_full  flex_column_div av-zero-column-padding first  avia-builder-el-4  el_after_av_one_full  el_before_av_hr  column-top-margin\" style='border-radius:0px; '><section class=\"av_textblock_section \"  itemscope=\"itemscope\" itemtype=\"https:\/\/schema.org\/BlogPosting\" itemprop=\"blogPost\" ><div class='avia_textblock  '   itemprop=\"text\" ><p style=\"text-align: justify;\"><em>En sus primeros doce meses de funcionamiento en la Regi\u00f3n de Ays\u00e9n, el Servicio de Reinserci\u00f3n Social Juvenil muestra resultados concretos en mediaci\u00f3n penal, acompa\u00f1amiento post egreso y trabajo interinstitucional, consolidando una nueva forma de abordar la justicia juvenil con enfoque de derechos, responsabilidad y reinserci\u00f3n social.<\/em><\/p>\n<p style=\"text-align: justify;\">Durante este primer a\u00f1o, el servicio ha fortalecido procesos de intervenci\u00f3n con enfoque integral, consolidando equipos t\u00e9cnicos y una articulaci\u00f3n permanente con instituciones p\u00fablicas y colaboradoras de la regi\u00f3n.<\/p>\n<p style=\"text-align: justify;\">En materia de mediaci\u00f3n penal juvenil, hasta la fecha se han recepcionado 20 casos- de los cuales 16 fueron resueltos exitosamente-, atendiendo a 60 personas, evidenciando el valor de estos mecanismos alternativos y la justicia restaurativa para la resoluci\u00f3n de conflictos y la reparaci\u00f3n del da\u00f1o.<\/p>\n<p style=\"text-align: justify;\">Respecto de la elaboraci\u00f3n de informes t\u00e9cnicos, se han recibido 73 casos, siendo evacuados los que han sido debidamente evacuados contribuyendo de manera oportuna a la toma de decisiones del sistema de justicia juvenil.<\/p>\n<p style=\"text-align: justify;\">En el \u00e1mbito del acompa\u00f1amiento post egreso, la Unidad de Apoyo a la Reinserci\u00f3n (UAR) ha atendido a seis j\u00f3venes, registr\u00e1ndose un egreso exitoso y tres j\u00f3venes vigentes en proceso de acompa\u00f1amiento a la fecha.<\/p>\n<p style=\"text-align: justify;\">El seremi de Justicia y Derechos Humanos, Samuel Navarro, relev\u00f3 que \u201ceste primer a\u00f1o marca un cambio profundo en la pol\u00edtica p\u00fablica hacia adolescentes y j\u00f3venes en conflicto con la ley, no solo un cambio de nombre. Hoy contamos con una pol\u00edtica y un plan nacional, adem\u00e1s de una coordinaci\u00f3n efectiva entre sectores p\u00fablicos y privados\u201d.<\/p>\n<p style=\"text-align: justify;\">Israel Villavicencio, director regional del Servicio de Reinserci\u00f3n Social Juvenil, destaca que \u201cse evidencian avances concretos en la implementaci\u00f3n de un modelo de justicia juvenil especializado, centrado en la responsabilidad, el fortalecimiento de potencialidades y el desistimiento del delito. El desaf\u00edo es fortalecer una intervenci\u00f3n oportuna y de calidad que reconozca a las y los j\u00f3venes como sujetos de derechos y favorezca su proceso de cambio y una sociedad m\u00e1s inclusiva, utilizando los nuevos espacios que el legislador ha proporcionado para atender de manera id\u00f3nea a este sistema de justicia especializado y que requiere una mirada integral donde cada una y cada uno de nosotros, puede favorecer la efectiva reinserci\u00f3n social\u201d.<\/p>\n<p style=\"text-align: justify;\">M\u00f3nica Cuevas, directora Centro de Cumplimiento Medio Libre de la Corporaci\u00f3n Opci\u00f3n, destac\u00f3 que \u201cel primer a\u00f1o del Servicio de Reinserci\u00f3n Juvenil ha sido muy significativo, con equipos consolidados y buenas pr\u00e1cticas de intervenci\u00f3n. Como Corporaci\u00f3n Opci\u00f3n, hemos desarrollado procesos responsables y de calidad para los adolescentes y j\u00f3venes que atendemos en la regi\u00f3n.\u201d<\/p>\n<p style=\"text-align: justify;\">Entre los principales hitos del per\u00edodo, destaca la realizaci\u00f3n de la I Jornada de Reinserci\u00f3n Social Juvenil Ays\u00e9n; el egreso terap\u00e9utico del Programa Ambulatorio Intensivo (PAI) del COSAM Coyhaique, correspondiente al medio privativo de libertad, donde un joven culmin\u00f3 exitosamente su proceso de tratamiento en el marco del programa PAI de SENDA; un convenio con Sernameg, para incorporar el enfoque de g\u00e9nero en todas las dimensiones del trabajo del servicio y la aprobaci\u00f3n del plan de acci\u00f3n del Comit\u00e9 Operativo Regional y su compromiso con acciones para fortalecer la reinserci\u00f3n de j\u00f3venes en conflicto con la justicia.<\/p>\n<\/div><\/section><\/div><div  style='height:50px' class='hr hr-invisible   avia-builder-el-6  el_after_av_one_full  el_before_av_social_share '><span class='hr-inner ' ><span class='hr-inner-style'><\/span><\/span><\/div><\/p>\n<div  class='av-social-sharing-box  avia-builder-el-7  el_after_av_hr  el_before_av_hr  '><div class='av-share-box'><h5 class='av-share-link-description av-no-toc '>Compartir esta noticia<\/h5><ul class='av-share-box-list noLightbox'><li class='av-share-link av-social-link-facebook' ><a target=\"_blank\" aria-label=\"Compartir en Facebook\" href='https:\/\/www.facebook.com\/sharer.php?u=https:\/\/radiorevelacionfm.cl\/?p=63265&#038;t=Reinserci%C3%B3n%20Social%20Juvenil%20cumple%20su%20primer%20a%C3%B1o%20de%20funcionamiento%20en%20la%20Regi%C3%B3n%20de%20Ays%C3%A9n' aria-hidden='false' data-av_icon='\ue8f3' data-av_iconfont='entypo-fontello' title='' data-avia-related-tooltip='Compartir en Facebook' rel=\"noopener\"><span class='avia_hidden_link_text'>Compartir en Facebook<\/span><\/a><\/li><li class='av-share-link av-social-link-twitter' ><a target=\"_blank\" aria-label=\"Compartir en Twitter\" href='https:\/\/twitter.com\/share?text=Reinserci%C3%B3n%20Social%20Juvenil%20cumple%20su%20primer%20a%C3%B1o%20de%20funcionamiento%20en%20la%20Regi%C3%B3n%20de%20Ays%C3%A9n&#038;url=https:\/\/radiorevelacionfm.cl\/?p=63265' aria-hidden='false' data-av_icon='\ue8f1' data-av_iconfont='entypo-fontello' title='' data-avia-related-tooltip='Compartir en Twitter' rel=\"noopener\"><span class='avia_hidden_link_text'>Compartir en Twitter<\/span><\/a><\/li><li class='av-share-link av-social-link-whatsapp' ><a target=\"_blank\" aria-label=\"Compartir en Whatsapp\" href='https:\/\/api.whatsapp.com\/send?text=https:\/\/radiorevelacionfm.cl\/?p=63265' aria-hidden='false' data-av_icon='\uf232' data-av_iconfont='entypo-fontello' title='' data-avia-related-tooltip='Compartir en Whatsapp' rel=\"noopener\"><span class='avia_hidden_link_text'>Compartir en Whatsapp<\/span><\/a><\/li><li class='av-share-link av-social-link-linkedin' ><a target=\"_blank\" aria-label=\"Compartir en LinkedIn\" href='https:\/\/linkedin.com\/shareArticle?mini=true&#038;title=Reinserci%C3%B3n%20Social%20Juvenil%20cumple%20su%20primer%20a%C3%B1o%20de%20funcionamiento%20en%20la%20Regi%C3%B3n%20de%20Ays%C3%A9n&#038;url=https:\/\/radiorevelacionfm.cl\/?p=63265' aria-hidden='false' data-av_icon='\ue8fc' data-av_iconfont='entypo-fontello' title='' data-avia-related-tooltip='Compartir en LinkedIn' rel=\"noopener\"><span class='avia_hidden_link_text'>Compartir en LinkedIn<\/span><\/a><\/li><li class='av-share-link av-social-link-mail' ><a  aria-label=\"Compartir por correo\" href='mailto:?subject=Reinserci%C3%B3n%20Social%20Juvenil%20cumple%20su%20primer%20a%C3%B1o%20de%20funcionamiento%20en%20la%20Regi%C3%B3n%20de%20Ays%C3%A9n&#038;body=https:\/\/radiorevelacionfm.cl\/?p=63265' aria-hidden='false' data-av_icon='\ue805' data-av_iconfont='entypo-fontello' title='' data-avia-related-tooltip='Compartir por correo'><span class='avia_hidden_link_text'>Compartir por correo<\/span><\/a><\/li><\/ul><\/div><\/div>\n<div  style='height:50px' class='hr hr-invisible   avia-builder-el-8  el_after_av_social_share  el_before_av_comments_list '><span class='hr-inner ' ><span class='hr-inner-style'><\/span><\/span><\/div>\n<div  class='av-buildercomment  av-blog-meta-html-info-disabled av-blog-meta-tag-disabled  '><\/div>\n","protected":false},"excerpt":{"rendered":"","protected":false},"author":1,"featured_media":63267,"comment_status":"closed","ping_status":"closed","sticky":false,"template":"","format":"standard","meta":{"footnotes":""},"categories":[55],"tags":[],"class_list":["post-63265","post","type-post","status-publish","format-standard","has-post-thumbnail","hentry","category-justicia"],"jetpack_featured_media_url":"https:\/\/radiorevelacionfm.cl\/wp-content\/uploads\/2026\/01\/foto-1-96-1_optimized.jpeg","_links":{"self":[{"href":"https:\/\/radiorevelacionfm.cl\/index.php?rest_route=\/wp\/v2\/posts\/63265","targetHints":{"allow":["GET"]}}],"collection":[{"href":"https:\/\/radiorevelacionfm.cl\/index.php?rest_route=\/wp\/v2\/posts"}],"about":[{"href":"https:\/\/radiorevelacionfm.cl\/index.php?rest_route=\/wp\/v2\/types\/post"}],"author":[{"embeddable":true,"href":"https:\/\/radiorevelacionfm.cl\/index.php?rest_route=\/wp\/v2\/users\/1"}],"replies":[{"embeddable":true,"href":"https:\/\/radiorevelacionfm.cl\/index.php?rest_route=%2Fwp%2Fv2%2Fcomments&post=63265"}],"version-history":[{"count":2,"href":"https:\/\/radiorevelacionfm.cl\/index.php?rest_route=\/wp\/v2\/posts\/63265\/revisions"}],"predecessor-version":[{"id":63269,"href":"https:\/\/radiorevelacionfm.cl\/index.php?rest_route=\/wp\/v2\/posts\/63265\/revisions\/63269"}],"wp:featuredmedia":[{"embeddable":true,"href":"https:\/\/radiorevelacionfm.cl\/index.php?rest_route=\/wp\/v2\/media\/63267"}],"wp:attachment":[{"href":"https:\/\/radiorevelacionfm.cl\/index.php?rest_route=%2Fwp%2Fv2%2Fmedia&parent=63265"}],"wp:term":[{"taxonomy":"category","embeddable":true,"href":"https:\/\/radiorevelacionfm.cl\/index.php?rest_route=%2Fwp%2Fv2%2Fcategories&post=63265"},{"taxonomy":"post_tag","embeddable":true,"href":"https:\/\/radiorevelacionfm.cl\/index.php?rest_route=%2Fwp%2Fv2%2Ftags&post=63265"}],"curies":[{"name":"wp","href":"https:\/\/api.w.org\/{rel}","templated":true}]}}