{"id":63261,"date":"2026-01-13T18:06:31","date_gmt":"2026-01-13T21:06:31","guid":{"rendered":"https:\/\/radiorevelacionfm.cl\/?p=63261"},"modified":"2026-01-13T18:06:31","modified_gmt":"2026-01-13T21:06:31","slug":"comenzo-la-atencion-del-programa-vacaciones-en-mi-jardin-de-fundacion-integra","status":"publish","type":"post","link":"https:\/\/radiorevelacionfm.cl\/?p=63261","title":{"rendered":"Comenz\u00f3 la atenci\u00f3n del Programa \u201cVacaciones en mi Jard\u00edn\u201d de Fundaci\u00f3n Integra"},"content":{"rendered":"<div class=\"flex_column av_one_full  flex_column_div av-zero-column-padding first  avia-builder-el-0  el_before_av_one_full  avia-builder-el-first  \" style='border-radius:0px; '><div  class='avia-image-container  av-styling-    avia-builder-el-1  avia-builder-el-no-sibling  avia-align-center '  itemprop=\"image\" itemscope=\"itemscope\" itemtype=\"https:\/\/schema.org\/ImageObject\"  ><div class='avia-image-container-inner'><div class='avia-image-overlay-wrap'><img decoding=\"async\" class='wp-image-63262 avia-img-lazy-loading-not-63262 avia_image' src=\"https:\/\/radiorevelacionfm.cl\/wp-content\/uploads\/2026\/01\/MG_0785-1-1.jpg\" alt='' title='_MG_0785 (1) (1)' height=\"600\" width=\"900\"  itemprop=\"thumbnailUrl\" srcset=\"https:\/\/radiorevelacionfm.cl\/wp-content\/uploads\/2026\/01\/MG_0785-1-1.jpg 900w, https:\/\/radiorevelacionfm.cl\/wp-content\/uploads\/2026\/01\/MG_0785-1-1-300x200.jpg 300w, https:\/\/radiorevelacionfm.cl\/wp-content\/uploads\/2026\/01\/MG_0785-1-1-768x512.jpg 768w, https:\/\/radiorevelacionfm.cl\/wp-content\/uploads\/2026\/01\/MG_0785-1-1-705x470.jpg 705w, https:\/\/radiorevelacionfm.cl\/wp-content\/uploads\/2026\/01\/MG_0785-1-1-450x300.jpg 450w, https:\/\/radiorevelacionfm.cl\/wp-content\/uploads\/2026\/01\/MG_0785-1-1-600x400.jpg 600w\" sizes=\"(max-width: 900px) 100vw, 900px\" \/><\/div><\/div><\/div><\/div><div class=\"flex_column av_one_full  flex_column_div av-zero-column-padding first  avia-builder-el-2  el_after_av_one_full  el_before_av_one_full  column-top-margin\" style='border-radius:0px; '><section class=\"av_textblock_section \"  itemscope=\"itemscope\" itemtype=\"https:\/\/schema.org\/BlogPosting\" itemprop=\"blogPost\" ><div class='avia_textblock  '   itemprop=\"text\" ><p style=\"text-align: center;\"><strong><span style=\"font-size: 18pt;\">Comenz\u00f3 la atenci\u00f3n del Programa \u201cVacaciones en mi Jard\u00edn\u201d de Fundaci\u00f3n Integra<\/span><\/strong><\/p>\n<div id=\"gtx-trans\" style=\"position: absolute; left: -50px; top: 4.31534px;\">\n<div class=\"gtx-trans-icon\"><\/div>\n<\/div>\n<\/div><\/section><\/div><div class=\"flex_column av_one_full  flex_column_div av-zero-column-padding first  avia-builder-el-4  el_after_av_one_full  el_before_av_hr  column-top-margin\" style='border-radius:0px; '><section class=\"av_textblock_section \"  itemscope=\"itemscope\" itemtype=\"https:\/\/schema.org\/BlogPosting\" itemprop=\"blogPost\" ><div class='avia_textblock  '   itemprop=\"text\" ><p style=\"font-weight: 400; text-align: justify;\"><em>Hasta el viernes 20 de febrero, se estar\u00e1 desarrollando el programa vacacional de Fundaci\u00f3n Integra y que en la regi\u00f3n de Ays\u00e9n beneficiar\u00e1 a 131 ni\u00f1as y ni\u00f1os de Coyhaique y Puerto Ays\u00e9n con espacios seguros y de bienestar durante esta \u00e9poca estival.<\/em><\/p>\n<p style=\"font-weight: 400; text-align: justify;\">Este lunes 12 de enero Fundaci\u00f3n Integra dio inicio a una nueva versi\u00f3n del Programa \u201cVacaciones en mi Jard\u00edn\u201d (VMJ), el cual busca entregar a ni\u00f1as, ni\u00f1os y familias \u2013durante el per\u00edodo en que las salas cuna y jardines infantiles interrumpen su atenci\u00f3n regular\u2013 acceso a actividades l\u00fadicas y recreativas en ambientes seguros y bientratantes.<\/p>\n<p style=\"font-weight: 400; text-align: justify;\">Para esta edici\u00f3n, la regi\u00f3n de Ays\u00e9n capacit\u00f3 a 42 trabajadoras las que conforman los equipos educativos de las salas cunas y jardines infantiles \u201cLas Araucarias\u201d (23) de Coyhaique y \u201cLos Chilcos\u201d (19) de Puerto Ays\u00e9n, los cuales estar\u00e1n atendiendo hasta el pr\u00f3ximo 20 de febrero.<\/p>\n<p style=\"font-weight: 400; text-align: justify;\">El director regional (s), Felipe \u00c1guila Villarroel recalc\u00f3 que \u201clo principal de este programa es que los ni\u00f1os y ni\u00f1as lo pasen bien, ya que son Vacaciones en Mi Jard\u00edn y con experiencias l\u00fadicas, con muchos m\u00e1s juegos que las que se presentan en el trabajo diario que realizamos\u201d. A la vez, reforz\u00f3 que \u201cac\u00e1 vienen familias de distintos jardines infantiles de Integra y el mensaje a las familias es a que est\u00e9n tranquilas, con equipos educativos que se encuentran capacitados con la l\u00f3gica del Programa\u201d.<\/p>\n<p style=\"font-weight: 400; text-align: justify;\">Los establecimientos donde operar\u00e1 este a\u00f1o el programa \u201cVacaciones en mi Jard\u00edn\u201d, cuentan con materiales did\u00e1cticos y elementos de protecci\u00f3n personal \u2013entre otros bloqueadores solares y gorros\u2013 para responder a las distintas necesidades que presenten las experiencias pedag\u00f3gicas que se realicen, adem\u00e1s de entregar una alimentaci\u00f3n acorde a la estaci\u00f3n y a los requerimientos de las ni\u00f1as y ni\u00f1os participantes.<\/p>\n<p style=\"font-weight: 400; text-align: justify;\">La directora del VMJ de la sala cuna y jard\u00edn infantil \u201cLas Araucarias\u201d, Viviana Campos reforz\u00f3 el llamado a las familias a \u201cllevar a las ni\u00f1as y ni\u00f1os al programa, entendiendo que tenemos actividades pensadas en ellos, por lo tanto, son actividades m\u00e1s ligadas a los juegos, m\u00e1s l\u00fadicas y con mucha m\u00e1s flexibilidad y pensadas para ellas y ellos\u201d.<\/p>\n<p style=\"font-weight: 400; text-align: justify;\">Durante las jornadas, los equipos educativos promueven actividades que les permitan a ni\u00f1as y ni\u00f1os transitar entre diferentes actividades, a trav\u00e9s de interacciones afectivas positivas, contenci\u00f3n emocional y el desarrollo de ambientes f\u00edsicos enriquecidos que promuevan m\u00faltiples y simult\u00e1neas oportunidades de juego.<\/p>\n<p style=\"font-weight: 400; text-align: justify;\">Javiera Ruiz, una de las apoderadas del VMJ enfatiz\u00f3 en la importancia de este programa recalcando que este \u201ces un apoyo notable para nosotros como familia, pero tambi\u00e9n por sus aprendizajes. Ella sigue estimul\u00e1ndose y sigue aprendiendo, al igual como lo hace durante todo el a\u00f1o\u201d.<\/p>\n<p style=\"font-weight: 400; text-align: justify;\">Una opini\u00f3n similar tiene Mar\u00eda Isabel Guzm\u00e1n, otra apoderada de esta modalidad quien reforz\u00f3 que \u201cesto es de gran ayuda para los padres y madres que trabajamos y eso lo agradecemos porque son pocos los jardines infantiles que tienen esta modalidad, transform\u00e1ndose en un apoyo fundamental para nosotros\u201d.<\/p>\n<p style=\"font-weight: 400; text-align: justify;\">El programa \u201cVacaciones en mi Jard\u00edn\u201d\u00a0(VMJ)\u00a0de Fundaci\u00f3n Integra, en su edici\u00f3n 2026, contempla tanto actividades en los establecimientos que operar\u00e1n en este per\u00edodo, como salidas pedag\u00f3gicas y\/o recreativas. Para conocer m\u00e1s detalles de esta iniciativa, la invitaci\u00f3n es a visitar el sitio web de Fundaci\u00f3n Integra (<a href=\"http:\/\/www.integra.cl\/\" data-saferedirecturl=\"https:\/\/www.google.com\/url?q=http:\/\/www.integra.cl&amp;source=gmail&amp;ust=1768419284983000&amp;usg=AOvVaw12kAE5Cjvd54c3nskYnO37\">www.integra.cl<\/a>) y las redes sociales oficiales de la instituci\u00f3n.<\/p>\n<\/div><\/section><\/div><div  style='height:50px' class='hr hr-invisible   avia-builder-el-6  el_after_av_one_full  el_before_av_social_share '><span class='hr-inner ' ><span class='hr-inner-style'><\/span><\/span><\/div><\/p>\n<div  class='av-social-sharing-box  avia-builder-el-7  el_after_av_hr  el_before_av_hr  '><div class='av-share-box'><h5 class='av-share-link-description av-no-toc '>Compartir esta noticia<\/h5><ul class='av-share-box-list noLightbox'><li class='av-share-link av-social-link-facebook' ><a target=\"_blank\" aria-label=\"Compartir en Facebook\" href='https:\/\/www.facebook.com\/sharer.php?u=https:\/\/radiorevelacionfm.cl\/?p=63261&#038;t=Comenz%C3%B3%20la%20atenci%C3%B3n%20del%20Programa%20%E2%80%9CVacaciones%20en%20mi%20Jard%C3%ADn%E2%80%9D%20de%20Fundaci%C3%B3n%20Integra' aria-hidden='false' data-av_icon='\ue8f3' data-av_iconfont='entypo-fontello' title='' data-avia-related-tooltip='Compartir en Facebook' rel=\"noopener\"><span class='avia_hidden_link_text'>Compartir en Facebook<\/span><\/a><\/li><li class='av-share-link av-social-link-twitter' ><a target=\"_blank\" aria-label=\"Compartir en Twitter\" href='https:\/\/twitter.com\/share?text=Comenz%C3%B3%20la%20atenci%C3%B3n%20del%20Programa%20%E2%80%9CVacaciones%20en%20mi%20Jard%C3%ADn%E2%80%9D%20de%20Fundaci%C3%B3n%20Integra&#038;url=https:\/\/radiorevelacionfm.cl\/?p=63261' aria-hidden='false' data-av_icon='\ue8f1' data-av_iconfont='entypo-fontello' title='' data-avia-related-tooltip='Compartir en Twitter' rel=\"noopener\"><span class='avia_hidden_link_text'>Compartir en Twitter<\/span><\/a><\/li><li class='av-share-link av-social-link-whatsapp' ><a target=\"_blank\" aria-label=\"Compartir en Whatsapp\" href='https:\/\/api.whatsapp.com\/send?text=https:\/\/radiorevelacionfm.cl\/?p=63261' aria-hidden='false' data-av_icon='\uf232' data-av_iconfont='entypo-fontello' title='' data-avia-related-tooltip='Compartir en Whatsapp' rel=\"noopener\"><span class='avia_hidden_link_text'>Compartir en Whatsapp<\/span><\/a><\/li><li class='av-share-link av-social-link-linkedin' ><a target=\"_blank\" aria-label=\"Compartir en LinkedIn\" href='https:\/\/linkedin.com\/shareArticle?mini=true&#038;title=Comenz%C3%B3%20la%20atenci%C3%B3n%20del%20Programa%20%E2%80%9CVacaciones%20en%20mi%20Jard%C3%ADn%E2%80%9D%20de%20Fundaci%C3%B3n%20Integra&#038;url=https:\/\/radiorevelacionfm.cl\/?p=63261' aria-hidden='false' data-av_icon='\ue8fc' data-av_iconfont='entypo-fontello' title='' data-avia-related-tooltip='Compartir en LinkedIn' rel=\"noopener\"><span class='avia_hidden_link_text'>Compartir en LinkedIn<\/span><\/a><\/li><li class='av-share-link av-social-link-mail' ><a  aria-label=\"Compartir por correo\" href='mailto:?subject=Comenz%C3%B3%20la%20atenci%C3%B3n%20del%20Programa%20%E2%80%9CVacaciones%20en%20mi%20Jard%C3%ADn%E2%80%9D%20de%20Fundaci%C3%B3n%20Integra&#038;body=https:\/\/radiorevelacionfm.cl\/?p=63261' aria-hidden='false' data-av_icon='\ue805' data-av_iconfont='entypo-fontello' title='' data-avia-related-tooltip='Compartir por correo'><span class='avia_hidden_link_text'>Compartir por correo<\/span><\/a><\/li><\/ul><\/div><\/div>\n<div  style='height:50px' class='hr hr-invisible   avia-builder-el-8  el_after_av_social_share  el_before_av_comments_list '><span class='hr-inner ' ><span class='hr-inner-style'><\/span><\/span><\/div>\n<div  class='av-buildercomment  av-blog-meta-html-info-disabled av-blog-meta-tag-disabled  '><\/div>\n","protected":false},"excerpt":{"rendered":"","protected":false},"author":1,"featured_media":63262,"comment_status":"closed","ping_status":"closed","sticky":false,"template":"","format":"standard","meta":{"footnotes":""},"categories":[49],"tags":[],"class_list":["post-63261","post","type-post","status-publish","format-standard","has-post-thumbnail","hentry","category-educacion"],"jetpack_featured_media_url":"https:\/\/radiorevelacionfm.cl\/wp-content\/uploads\/2026\/01\/MG_0785-1-1.jpg","_links":{"self":[{"href":"https:\/\/radiorevelacionfm.cl\/index.php?rest_route=\/wp\/v2\/posts\/63261","targetHints":{"allow":["GET"]}}],"collection":[{"href":"https:\/\/radiorevelacionfm.cl\/index.php?rest_route=\/wp\/v2\/posts"}],"about":[{"href":"https:\/\/radiorevelacionfm.cl\/index.php?rest_route=\/wp\/v2\/types\/post"}],"author":[{"embeddable":true,"href":"https:\/\/radiorevelacionfm.cl\/index.php?rest_route=\/wp\/v2\/users\/1"}],"replies":[{"embeddable":true,"href":"https:\/\/radiorevelacionfm.cl\/index.php?rest_route=%2Fwp%2Fv2%2Fcomments&post=63261"}],"version-history":[{"count":2,"href":"https:\/\/radiorevelacionfm.cl\/index.php?rest_route=\/wp\/v2\/posts\/63261\/revisions"}],"predecessor-version":[{"id":63264,"href":"https:\/\/radiorevelacionfm.cl\/index.php?rest_route=\/wp\/v2\/posts\/63261\/revisions\/63264"}],"wp:featuredmedia":[{"embeddable":true,"href":"https:\/\/radiorevelacionfm.cl\/index.php?rest_route=\/wp\/v2\/media\/63262"}],"wp:attachment":[{"href":"https:\/\/radiorevelacionfm.cl\/index.php?rest_route=%2Fwp%2Fv2%2Fmedia&parent=63261"}],"wp:term":[{"taxonomy":"category","embeddable":true,"href":"https:\/\/radiorevelacionfm.cl\/index.php?rest_route=%2Fwp%2Fv2%2Fcategories&post=63261"},{"taxonomy":"post_tag","embeddable":true,"href":"https:\/\/radiorevelacionfm.cl\/index.php?rest_route=%2Fwp%2Fv2%2Ftags&post=63261"}],"curies":[{"name":"wp","href":"https:\/\/api.w.org\/{rel}","templated":true}]}}