{"id":63257,"date":"2026-01-13T17:28:28","date_gmt":"2026-01-13T20:28:28","guid":{"rendered":"https:\/\/radiorevelacionfm.cl\/?p=63257"},"modified":"2026-01-13T17:28:28","modified_gmt":"2026-01-13T20:28:28","slug":"renovacion-nacional-y-visita-de-la-primera-dama-da-cuenta-del-compromiso-del-futuro-gobierno-con-las-regiones","status":"publish","type":"post","link":"https:\/\/radiorevelacionfm.cl\/?p=63257","title":{"rendered":"Renovaci\u00f3n Nacional y visita de la primera dama: \u201cDa cuenta del compromiso del futuro gobierno con las regiones\u201d"},"content":{"rendered":"<div class=\"flex_column av_one_full  flex_column_div av-zero-column-padding first  avia-builder-el-0  el_before_av_one_full  avia-builder-el-first  \" style='border-radius:0px; '><div  class='avia-image-container  av-styling-    avia-builder-el-1  avia-builder-el-no-sibling  avia-align-center '  itemprop=\"image\" itemscope=\"itemscope\" itemtype=\"https:\/\/schema.org\/ImageObject\"  ><div class='avia-image-container-inner'><div class='avia-image-overlay-wrap'><img decoding=\"async\" class='wp-image-63258 avia-img-lazy-loading-not-63258 avia_image' src=\"https:\/\/radiorevelacionfm.cl\/wp-content\/uploads\/2026\/01\/pia-adriasola-y-rn-1_optimized.jpeg\" alt='' title='pia-adriasola-y-rn-(1)_optimized' height=\"600\" width=\"800\"  itemprop=\"thumbnailUrl\" srcset=\"https:\/\/radiorevelacionfm.cl\/wp-content\/uploads\/2026\/01\/pia-adriasola-y-rn-1_optimized.jpeg 800w, https:\/\/radiorevelacionfm.cl\/wp-content\/uploads\/2026\/01\/pia-adriasola-y-rn-1_optimized-300x225.jpeg 300w, https:\/\/radiorevelacionfm.cl\/wp-content\/uploads\/2026\/01\/pia-adriasola-y-rn-1_optimized-768x576.jpeg 768w, https:\/\/radiorevelacionfm.cl\/wp-content\/uploads\/2026\/01\/pia-adriasola-y-rn-1_optimized-705x529.jpeg 705w, https:\/\/radiorevelacionfm.cl\/wp-content\/uploads\/2026\/01\/pia-adriasola-y-rn-1_optimized-450x338.jpeg 450w, https:\/\/radiorevelacionfm.cl\/wp-content\/uploads\/2026\/01\/pia-adriasola-y-rn-1_optimized-600x450.jpeg 600w\" sizes=\"(max-width: 800px) 100vw, 800px\" \/><\/div><\/div><\/div><\/div><div class=\"flex_column av_one_full  flex_column_div av-zero-column-padding first  avia-builder-el-2  el_after_av_one_full  el_before_av_one_full  column-top-margin\" style='border-radius:0px; '><section class=\"av_textblock_section \"  itemscope=\"itemscope\" itemtype=\"https:\/\/schema.org\/BlogPosting\" itemprop=\"blogPost\" ><div class='avia_textblock  '   itemprop=\"text\" ><p style=\"text-align: center;\"><span style=\"font-size: 18pt;\"><b>Renovaci\u00f3n Nacional\u00a0<\/b><b>y visita de la primera dama: \u201cDa cuenta del compromiso del futuro gobierno con las regiones\u201d<\/b><\/span><\/p>\n<div id=\"gtx-trans\" style=\"position: absolute; left: -50px; top: 4.31534px;\">\n<div class=\"gtx-trans-icon\"><\/div>\n<\/div>\n<\/div><\/section><\/div><div class=\"flex_column av_one_full  flex_column_div av-zero-column-padding first  avia-builder-el-4  el_after_av_one_full  el_before_av_hr  column-top-margin\" style='border-radius:0px; '><section class=\"av_textblock_section \"  itemscope=\"itemscope\" itemtype=\"https:\/\/schema.org\/BlogPosting\" itemprop=\"blogPost\" ><div class='avia_textblock  '   itemprop=\"text\" ><p style=\"text-align: justify;\"><em>Dirigentes de la colectividad fueron parte del encuentro que se llev\u00f3 a cabo con adherentes al gobierno electo.<\/em><\/p>\n<p style=\"text-align: justify;\">El partido Renovaci\u00f3n Nacional agradeci\u00f3 la visita realizada el d\u00eda de ayer a la Regi\u00f3n de Ays\u00e9n por la futura Primera Dama, Mar\u00eda P\u00eda Adriasola, la que se desarroll\u00f3 con un marcado \u00e9nfasis social al participar de encuentros con organizaciones de la sociedad civil, adem\u00e1s de dirigentes sociales y tambi\u00e9n con los partidos pol\u00edticos que a partir de marzo ser\u00e1n parte del futuro oficialismo.<\/p>\n<p style=\"text-align: justify;\">Mar\u00eda P\u00eda Adriasola, abogada de profesi\u00f3n y fundadora de la Fundaci\u00f3n Cuide Chile, es ampliamente reconocida por su vocaci\u00f3n social y su permanente trabajo en apoyo a personas y comunidades vulnerables. En ese marco, su visita a la regi\u00f3n se entendi\u00f3 como una se\u00f1al clara de inter\u00e9s y compromiso con las problem\u00e1ticas sociales que afectan a Ays\u00e9n. Visit\u00f3 las dependencias de la Obra Don Guanella, adem\u00e1s de tambi\u00e9n reunirse con dirigentes sociales, alcaldes y otras autoridades regionales, logrando abordar otras necesidades que se demandan en la regi\u00f3n.<\/p>\n<p style=\"text-align: justify;\">En el encuentro que sostuvo con adherentes al gobierno de Kast, el presidente regional de Renovaci\u00f3n Nacional, Ra\u00fal Rudolphi, expuso una serie de temas que requieren atenci\u00f3n, compromiso y recursos por parte de las futuras autoridades de Gobierno. \u201cHa sido una visita que da cuenta del compromiso del futuro gobierno con las regiones. Le hemos destacado a la primera dama, P\u00eda Adriasola, los desaf\u00edos que tenemos en diversas materias sensibles como adultos mayores, salud, educaci\u00f3n y vivienda, \u00e1reas que presentan diversas derivadas espec\u00edficas que deber\u00e1n ser lideradas con decisi\u00f3n y sentido de urgencia\u201d, explic\u00f3 el presidente de RN.<\/p>\n<p style=\"text-align: justify;\">\u201cEn materia de adultos mayores, planteamos la necesidad de avanzar en la construcci\u00f3n de nuevos Establecimientos de Larga Estad\u00eda para Adultos Mayores (ELEAM) en distintos puntos de la regi\u00f3n. En salud, se relev\u00f3 el fortalecimiento de las redes de atenci\u00f3n primaria, una deuda hist\u00f3rica en el territorio, junto con la urgencia del anhelado tercer CESFAM de Coyhaique, adem\u00e1s de abordar con mayor fuerza los desaf\u00edos en salud mental y la atenci\u00f3n de enfermedades oncol\u00f3gicas, incluyendo la aspiraci\u00f3n de concretar un centro oncol\u00f3gico regional, iniciativa que no logr\u00f3 materializarse durante la segunda administraci\u00f3n del ex Presidente Pi\u00f1era y que hoy se estima necesario retomar\u201d, agreg\u00f3 Rudolphi.<\/p>\n<p style=\"text-align: justify;\">En el \u00e1mbito educacional, Ra\u00fal Rudolphi, coment\u00f3 que \u201ctambi\u00e9n conversamos acerca de fortalecer la educaci\u00f3n p\u00fablica, enfrentar el ausentismo escolar y promover la movilidad social, entendiendo que esta se construye, en gran medida, a trav\u00e9s de una educaci\u00f3n de calidad. Asimismo, se destac\u00f3 la importancia de que la Universidad de Ays\u00e9n profundice su v\u00ednculo con la comunidad y el desarrollo regional\u201d.<\/p>\n<p style=\"text-align: justify;\">Finalmente, desde Renovaci\u00f3n Nacional valoraron los lineamientos centrales de la campa\u00f1a del Presidente electo Jos\u00e9 Antonio Kast, destacando conceptos como la recuperaci\u00f3n del sentido com\u00fan, el \u201chacer la pega bien\u201d, el fortalecimiento del sentido pa\u00eds y la convicci\u00f3n de situar a las personas en el centro de la pol\u00edtica p\u00fablica, principios que, seg\u00fan se se\u00f1al\u00f3, deben guiar el trabajo del pr\u00f3ximo Gobierno en regiones como Ays\u00e9n.<\/p>\n<\/div><\/section><\/div><div  style='height:50px' class='hr hr-invisible   avia-builder-el-6  el_after_av_one_full  el_before_av_social_share '><span class='hr-inner ' ><span class='hr-inner-style'><\/span><\/span><\/div><\/p>\n<div  class='av-social-sharing-box  avia-builder-el-7  el_after_av_hr  el_before_av_hr  '><div class='av-share-box'><h5 class='av-share-link-description av-no-toc '>Compartir esta noticia<\/h5><ul class='av-share-box-list noLightbox'><li class='av-share-link av-social-link-facebook' ><a target=\"_blank\" aria-label=\"Compartir en Facebook\" href='https:\/\/www.facebook.com\/sharer.php?u=https:\/\/radiorevelacionfm.cl\/?p=63257&#038;t=Renovaci%C3%B3n%20Nacional%20y%20visita%20de%20la%20primera%20dama%3A%20%E2%80%9CDa%20cuenta%20del%20compromiso%20del%20futuro%20gobierno%20con%20las%20regiones%E2%80%9D' aria-hidden='false' data-av_icon='\ue8f3' data-av_iconfont='entypo-fontello' title='' data-avia-related-tooltip='Compartir en Facebook' rel=\"noopener\"><span class='avia_hidden_link_text'>Compartir en Facebook<\/span><\/a><\/li><li class='av-share-link av-social-link-twitter' ><a target=\"_blank\" aria-label=\"Compartir en Twitter\" href='https:\/\/twitter.com\/share?text=Renovaci%C3%B3n%20Nacional%20y%20visita%20de%20la%20primera%20dama%3A%20%E2%80%9CDa%20cuenta%20del%20compromiso%20del%20futuro%20gobierno%20con%20las%20regiones%E2%80%9D&#038;url=https:\/\/radiorevelacionfm.cl\/?p=63257' aria-hidden='false' data-av_icon='\ue8f1' data-av_iconfont='entypo-fontello' title='' data-avia-related-tooltip='Compartir en Twitter' rel=\"noopener\"><span class='avia_hidden_link_text'>Compartir en Twitter<\/span><\/a><\/li><li class='av-share-link av-social-link-whatsapp' ><a target=\"_blank\" aria-label=\"Compartir en Whatsapp\" href='https:\/\/api.whatsapp.com\/send?text=https:\/\/radiorevelacionfm.cl\/?p=63257' aria-hidden='false' data-av_icon='\uf232' data-av_iconfont='entypo-fontello' title='' data-avia-related-tooltip='Compartir en Whatsapp' rel=\"noopener\"><span class='avia_hidden_link_text'>Compartir en Whatsapp<\/span><\/a><\/li><li class='av-share-link av-social-link-linkedin' ><a target=\"_blank\" aria-label=\"Compartir en LinkedIn\" href='https:\/\/linkedin.com\/shareArticle?mini=true&#038;title=Renovaci%C3%B3n%20Nacional%20y%20visita%20de%20la%20primera%20dama%3A%20%E2%80%9CDa%20cuenta%20del%20compromiso%20del%20futuro%20gobierno%20con%20las%20regiones%E2%80%9D&#038;url=https:\/\/radiorevelacionfm.cl\/?p=63257' aria-hidden='false' data-av_icon='\ue8fc' data-av_iconfont='entypo-fontello' title='' data-avia-related-tooltip='Compartir en LinkedIn' rel=\"noopener\"><span class='avia_hidden_link_text'>Compartir en LinkedIn<\/span><\/a><\/li><li class='av-share-link av-social-link-mail' ><a  aria-label=\"Compartir por correo\" href='mailto:?subject=Renovaci%C3%B3n%20Nacional%20y%20visita%20de%20la%20primera%20dama%3A%20%E2%80%9CDa%20cuenta%20del%20compromiso%20del%20futuro%20gobierno%20con%20las%20regiones%E2%80%9D&#038;body=https:\/\/radiorevelacionfm.cl\/?p=63257' aria-hidden='false' data-av_icon='\ue805' data-av_iconfont='entypo-fontello' title='' data-avia-related-tooltip='Compartir por correo'><span class='avia_hidden_link_text'>Compartir por correo<\/span><\/a><\/li><\/ul><\/div><\/div>\n<div  style='height:50px' class='hr hr-invisible   avia-builder-el-8  el_after_av_social_share  el_before_av_comments_list '><span class='hr-inner ' ><span class='hr-inner-style'><\/span><\/span><\/div>\n<div  class='av-buildercomment  av-blog-meta-html-info-disabled av-blog-meta-tag-disabled  '><\/div>\n","protected":false},"excerpt":{"rendered":"","protected":false},"author":1,"featured_media":63258,"comment_status":"closed","ping_status":"closed","sticky":false,"template":"","format":"standard","meta":{"footnotes":""},"categories":[35],"tags":[],"class_list":["post-63257","post","type-post","status-publish","format-standard","has-post-thumbnail","hentry","category-politica"],"jetpack_featured_media_url":"https:\/\/radiorevelacionfm.cl\/wp-content\/uploads\/2026\/01\/pia-adriasola-y-rn-1_optimized.jpeg","_links":{"self":[{"href":"https:\/\/radiorevelacionfm.cl\/index.php?rest_route=\/wp\/v2\/posts\/63257","targetHints":{"allow":["GET"]}}],"collection":[{"href":"https:\/\/radiorevelacionfm.cl\/index.php?rest_route=\/wp\/v2\/posts"}],"about":[{"href":"https:\/\/radiorevelacionfm.cl\/index.php?rest_route=\/wp\/v2\/types\/post"}],"author":[{"embeddable":true,"href":"https:\/\/radiorevelacionfm.cl\/index.php?rest_route=\/wp\/v2\/users\/1"}],"replies":[{"embeddable":true,"href":"https:\/\/radiorevelacionfm.cl\/index.php?rest_route=%2Fwp%2Fv2%2Fcomments&post=63257"}],"version-history":[{"count":2,"href":"https:\/\/radiorevelacionfm.cl\/index.php?rest_route=\/wp\/v2\/posts\/63257\/revisions"}],"predecessor-version":[{"id":63260,"href":"https:\/\/radiorevelacionfm.cl\/index.php?rest_route=\/wp\/v2\/posts\/63257\/revisions\/63260"}],"wp:featuredmedia":[{"embeddable":true,"href":"https:\/\/radiorevelacionfm.cl\/index.php?rest_route=\/wp\/v2\/media\/63258"}],"wp:attachment":[{"href":"https:\/\/radiorevelacionfm.cl\/index.php?rest_route=%2Fwp%2Fv2%2Fmedia&parent=63257"}],"wp:term":[{"taxonomy":"category","embeddable":true,"href":"https:\/\/radiorevelacionfm.cl\/index.php?rest_route=%2Fwp%2Fv2%2Fcategories&post=63257"},{"taxonomy":"post_tag","embeddable":true,"href":"https:\/\/radiorevelacionfm.cl\/index.php?rest_route=%2Fwp%2Fv2%2Ftags&post=63257"}],"curies":[{"name":"wp","href":"https:\/\/api.w.org\/{rel}","templated":true}]}}