{"id":63248,"date":"2026-01-13T17:06:16","date_gmt":"2026-01-13T20:06:16","guid":{"rendered":"https:\/\/radiorevelacionfm.cl\/?p=63248"},"modified":"2026-01-13T17:06:16","modified_gmt":"2026-01-13T20:06:16","slug":"jardin-infantil-aukantun-de-junji-lidera-iniciativa-pionera-en-proteccion-patrimonial-desde-la-primera-infancia","status":"publish","type":"post","link":"https:\/\/radiorevelacionfm.cl\/?p=63248","title":{"rendered":"Jard\u00edn Infantil Aukant\u00fcn de Junji lidera iniciativa pionera en protecci\u00f3n patrimonial desde la primera infancia"},"content":{"rendered":"<div class=\"flex_column av_one_full  flex_column_div av-zero-column-padding first  avia-builder-el-0  el_before_av_one_full  avia-builder-el-first  \" style='border-radius:0px; '><div  class='avia-image-container  av-styling-    avia-builder-el-1  avia-builder-el-no-sibling  avia-align-center '  itemprop=\"image\" itemscope=\"itemscope\" itemtype=\"https:\/\/schema.org\/ImageObject\"  ><div class='avia-image-container-inner'><div class='avia-image-overlay-wrap'><img decoding=\"async\" class='wp-image-63249 avia-img-lazy-loading-not-63249 avia_image' src=\"https:\/\/radiorevelacionfm.cl\/wp-content\/uploads\/2026\/01\/IMG-20260109-WA0056-1-1.jpg\" alt='' title='IMG-20260109-WA0056 (1) (1)' height=\"600\" width=\"800\"  itemprop=\"thumbnailUrl\" srcset=\"https:\/\/radiorevelacionfm.cl\/wp-content\/uploads\/2026\/01\/IMG-20260109-WA0056-1-1.jpg 800w, https:\/\/radiorevelacionfm.cl\/wp-content\/uploads\/2026\/01\/IMG-20260109-WA0056-1-1-300x225.jpg 300w, https:\/\/radiorevelacionfm.cl\/wp-content\/uploads\/2026\/01\/IMG-20260109-WA0056-1-1-768x576.jpg 768w, https:\/\/radiorevelacionfm.cl\/wp-content\/uploads\/2026\/01\/IMG-20260109-WA0056-1-1-705x529.jpg 705w, https:\/\/radiorevelacionfm.cl\/wp-content\/uploads\/2026\/01\/IMG-20260109-WA0056-1-1-450x338.jpg 450w, https:\/\/radiorevelacionfm.cl\/wp-content\/uploads\/2026\/01\/IMG-20260109-WA0056-1-1-600x450.jpg 600w\" sizes=\"(max-width: 800px) 100vw, 800px\" \/><\/div><\/div><\/div><\/div><div class=\"flex_column av_one_full  flex_column_div av-zero-column-padding first  avia-builder-el-2  el_after_av_one_full  el_before_av_one_full  column-top-margin\" style='border-radius:0px; '><section class=\"av_textblock_section \"  itemscope=\"itemscope\" itemtype=\"https:\/\/schema.org\/BlogPosting\" itemprop=\"blogPost\" ><div class='avia_textblock  '   itemprop=\"text\" ><p style=\"text-align: center;\"><strong><span style=\"font-size: 18pt;\">Jard\u00edn Infantil Aukant\u00fcn de Junji lidera iniciativa pionera en protecci\u00f3n patrimonial desde la primera infancia<\/span><\/strong><\/p>\n<div id=\"gtx-trans\" style=\"position: absolute; left: -50px; top: 4.31534px;\">\n<div class=\"gtx-trans-icon\"><\/div>\n<\/div>\n<\/div><\/section><\/div><div class=\"flex_column av_one_full  flex_column_div av-zero-column-padding first  avia-builder-el-4  el_after_av_one_full  el_before_av_hr  column-top-margin\" style='border-radius:0px; '><section class=\"av_textblock_section \"  itemscope=\"itemscope\" itemtype=\"https:\/\/schema.org\/BlogPosting\" itemprop=\"blogPost\" ><div class='avia_textblock  '   itemprop=\"text\" ><p style=\"text-align: justify;\">Esta experiencia educativa fue financiada por el Gobierno Regional de Ays\u00e9n y permiti\u00f3 que p\u00e1rvulos junto a sus familias redescubrieran el valor hist\u00f3rico y natural de su territorio.<\/p>\n<p style=\"text-align: justify;\">Con una ceremonia que destac\u00f3 el compromiso de la comunidad educativa, el Jard\u00edn Infantil Aukant\u00fcn de Chile Chico realiz\u00f3 el cierre del proyecto \u201cConociendo mi Territorio: el Valor del Patrimonio\u201d. Una enriquecedora experiencia que fue financiada a trav\u00e9s del FNDR 8% del Gobierno Regional de Ays\u00e9n e impulsada por el Centro de Padres y Madres del establecimiento para fortalecer la identidad local desde los primeros a\u00f1os de vida.<\/p>\n<p style=\"text-align: justify;\">El proyecto tuvo como eje principal vincular a los y las p\u00e1rvulos con el patrimonio natural y cultural del valle de la comuna de Chile Chico. A trav\u00e9s de experiencias educativas significativas, se busc\u00f3 formar a ni\u00f1os y ni\u00f1as conscientes de su entorno, posicion\u00e1ndolos como los futuros guardianes de la riqueza hist\u00f3rica y ambiental de su comunidad.<\/p>\n<p style=\"text-align: justify;\">La directora regional (s) de JUNJI Ays\u00e9n, Mar\u00eda Isabel Parada, destac\u00f3 la importancia de este enfoque territorial \u201cpara nosotros es fundamental que los procesos educativos vayan m\u00e1s all\u00e1 del aula y se conecten con la identidad de cada localidad y territorio. Valoramos y destacamos el compromiso del Jard\u00edn Infantil Aukant\u00fcn y de sus familias ya que, al fomentar el conocimiento del patrimonio y el territorio desde la primera infancia, estamos sembrando las bases de una ciudadan\u00eda responsable, orgullosa de sus ra\u00edces y consciente del valor \u00fanico de su entorno\u201d, precis\u00f3.<\/p>\n<p style=\"text-align: justify;\">Durante la ejecuci\u00f3n del programa, la comunidad educativa particip\u00f3 de talleres formativos dictados por expertos locales. En estas instancias, se abordaron tem\u00e1ticas claves como: la biodiversidad del valle, el estudio de f\u00f3siles y el valor del arte rupestre. Este proceso no s\u00f3lo enriqueci\u00f3 el conocimiento de los p\u00e1rvulos, sino que involucr\u00f3 activamente a los equipos pedag\u00f3gicos y a las familias.<\/p>\n<p style=\"text-align: justify;\">El aprendizaje trascendi\u00f3 el aula mediante salidas pedag\u00f3gicas a sitios de alto valor patrimonial, donde ni\u00f1os y ni\u00f1as, junto a sus familias pudieron realizar avistamiento de aves, reconocer f\u00f3siles marinos y visitar el Parque Nacional Patagonia.<\/p>\n<p style=\"text-align: justify;\">\u201cCuando los ni\u00f1os conocen su entorno desde peque\u00f1os, aprenden a quererlo y cuidarlo. Estas experiencias dejan huellas importantes en su forma de relacionarse con el territorio y en la construcci\u00f3n de identidad\u201d. Mencion\u00f3 Roxana Valero, directora del Jard\u00edn Infantil Aukant\u00fcn.<\/p>\n<p style=\"text-align: justify;\">Asimismo, la presidenta del Centro de Padres y Madres, Claudia Carrasco, valor\u00f3 el trabajo colaborativo, evidenciando que \u201ccomo familias estamos muy orgullosas de este proyecto, porque vemos c\u00f3mo nuestros ni\u00f1os y ni\u00f1as aprenden a valorar su entorno y a sentirse parte activa de su comunidad\u201d.<\/p>\n<p style=\"text-align: justify;\">El \u00e9xito de esta iniciativa reafirma que la protecci\u00f3n del territorio comienza con el conocimiento y el v\u00ednculo afectivo, entendiendo que el proyecto logr\u00f3 demostrar que la educaci\u00f3n inicial es el pilar fundamental para asegurar la preservaci\u00f3n del patrimonio regional a trav\u00e9s de la participaci\u00f3n ciudadana en primera infancia, con el apoyo de sus familias y comunidad educativa.<\/p>\n<\/div><\/section><\/div><div  style='height:50px' class='hr hr-invisible   avia-builder-el-6  el_after_av_one_full  el_before_av_social_share '><span class='hr-inner ' ><span class='hr-inner-style'><\/span><\/span><\/div><\/p>\n<div  class='av-social-sharing-box  avia-builder-el-7  el_after_av_hr  el_before_av_hr  '><div class='av-share-box'><h5 class='av-share-link-description av-no-toc '>Compartir esta noticia<\/h5><ul class='av-share-box-list noLightbox'><li class='av-share-link av-social-link-facebook' ><a target=\"_blank\" aria-label=\"Compartir en Facebook\" href='https:\/\/www.facebook.com\/sharer.php?u=https:\/\/radiorevelacionfm.cl\/?p=63248&#038;t=Jard%C3%ADn%20Infantil%20Aukant%C3%BCn%20de%20Junji%20lidera%20iniciativa%20pionera%20en%20protecci%C3%B3n%20patrimonial%20desde%20la%20primera%20infancia' aria-hidden='false' data-av_icon='\ue8f3' data-av_iconfont='entypo-fontello' title='' data-avia-related-tooltip='Compartir en Facebook' rel=\"noopener\"><span class='avia_hidden_link_text'>Compartir en Facebook<\/span><\/a><\/li><li class='av-share-link av-social-link-twitter' ><a target=\"_blank\" aria-label=\"Compartir en Twitter\" href='https:\/\/twitter.com\/share?text=Jard%C3%ADn%20Infantil%20Aukant%C3%BCn%20de%20Junji%20lidera%20iniciativa%20pionera%20en%20protecci%C3%B3n%20patrimonial%20desde%20la%20primera%20infancia&#038;url=https:\/\/radiorevelacionfm.cl\/?p=63248' aria-hidden='false' data-av_icon='\ue8f1' data-av_iconfont='entypo-fontello' title='' data-avia-related-tooltip='Compartir en Twitter' rel=\"noopener\"><span class='avia_hidden_link_text'>Compartir en Twitter<\/span><\/a><\/li><li class='av-share-link av-social-link-whatsapp' ><a target=\"_blank\" aria-label=\"Compartir en Whatsapp\" href='https:\/\/api.whatsapp.com\/send?text=https:\/\/radiorevelacionfm.cl\/?p=63248' aria-hidden='false' data-av_icon='\uf232' data-av_iconfont='entypo-fontello' title='' data-avia-related-tooltip='Compartir en Whatsapp' rel=\"noopener\"><span class='avia_hidden_link_text'>Compartir en Whatsapp<\/span><\/a><\/li><li class='av-share-link av-social-link-linkedin' ><a target=\"_blank\" aria-label=\"Compartir en LinkedIn\" href='https:\/\/linkedin.com\/shareArticle?mini=true&#038;title=Jard%C3%ADn%20Infantil%20Aukant%C3%BCn%20de%20Junji%20lidera%20iniciativa%20pionera%20en%20protecci%C3%B3n%20patrimonial%20desde%20la%20primera%20infancia&#038;url=https:\/\/radiorevelacionfm.cl\/?p=63248' aria-hidden='false' data-av_icon='\ue8fc' data-av_iconfont='entypo-fontello' title='' data-avia-related-tooltip='Compartir en LinkedIn' rel=\"noopener\"><span class='avia_hidden_link_text'>Compartir en LinkedIn<\/span><\/a><\/li><li class='av-share-link av-social-link-mail' ><a  aria-label=\"Compartir por correo\" href='mailto:?subject=Jard%C3%ADn%20Infantil%20Aukant%C3%BCn%20de%20Junji%20lidera%20iniciativa%20pionera%20en%20protecci%C3%B3n%20patrimonial%20desde%20la%20primera%20infancia&#038;body=https:\/\/radiorevelacionfm.cl\/?p=63248' aria-hidden='false' data-av_icon='\ue805' data-av_iconfont='entypo-fontello' title='' data-avia-related-tooltip='Compartir por correo'><span class='avia_hidden_link_text'>Compartir por correo<\/span><\/a><\/li><\/ul><\/div><\/div>\n<div  style='height:50px' class='hr hr-invisible   avia-builder-el-8  el_after_av_social_share  el_before_av_comments_list '><span class='hr-inner ' ><span class='hr-inner-style'><\/span><\/span><\/div>\n<div  class='av-buildercomment  av-blog-meta-html-info-disabled av-blog-meta-tag-disabled  '><\/div>\n","protected":false},"excerpt":{"rendered":"","protected":false},"author":1,"featured_media":63249,"comment_status":"closed","ping_status":"closed","sticky":false,"template":"","format":"standard","meta":{"footnotes":""},"categories":[49],"tags":[],"class_list":["post-63248","post","type-post","status-publish","format-standard","has-post-thumbnail","hentry","category-educacion"],"jetpack_featured_media_url":"https:\/\/radiorevelacionfm.cl\/wp-content\/uploads\/2026\/01\/IMG-20260109-WA0056-1-1.jpg","_links":{"self":[{"href":"https:\/\/radiorevelacionfm.cl\/index.php?rest_route=\/wp\/v2\/posts\/63248","targetHints":{"allow":["GET"]}}],"collection":[{"href":"https:\/\/radiorevelacionfm.cl\/index.php?rest_route=\/wp\/v2\/posts"}],"about":[{"href":"https:\/\/radiorevelacionfm.cl\/index.php?rest_route=\/wp\/v2\/types\/post"}],"author":[{"embeddable":true,"href":"https:\/\/radiorevelacionfm.cl\/index.php?rest_route=\/wp\/v2\/users\/1"}],"replies":[{"embeddable":true,"href":"https:\/\/radiorevelacionfm.cl\/index.php?rest_route=%2Fwp%2Fv2%2Fcomments&post=63248"}],"version-history":[{"count":2,"href":"https:\/\/radiorevelacionfm.cl\/index.php?rest_route=\/wp\/v2\/posts\/63248\/revisions"}],"predecessor-version":[{"id":63252,"href":"https:\/\/radiorevelacionfm.cl\/index.php?rest_route=\/wp\/v2\/posts\/63248\/revisions\/63252"}],"wp:featuredmedia":[{"embeddable":true,"href":"https:\/\/radiorevelacionfm.cl\/index.php?rest_route=\/wp\/v2\/media\/63249"}],"wp:attachment":[{"href":"https:\/\/radiorevelacionfm.cl\/index.php?rest_route=%2Fwp%2Fv2%2Fmedia&parent=63248"}],"wp:term":[{"taxonomy":"category","embeddable":true,"href":"https:\/\/radiorevelacionfm.cl\/index.php?rest_route=%2Fwp%2Fv2%2Fcategories&post=63248"},{"taxonomy":"post_tag","embeddable":true,"href":"https:\/\/radiorevelacionfm.cl\/index.php?rest_route=%2Fwp%2Fv2%2Ftags&post=63248"}],"curies":[{"name":"wp","href":"https:\/\/api.w.org\/{rel}","templated":true}]}}