{"id":63244,"date":"2026-01-13T16:55:59","date_gmt":"2026-01-13T19:55:59","guid":{"rendered":"https:\/\/radiorevelacionfm.cl\/?p=63244"},"modified":"2026-01-13T16:55:59","modified_gmt":"2026-01-13T19:55:59","slug":"balance-2025-de-edelaysen-choques-a-postes-siguen-afectando-la-red-electrica-de-aysen","status":"publish","type":"post","link":"https:\/\/radiorevelacionfm.cl\/?p=63244","title":{"rendered":"Balance 2025 de Edelaysen: choques a postes siguen afectando la red el\u00e9ctrica de Ays\u00e9n"},"content":{"rendered":"<div class=\"flex_column av_one_full  flex_column_div av-zero-column-padding first  avia-builder-el-0  el_before_av_one_full  avia-builder-el-first  \" style='border-radius:0px; '><div  class='avia-image-container  av-styling-    avia-builder-el-1  avia-builder-el-no-sibling  avia-align-center '  itemprop=\"image\" itemscope=\"itemscope\" itemtype=\"https:\/\/schema.org\/ImageObject\"  ><div class='avia-image-container-inner'><div class='avia-image-overlay-wrap'><img decoding=\"async\" class='wp-image-63245 avia-img-lazy-loading-not-63245 avia_image' src=\"https:\/\/radiorevelacionfm.cl\/wp-content\/uploads\/2026\/01\/choque-a-postes-4-3-1_optimized-1.jpeg\" alt='' title='choque-a-postes-(4)-(3)-(1)_optimized (1)' height=\"880\" width=\"802\"  itemprop=\"thumbnailUrl\" srcset=\"https:\/\/radiorevelacionfm.cl\/wp-content\/uploads\/2026\/01\/choque-a-postes-4-3-1_optimized-1.jpeg 802w, https:\/\/radiorevelacionfm.cl\/wp-content\/uploads\/2026\/01\/choque-a-postes-4-3-1_optimized-1-273x300.jpeg 273w, https:\/\/radiorevelacionfm.cl\/wp-content\/uploads\/2026\/01\/choque-a-postes-4-3-1_optimized-1-768x843.jpeg 768w, https:\/\/radiorevelacionfm.cl\/wp-content\/uploads\/2026\/01\/choque-a-postes-4-3-1_optimized-1-643x705.jpeg 643w, https:\/\/radiorevelacionfm.cl\/wp-content\/uploads\/2026\/01\/choque-a-postes-4-3-1_optimized-1-450x494.jpeg 450w, https:\/\/radiorevelacionfm.cl\/wp-content\/uploads\/2026\/01\/choque-a-postes-4-3-1_optimized-1-600x658.jpeg 600w\" sizes=\"(max-width: 802px) 100vw, 802px\" \/><\/div><\/div><\/div><\/div><div class=\"flex_column av_one_full  flex_column_div av-zero-column-padding first  avia-builder-el-2  el_after_av_one_full  el_before_av_one_full  column-top-margin\" style='border-radius:0px; '><section class=\"av_textblock_section \"  itemscope=\"itemscope\" itemtype=\"https:\/\/schema.org\/BlogPosting\" itemprop=\"blogPost\" ><div class='avia_textblock  '   itemprop=\"text\" ><p style=\"text-align: center;\"><strong><span style=\"font-size: 18pt;\">Balance 2025 de Edelaysen: choques a postes siguen afectando la red el\u00e9ctrica de Ays\u00e9n<\/span><\/strong><\/p>\n<div id=\"gtx-trans\" style=\"position: absolute; left: -50px; top: 4.31534px;\">\n<div class=\"gtx-trans-icon\"><\/div>\n<\/div>\n<\/div><\/section><\/div><div class=\"flex_column av_one_full  flex_column_div av-zero-column-padding first  avia-builder-el-4  el_after_av_one_full  el_before_av_hr  column-top-margin\" style='border-radius:0px; '><section class=\"av_textblock_section \"  itemscope=\"itemscope\" itemtype=\"https:\/\/schema.org\/BlogPosting\" itemprop=\"blogPost\" ><div class='avia_textblock  '   itemprop=\"text\" ><p style=\"text-align: justify;\">Aunque durante el 2025 se ha registrado una menor cantidad de eventos en comparaci\u00f3n con 2024, los choques a infraestructura el\u00e9ctrica contin\u00faan generando interrupciones del suministro y extensas labores de reposici\u00f3n en distintas comunas de la regi\u00f3n.<\/p>\n<p style=\"text-align: justify;\">Durante 2025, los choques de veh\u00edculos contra postes del tendido el\u00e9ctrico han seguido siendo una de las principales causas externas de interrupciones del suministro el\u00e9ctrico en la Regi\u00f3n de Ays\u00e9n, seg\u00fan informaci\u00f3n de Edelaysen.<\/p>\n<p style=\"text-align: justify;\">En comparaci\u00f3n con el a\u00f1o anterior, el n\u00famero de postes chocados durante 2025 fue menor; sin embargo, desde la distribuidora explicaron que el impacto de cada evento se mantiene alto, ya que un solo accidente puede dejar sin energ\u00eda el\u00e9ctrica a sectores completos y afectar a numerosos clientes por varias horas.<\/p>\n<p style=\"text-align: justify;\">En ese sentido, Mar\u00eda de los \u00c1ngeles Gajardo, jefa de Servicio al Cliente de Edelaysen, explic\u00f3:<br \/>\n\u201cSi bien durante 2025 hemos tenido menos choques a postes que el a\u00f1o anterior, cada uno de estos eventos sigue implicando un trabajo t\u00e9cnico intenso, que muchas veces puede extenderse hasta seis horas para reponer completamente el suministro, considerando la reposici\u00f3n de infraestructura y las condiciones de seguridad necesarias para nuestros equipos. Por eso el llamado es a la prevenci\u00f3n y a una conducci\u00f3n responsable\u201d.<\/p>\n<p style=\"text-align: justify;\">Las comunas donde estos accidentes se repiten con mayor frecuencia corresponden principalmente a zonas con alto flujo vehicular, como Coyhaique y Ays\u00e9n, donde la cercan\u00eda de la red el\u00e9ctrica a rutas y sectores urbanos incrementa el riesgo de afectaci\u00f3n ante siniestros viales, situaci\u00f3n que se intensifica durante la temporada estival, cuando aumenta la circulaci\u00f3n de veh\u00edculos por actividades recreativas, eventos propios del verano y desplazamientos tur\u00edsticos.<\/p>\n<p style=\"text-align: justify;\">Durante el a\u00f1o reci\u00e9n pasado, Edelaysen registr\u00f3 35 postes chocados de manera directa, los que requirieron extensas labores de reposici\u00f3n debido al nivel de da\u00f1o que genera este tipo de accidentes.<\/p>\n<p style=\"text-align: justify;\">A esta cifra se suman interrupciones del suministro el\u00e9ctrico provocadas por choques a infraestructura asociada a los postes, como cables y otros elementos del poste, situaciones que, aun cuando no implican el impacto directo a la estructura, generan afectaciones relevantes en la red y obligan igualmente a desplegar trabajos de emergencia para restablecer el servicio.<\/p>\n<\/div><\/section><\/div><div  style='height:50px' class='hr hr-invisible   avia-builder-el-6  el_after_av_one_full  el_before_av_social_share '><span class='hr-inner ' ><span class='hr-inner-style'><\/span><\/span><\/div><\/p>\n<div  class='av-social-sharing-box  avia-builder-el-7  el_after_av_hr  el_before_av_hr  '><div class='av-share-box'><h5 class='av-share-link-description av-no-toc '>Compartir esta noticia<\/h5><ul class='av-share-box-list noLightbox'><li class='av-share-link av-social-link-facebook' ><a target=\"_blank\" aria-label=\"Compartir en Facebook\" href='https:\/\/www.facebook.com\/sharer.php?u=https:\/\/radiorevelacionfm.cl\/?p=63244&#038;t=Balance%202025%20de%20Edelaysen%3A%20choques%20a%20postes%20siguen%20afectando%20la%20red%20el%C3%A9ctrica%20de%20Ays%C3%A9n' aria-hidden='false' data-av_icon='\ue8f3' data-av_iconfont='entypo-fontello' title='' data-avia-related-tooltip='Compartir en Facebook' rel=\"noopener\"><span class='avia_hidden_link_text'>Compartir en Facebook<\/span><\/a><\/li><li class='av-share-link av-social-link-twitter' ><a target=\"_blank\" aria-label=\"Compartir en Twitter\" href='https:\/\/twitter.com\/share?text=Balance%202025%20de%20Edelaysen%3A%20choques%20a%20postes%20siguen%20afectando%20la%20red%20el%C3%A9ctrica%20de%20Ays%C3%A9n&#038;url=https:\/\/radiorevelacionfm.cl\/?p=63244' aria-hidden='false' data-av_icon='\ue8f1' data-av_iconfont='entypo-fontello' title='' data-avia-related-tooltip='Compartir en Twitter' rel=\"noopener\"><span class='avia_hidden_link_text'>Compartir en Twitter<\/span><\/a><\/li><li class='av-share-link av-social-link-whatsapp' ><a target=\"_blank\" aria-label=\"Compartir en Whatsapp\" href='https:\/\/api.whatsapp.com\/send?text=https:\/\/radiorevelacionfm.cl\/?p=63244' aria-hidden='false' data-av_icon='\uf232' data-av_iconfont='entypo-fontello' title='' data-avia-related-tooltip='Compartir en Whatsapp' rel=\"noopener\"><span class='avia_hidden_link_text'>Compartir en Whatsapp<\/span><\/a><\/li><li class='av-share-link av-social-link-linkedin' ><a target=\"_blank\" aria-label=\"Compartir en LinkedIn\" href='https:\/\/linkedin.com\/shareArticle?mini=true&#038;title=Balance%202025%20de%20Edelaysen%3A%20choques%20a%20postes%20siguen%20afectando%20la%20red%20el%C3%A9ctrica%20de%20Ays%C3%A9n&#038;url=https:\/\/radiorevelacionfm.cl\/?p=63244' aria-hidden='false' data-av_icon='\ue8fc' data-av_iconfont='entypo-fontello' title='' data-avia-related-tooltip='Compartir en LinkedIn' rel=\"noopener\"><span class='avia_hidden_link_text'>Compartir en LinkedIn<\/span><\/a><\/li><li class='av-share-link av-social-link-mail' ><a  aria-label=\"Compartir por correo\" href='mailto:?subject=Balance%202025%20de%20Edelaysen%3A%20choques%20a%20postes%20siguen%20afectando%20la%20red%20el%C3%A9ctrica%20de%20Ays%C3%A9n&#038;body=https:\/\/radiorevelacionfm.cl\/?p=63244' aria-hidden='false' data-av_icon='\ue805' data-av_iconfont='entypo-fontello' title='' data-avia-related-tooltip='Compartir por correo'><span class='avia_hidden_link_text'>Compartir por correo<\/span><\/a><\/li><\/ul><\/div><\/div>\n<div  style='height:50px' class='hr hr-invisible   avia-builder-el-8  el_after_av_social_share  el_before_av_comments_list '><span class='hr-inner ' ><span class='hr-inner-style'><\/span><\/span><\/div>\n<div  class='av-buildercomment  av-blog-meta-html-info-disabled av-blog-meta-tag-disabled  '><\/div>\n","protected":false},"excerpt":{"rendered":"","protected":false},"author":1,"featured_media":63245,"comment_status":"closed","ping_status":"closed","sticky":false,"template":"","format":"standard","meta":{"footnotes":""},"categories":[38],"tags":[],"class_list":["post-63244","post","type-post","status-publish","format-standard","has-post-thumbnail","hentry","category-regional"],"jetpack_featured_media_url":"https:\/\/radiorevelacionfm.cl\/wp-content\/uploads\/2026\/01\/choque-a-postes-4-3-1_optimized-1.jpeg","_links":{"self":[{"href":"https:\/\/radiorevelacionfm.cl\/index.php?rest_route=\/wp\/v2\/posts\/63244","targetHints":{"allow":["GET"]}}],"collection":[{"href":"https:\/\/radiorevelacionfm.cl\/index.php?rest_route=\/wp\/v2\/posts"}],"about":[{"href":"https:\/\/radiorevelacionfm.cl\/index.php?rest_route=\/wp\/v2\/types\/post"}],"author":[{"embeddable":true,"href":"https:\/\/radiorevelacionfm.cl\/index.php?rest_route=\/wp\/v2\/users\/1"}],"replies":[{"embeddable":true,"href":"https:\/\/radiorevelacionfm.cl\/index.php?rest_route=%2Fwp%2Fv2%2Fcomments&post=63244"}],"version-history":[{"count":2,"href":"https:\/\/radiorevelacionfm.cl\/index.php?rest_route=\/wp\/v2\/posts\/63244\/revisions"}],"predecessor-version":[{"id":63247,"href":"https:\/\/radiorevelacionfm.cl\/index.php?rest_route=\/wp\/v2\/posts\/63244\/revisions\/63247"}],"wp:featuredmedia":[{"embeddable":true,"href":"https:\/\/radiorevelacionfm.cl\/index.php?rest_route=\/wp\/v2\/media\/63245"}],"wp:attachment":[{"href":"https:\/\/radiorevelacionfm.cl\/index.php?rest_route=%2Fwp%2Fv2%2Fmedia&parent=63244"}],"wp:term":[{"taxonomy":"category","embeddable":true,"href":"https:\/\/radiorevelacionfm.cl\/index.php?rest_route=%2Fwp%2Fv2%2Fcategories&post=63244"},{"taxonomy":"post_tag","embeddable":true,"href":"https:\/\/radiorevelacionfm.cl\/index.php?rest_route=%2Fwp%2Fv2%2Ftags&post=63244"}],"curies":[{"name":"wp","href":"https:\/\/api.w.org\/{rel}","templated":true}]}}