{"id":6324,"date":"2021-07-15T18:24:53","date_gmt":"2021-07-15T21:24:53","guid":{"rendered":"https:\/\/radiorevelacionfm.cl\/?p=6324"},"modified":"2021-07-15T18:24:53","modified_gmt":"2021-07-15T21:24:53","slug":"gobierno-realiza-llamado-a-participar-en-las-primarias-presidenciales-y-entrega-detalles-sobre-el-voto-seguro","status":"publish","type":"post","link":"https:\/\/radiorevelacionfm.cl\/?p=6324","title":{"rendered":"Gobierno realiza llamado a participar en las primarias presidenciales y entrega detalles sobre el voto seguro"},"content":{"rendered":"<div class=\"flex_column av_one_full  flex_column_div av-zero-column-padding first  avia-builder-el-0  el_before_av_one_full  avia-builder-el-first  \" style='border-radius:0px; '><div  class='avia-image-container  av-styling-    avia-builder-el-1  avia-builder-el-no-sibling  avia-align-center '  itemprop=\"image\" itemscope=\"itemscope\" itemtype=\"https:\/\/schema.org\/ImageObject\"  ><div class='avia-image-container-inner'><div class='avia-image-overlay-wrap'><img decoding=\"async\" class='wp-image-6325 avia-img-lazy-loading-not-6325 avia_image' src=\"https:\/\/radiorevelacionfm.cl\/wp-content\/uploads\/2021\/07\/FOTO-llamado-a-votar-primarias-presidenciales-1-1.jpeg\" alt='' title='FOTO llamado a votar primarias presidenciales (1) (1)' height=\"600\" width=\"900\"  itemprop=\"thumbnailUrl\" srcset=\"https:\/\/radiorevelacionfm.cl\/wp-content\/uploads\/2021\/07\/FOTO-llamado-a-votar-primarias-presidenciales-1-1.jpeg 900w, https:\/\/radiorevelacionfm.cl\/wp-content\/uploads\/2021\/07\/FOTO-llamado-a-votar-primarias-presidenciales-1-1-300x200.jpeg 300w, https:\/\/radiorevelacionfm.cl\/wp-content\/uploads\/2021\/07\/FOTO-llamado-a-votar-primarias-presidenciales-1-1-768x512.jpeg 768w, https:\/\/radiorevelacionfm.cl\/wp-content\/uploads\/2021\/07\/FOTO-llamado-a-votar-primarias-presidenciales-1-1-705x470.jpeg 705w, https:\/\/radiorevelacionfm.cl\/wp-content\/uploads\/2021\/07\/FOTO-llamado-a-votar-primarias-presidenciales-1-1-600x400.jpeg 600w\" sizes=\"(max-width: 900px) 100vw, 900px\" \/><\/div><\/div><\/div><\/div><div class=\"flex_column av_one_full  flex_column_div av-zero-column-padding first  avia-builder-el-2  el_after_av_one_full  el_before_av_one_full  column-top-margin\" style='border-radius:0px; '><section class=\"av_textblock_section \"  itemscope=\"itemscope\" itemtype=\"https:\/\/schema.org\/BlogPosting\" itemprop=\"blogPost\" ><div class='avia_textblock  '   itemprop=\"text\" ><p style=\"text-align: center;\"><strong><span style=\"font-size: 18pt;\">Gobierno realiza llamado a participar en las primarias presidenciales y entrega detalles sobre el voto seguro<\/span><\/strong><\/p>\n<div id=\"gtx-trans\" style=\"position: absolute; left: -50px; top: 4.31534px;\">\n<div class=\"gtx-trans-icon\"><\/div>\n<\/div>\n<\/div><\/section><\/div><div class=\"flex_column av_one_full  flex_column_div av-zero-column-padding first  avia-builder-el-4  el_after_av_one_full  el_before_av_hr  column-top-margin\" style='border-radius:0px; '><section class=\"av_textblock_section \"  itemscope=\"itemscope\" itemtype=\"https:\/\/schema.org\/BlogPosting\" itemprop=\"blogPost\" ><div class='avia_textblock  '   itemprop=\"text\" ><p style=\"font-weight: 400; text-align: justify;\">Este jueves la Delegada Presidencial Regional de Ays\u00e9n, Margarita Ossa, hizo un llamado a participar en las primarias presidenciales, comicios que se realizar\u00e1n este domingo 18 de julio, donde se escoger\u00e1 entre seis candidatos \u2013cuatro de Chile Vamos (lista A) y dos de Apruebo Dignidad (lista B)\u2013 a un representante de cada\u00a0sector que competir\u00e1 en las elecciones presidenciales.<\/p>\n<p style=\"font-weight: 400; text-align: justify;\">En esa l\u00ednea, la Delegada Presidencial record\u00f3 que todos quienes est\u00e9n inscritos en partidos que conformen alguna de las dos coaliciones, podr\u00e1n participar, as\u00ed como tambi\u00e9n independientes no afiliados a partidos pol\u00edticos y quienes se encuentren en el extranjero.<\/p>\n<p style=\"font-weight: 400; text-align: justify;\">\u201cComo Gobierno del Presidente Sebasti\u00e1n Pi\u00f1era hemos hecho absolutamente todo para que estas elecciones tengan la mayor participaci\u00f3n posible, se est\u00e1n tomando todas las medidas sanitarias adecuadas para que sea seguro votar. Es decir, va a existir alcohol gel, distanciamiento, horarios preferentes para los adultos mayores y personas que necesiten asistencia entre las 14:00 y las 18:00 horas, entre otras medidas implementadas en los procesos eleccionarios realizados anteriormente. Adem\u00e1s, este tipo de procesos fortalecen el sistema democr\u00e1tico en nuestro pa\u00eds\u201d,\u00a0recalc\u00f3\u00a0Ossa.<\/p>\n<p style=\"font-weight: 400; text-align: justify;\">Asimismo, la Delegada Presidencial Regional afirm\u00f3 que\u00a0\u201cdado que es una elecci\u00f3n con menos candidatos que la elecci\u00f3n pasada, va a haber menos mesas, se fusionaron muchas mesas y eso en algunos casos puede haber implicado un cambio de local. Queremos entonces hacer un llamado a que las personas visiten la p\u00e1gina del Servel, <a href=\"http:\/\/www.sevel.cl\/\" data-saferedirecturl=\"https:\/\/www.google.com\/url?q=http:\/\/www.sevel.cl\/&amp;source=gmail&amp;ust=1626467942096000&amp;usg=AFQjCNGOi7QU_ldz25pKClAnmWRSiOe6cA\">www.sevel.cl,<\/a>\u00a0y puedan verificar en qu\u00e9 local van a votar, ya que puede ser que para muchos\u00a0electores haya\u00a0cambiado\u00a0el\u00a0local de\u00a0votaci\u00f3n\u201d.<\/p>\n<p style=\"font-weight: 400; text-align: justify;\">El Servicio Electoral (Servel) Ays\u00e9n inform\u00f3 que son 118 mesas y 94.645 electores para el proceso de este domingo, cifra m\u00e1s baja a diferencia de las elecciones de mayo \u2013para elegir a gobernadores regionales, convencionales constituyentes, alcaldes y concejales\u2013, donde la cantidad de mesas fueron 314 y 98.610 los electores.<\/p>\n<p style=\"font-weight: 400; text-align: justify;\"><strong>Proceso electoral y servicios<\/strong><\/p>\n<p style=\"font-weight: 400; text-align: justify;\">El horario de votaci\u00f3n de este 18 de julio ser\u00e1 entre las 8:00 y las 18:00 horas. Los adultos\u00a0mayores de 60 a\u00f1os, mujeres embarazadas y personas con alg\u00fan tipo de discapacidad tendr\u00e1n\u00a0acceso preferente durante todo el d\u00eda, pero se recomienda que asistan entre 14:00 y 18:00 horas\u00a0para evitar\u00a0aglomeraciones.<\/p>\n<p style=\"font-weight: 400; text-align: justify;\">Se recuerda que no podr\u00e1n votar quienes est\u00e9n afiliados a partidos pol\u00edticos que no participen en las primarias, quienes no est\u00e9n habilitados por haber perdido o tener suspendido su derecho a sufragio, as\u00ed como tampoco aquellas personas que se encuentran cumpliendo medidas de aislamiento obligatorio, de acuerdo con la normativa del Minsal.<\/p>\n<p style=\"font-weight: 400; text-align: justify;\">Respecto al transporte, al igual que en las elecciones anteriores, se establecer\u00e1 la gratuidad de\u00a0distintos servicios de transporte p\u00fablico para facilitar el traslado de las personas a los lugares de\u00a0votaci\u00f3n, en especial a quienes viven en localidades aisladas. De este modo, ser\u00e1n 55 servicios de transporte p\u00fablico los que operar\u00e1n de forma gratuita, lo que apunta a\u00a0facilitar la\u00a0participaci\u00f3n\u00a0electoral a\u00a0nivel\u00a0nacional.<\/p>\n<\/div><\/section><\/div><div  style='height:50px' class='hr hr-invisible   avia-builder-el-6  el_after_av_one_full  el_before_av_social_share '><span class='hr-inner ' ><span class='hr-inner-style'><\/span><\/span><\/div><\/p>\n<div  class='av-social-sharing-box  avia-builder-el-7  el_after_av_hr  el_before_av_hr  '><div class='av-share-box'><h5 class='av-share-link-description av-no-toc '>Compartir esta noticia<\/h5><ul class='av-share-box-list noLightbox'><li class='av-share-link av-social-link-facebook' ><a target=\"_blank\" aria-label=\"Compartir en Facebook\" href='https:\/\/www.facebook.com\/sharer.php?u=https:\/\/radiorevelacionfm.cl\/?p=6324&#038;t=Gobierno%20realiza%20llamado%20a%20participar%20en%20las%20primarias%20presidenciales%20y%20entrega%20detalles%20sobre%20el%20voto%20seguro' aria-hidden='false' data-av_icon='\ue8f3' data-av_iconfont='entypo-fontello' title='' data-avia-related-tooltip='Compartir en Facebook' rel=\"noopener\"><span class='avia_hidden_link_text'>Compartir en Facebook<\/span><\/a><\/li><li class='av-share-link av-social-link-twitter' ><a target=\"_blank\" aria-label=\"Compartir en Twitter\" href='https:\/\/twitter.com\/share?text=Gobierno%20realiza%20llamado%20a%20participar%20en%20las%20primarias%20presidenciales%20y%20entrega%20detalles%20sobre%20el%20voto%20seguro&#038;url=https:\/\/radiorevelacionfm.cl\/?p=6324' aria-hidden='false' data-av_icon='\ue8f1' data-av_iconfont='entypo-fontello' title='' data-avia-related-tooltip='Compartir en Twitter' rel=\"noopener\"><span class='avia_hidden_link_text'>Compartir en Twitter<\/span><\/a><\/li><li class='av-share-link av-social-link-whatsapp' ><a target=\"_blank\" aria-label=\"Compartir en Whatsapp\" href='https:\/\/api.whatsapp.com\/send?text=https:\/\/radiorevelacionfm.cl\/?p=6324' aria-hidden='false' data-av_icon='\uf232' data-av_iconfont='entypo-fontello' title='' data-avia-related-tooltip='Compartir en Whatsapp' rel=\"noopener\"><span class='avia_hidden_link_text'>Compartir en Whatsapp<\/span><\/a><\/li><li class='av-share-link av-social-link-linkedin' ><a target=\"_blank\" aria-label=\"Compartir en LinkedIn\" href='https:\/\/linkedin.com\/shareArticle?mini=true&#038;title=Gobierno%20realiza%20llamado%20a%20participar%20en%20las%20primarias%20presidenciales%20y%20entrega%20detalles%20sobre%20el%20voto%20seguro&#038;url=https:\/\/radiorevelacionfm.cl\/?p=6324' aria-hidden='false' data-av_icon='\ue8fc' data-av_iconfont='entypo-fontello' title='' data-avia-related-tooltip='Compartir en LinkedIn' rel=\"noopener\"><span class='avia_hidden_link_text'>Compartir en LinkedIn<\/span><\/a><\/li><li class='av-share-link av-social-link-mail' ><a  aria-label=\"Compartir por correo\" href='mailto:?subject=Gobierno%20realiza%20llamado%20a%20participar%20en%20las%20primarias%20presidenciales%20y%20entrega%20detalles%20sobre%20el%20voto%20seguro&#038;body=https:\/\/radiorevelacionfm.cl\/?p=6324' aria-hidden='false' data-av_icon='\ue805' data-av_iconfont='entypo-fontello' title='' data-avia-related-tooltip='Compartir por correo'><span class='avia_hidden_link_text'>Compartir por correo<\/span><\/a><\/li><\/ul><\/div><\/div>\n<div  style='height:50px' class='hr hr-invisible   avia-builder-el-8  el_after_av_social_share  el_before_av_comments_list '><span class='hr-inner ' ><span class='hr-inner-style'><\/span><\/span><\/div>\n<div  class='av-buildercomment  av-blog-meta-html-info-disabled av-blog-meta-tag-disabled  '><\/div>\n","protected":false},"excerpt":{"rendered":"","protected":false},"author":1,"featured_media":6325,"comment_status":"open","ping_status":"open","sticky":false,"template":"","format":"standard","meta":{"footnotes":""},"categories":[38],"tags":[],"class_list":["post-6324","post","type-post","status-publish","format-standard","has-post-thumbnail","hentry","category-regional"],"jetpack_featured_media_url":"https:\/\/radiorevelacionfm.cl\/wp-content\/uploads\/2021\/07\/FOTO-llamado-a-votar-primarias-presidenciales-1-1.jpeg","_links":{"self":[{"href":"https:\/\/radiorevelacionfm.cl\/index.php?rest_route=\/wp\/v2\/posts\/6324","targetHints":{"allow":["GET"]}}],"collection":[{"href":"https:\/\/radiorevelacionfm.cl\/index.php?rest_route=\/wp\/v2\/posts"}],"about":[{"href":"https:\/\/radiorevelacionfm.cl\/index.php?rest_route=\/wp\/v2\/types\/post"}],"author":[{"embeddable":true,"href":"https:\/\/radiorevelacionfm.cl\/index.php?rest_route=\/wp\/v2\/users\/1"}],"replies":[{"embeddable":true,"href":"https:\/\/radiorevelacionfm.cl\/index.php?rest_route=%2Fwp%2Fv2%2Fcomments&post=6324"}],"version-history":[{"count":1,"href":"https:\/\/radiorevelacionfm.cl\/index.php?rest_route=\/wp\/v2\/posts\/6324\/revisions"}],"predecessor-version":[{"id":6326,"href":"https:\/\/radiorevelacionfm.cl\/index.php?rest_route=\/wp\/v2\/posts\/6324\/revisions\/6326"}],"wp:featuredmedia":[{"embeddable":true,"href":"https:\/\/radiorevelacionfm.cl\/index.php?rest_route=\/wp\/v2\/media\/6325"}],"wp:attachment":[{"href":"https:\/\/radiorevelacionfm.cl\/index.php?rest_route=%2Fwp%2Fv2%2Fmedia&parent=6324"}],"wp:term":[{"taxonomy":"category","embeddable":true,"href":"https:\/\/radiorevelacionfm.cl\/index.php?rest_route=%2Fwp%2Fv2%2Fcategories&post=6324"},{"taxonomy":"post_tag","embeddable":true,"href":"https:\/\/radiorevelacionfm.cl\/index.php?rest_route=%2Fwp%2Fv2%2Ftags&post=6324"}],"curies":[{"name":"wp","href":"https:\/\/api.w.org\/{rel}","templated":true}]}}