{"id":63236,"date":"2026-01-13T11:12:06","date_gmt":"2026-01-13T14:12:06","guid":{"rendered":"https:\/\/radiorevelacionfm.cl\/?p=63236"},"modified":"2026-01-13T11:12:06","modified_gmt":"2026-01-13T14:12:06","slug":"sag-llama-a-informarse-ante-nueva-obligacion-de-avisar-aplicaciones-de-plaguicidas-toxico-para-las-abejas","status":"publish","type":"post","link":"https:\/\/radiorevelacionfm.cl\/?p=63236","title":{"rendered":"SAG llama a informarse ante nueva obligaci\u00f3n de avisar aplicaciones de plaguicidas t\u00f3xico para las abejas"},"content":{"rendered":"<div class=\"flex_column av_one_full  flex_column_div av-zero-column-padding first  avia-builder-el-0  el_before_av_one_full  avia-builder-el-first  \" style='border-radius:0px; '><div  class='avia-image-container  av-styling-    avia-builder-el-1  avia-builder-el-no-sibling  avia-align-center '  itemprop=\"image\" itemscope=\"itemscope\" itemtype=\"https:\/\/schema.org\/ImageObject\"  ><div class='avia-image-container-inner'><div class='avia-image-overlay-wrap'><img decoding=\"async\" class='wp-image-63237 avia-img-lazy-loading-not-63237 avia_image' src=\"https:\/\/radiorevelacionfm.cl\/wp-content\/uploads\/2026\/01\/WhatsApp-Image-2025-11-25-at-17.05.55-1-1-1.jpeg\" alt='' title='WhatsApp Image 2025-11-25 at 17.05.55 (1) (1) (1)' height=\"630\" width=\"796\"  itemprop=\"thumbnailUrl\" srcset=\"https:\/\/radiorevelacionfm.cl\/wp-content\/uploads\/2026\/01\/WhatsApp-Image-2025-11-25-at-17.05.55-1-1-1.jpeg 796w, https:\/\/radiorevelacionfm.cl\/wp-content\/uploads\/2026\/01\/WhatsApp-Image-2025-11-25-at-17.05.55-1-1-1-300x237.jpeg 300w, https:\/\/radiorevelacionfm.cl\/wp-content\/uploads\/2026\/01\/WhatsApp-Image-2025-11-25-at-17.05.55-1-1-1-768x608.jpeg 768w, https:\/\/radiorevelacionfm.cl\/wp-content\/uploads\/2026\/01\/WhatsApp-Image-2025-11-25-at-17.05.55-1-1-1-705x558.jpeg 705w, https:\/\/radiorevelacionfm.cl\/wp-content\/uploads\/2026\/01\/WhatsApp-Image-2025-11-25-at-17.05.55-1-1-1-450x356.jpeg 450w, https:\/\/radiorevelacionfm.cl\/wp-content\/uploads\/2026\/01\/WhatsApp-Image-2025-11-25-at-17.05.55-1-1-1-600x475.jpeg 600w\" sizes=\"(max-width: 796px) 100vw, 796px\" \/><\/div><\/div><\/div><\/div><div class=\"flex_column av_one_full  flex_column_div av-zero-column-padding first  avia-builder-el-2  el_after_av_one_full  el_before_av_one_full  column-top-margin\" style='border-radius:0px; '><section class=\"av_textblock_section \"  itemscope=\"itemscope\" itemtype=\"https:\/\/schema.org\/BlogPosting\" itemprop=\"blogPost\" ><div class='avia_textblock  '   itemprop=\"text\" ><p style=\"text-align: center;\"><strong><span style=\"font-size: 18pt;\">SAG llama a informarse ante nueva obligaci\u00f3n de avisar aplicaciones de plaguicidas t\u00f3xico para las abejas<\/span><\/strong><\/p>\n<div id=\"gtx-trans\" style=\"position: absolute; left: -50px; top: 4.31534px;\">\n<div class=\"gtx-trans-icon\"><\/div>\n<\/div>\n<\/div><\/section><\/div><div class=\"flex_column av_one_full  flex_column_div av-zero-column-padding first  avia-builder-el-4  el_after_av_one_full  el_before_av_hr  column-top-margin\" style='border-radius:0px; '><section class=\"av_textblock_section \"  itemscope=\"itemscope\" itemtype=\"https:\/\/schema.org\/BlogPosting\" itemprop=\"blogPost\" ><div class='avia_textblock  '   itemprop=\"text\" ><p style=\"text-align: justify;\"><em>La medida, establecida en la ley 21.489\/2022, comenzar\u00e1 a regir para los plaguicidas clasificados como t\u00f3xicos para las abejas a partir del 26 de enero de 2026, y para aquellos catalogados como moderadamente t\u00f3xicos desde abril del mismo a\u00f1o.<\/em><\/p>\n<p style=\"text-align: justify;\">El Servicio Agr\u00edcola y Ganadero, SAG, hace un llamado a los agricultores y agricultoras a informarse y estar preparados, ya que a partir del\u00a0<strong>26 de enero de 2026<\/strong>\u00a0quienes utilicen plaguicidas categorizados como t\u00f3xicos para las abejas deber\u00e1n\u00a0<strong>avisar con 48 horas de anticipaci\u00f3n a los apicultores\/as cercanos a su predio<\/strong>. Esta nueva obligaci\u00f3n forma parte de las nuevas medidas de la Ley Ap\u00edcola, con el fin de proteger a las abejas, polinizadores esenciales para nuestra agricultura y biodiversidad.<\/p>\n<p style=\"text-align: justify;\">La normativa tambi\u00e9n establece restricciones horarias para la aplicaci\u00f3n de plaguicidas t\u00f3xicos y moderadamente t\u00f3xicos, los cuales deber\u00e1n utilizarse solo en momentos de baja actividad de las abejas, como temprano por la ma\u00f1ana o al atardecer. Cabe se\u00f1alar que el aviso a los apicultores\/as es una exigencia distinta e independiente de la notificaci\u00f3n requerida por el Ministerio de Salud.<\/p>\n<p style=\"text-align: justify;\"><strong>\u00bfC\u00f3mo opera el aviso de aplicaci\u00f3n de plaguicidas?<\/strong><\/p>\n<p style=\"text-align: justify;\">El Aviso de Aplicaci\u00f3n de Plaguicidas comenzar\u00e1 a regir el 26 de enero de 2026 para los agroqu\u00edmicos etiquetados como t\u00f3xicos para las abejas y en abril del mismo a\u00f1o para los moderadamente t\u00f3xicos.<\/p>\n<p style=\"text-align: justify;\">Esta responsabilidad recae exclusivamente en quien aplica el plaguicida, que deber\u00e1 informar con al menos 48 horas de anticipaci\u00f3n y mediante un medio verificable \u2014como correo electr\u00f3nico, mensaje de texto o escrito (presencial)\u2014 a los\/as apicultores\/as ubicados en la zona de influencia pr\u00f3xima a su predio.<\/p>\n<p style=\"text-align: justify;\">Cabe se\u00f1alar que el SAG no realizar\u00e1 estas notificaciones, sino que pondr\u00e1 a disposici\u00f3n la informaci\u00f3n registrada por los propios apicultores\/as en el SIPEC Ap\u00edcola a trav\u00e9s de una aplicaci\u00f3n web denominada\u00a0<strong>Consulta para Avisaje<\/strong>\u00a0a la cual se ingresa en el link:\u00a0<a href=\"https:\/\/nam10.safelinks.protection.outlook.com\/?url=http%3A%2F%2Fcpa.sag.gob.cl%2F&amp;data=05%7C02%7Ccecilia.munoz%40sag.gob.cl%7C8e5aba1d62834350da9608de520836b0%7C77ecda755864422aa5356ea67154029c%7C0%7C0%7C639038392438127490%7CUnknown%7CTWFpbGZsb3d8eyJFbXB0eU1hcGkiOnRydWUsIlYiOiIwLjAuMDAwMCIsIlAiOiJXaW4zMiIsIkFOIjoiTWFpbCIsIldUIjoyfQ%3D%3D%7C0%7C%7C%7C&amp;sdata=ED6sEeGIyESIMqSb6N8sNfcSq56D0DJF9pWizkX9Gfc%3D&amp;reserved=0\">cpa.sag.gob.cl \u00a0\u00a0\u00a0<\/a><\/p>\n<p style=\"text-align: justify;\"><strong>La importancia de mantener los datos actualizados en SIPEC Ap\u00edcola<\/strong><\/p>\n<p style=\"text-align: justify;\">Para un correcto aviso de aplicaci\u00f3n, es fundamental que cada apicultor\/a se inscriba y declare sus apiarios en SIPEC Ap\u00edcola, tr\u00e1mite obligatorio que puede realizar en sipecweb.sag.gob.cl o directamente en cualquier oficina del Servicio. Mantener actualizada la ubicaci\u00f3n de los apiarios y colmenas, junto con sus datos de contacto (tel\u00e9fono y correo electr\u00f3nico), permitir\u00e1 que el aviso llegue de manera efectiva y oportuna.<\/p>\n<p style=\"text-align: justify;\">Cumplir con las nuevas obligaciones de la Ley Ap\u00edcola es fundamental para proteger a las abejas, esenciales para la polinizaci\u00f3n y el equilibrio de nuestros ecosistemas. Por ello, es clave que tanto agricultores\/as como apicultores\/as se informen con anticipaci\u00f3n ingresando a\u00a0<a href=\"https:\/\/nam10.safelinks.protection.outlook.com\/?url=http%3A%2F%2Fwww.sag.cl%2F&amp;data=05%7C02%7Ccecilia.munoz%40sag.gob.cl%7C8e5aba1d62834350da9608de520836b0%7C77ecda755864422aa5356ea67154029c%7C0%7C0%7C639038392438172743%7CUnknown%7CTWFpbGZsb3d8eyJFbXB0eU1hcGkiOnRydWUsIlYiOiIwLjAuMDAwMCIsIlAiOiJXaW4zMiIsIkFOIjoiTWFpbCIsIldUIjoyfQ%3D%3D%7C0%7C%7C%7C&amp;sdata=%2FO%2F48gH7dYgo5Ddi63jEqsC22GW61%2F8MdrJr9k3wJOo%3D&amp;reserved=0\">www.sag.cl<\/a>\u00a0 o escribiendo al correo electr\u00f3nico\u00a0<a href=\"mailto:oficina.informaciones@sag.gob.cl\">oficina.informaciones@sag.gob.cl<\/a><\/p>\n<\/div><\/section><\/div><div  style='height:50px' class='hr hr-invisible   avia-builder-el-6  el_after_av_one_full  el_before_av_social_share '><span class='hr-inner ' ><span class='hr-inner-style'><\/span><\/span><\/div><\/p>\n<div  class='av-social-sharing-box  avia-builder-el-7  el_after_av_hr  el_before_av_hr  '><div class='av-share-box'><h5 class='av-share-link-description av-no-toc '>Compartir esta noticia<\/h5><ul class='av-share-box-list noLightbox'><li class='av-share-link av-social-link-facebook' ><a target=\"_blank\" aria-label=\"Compartir en Facebook\" href='https:\/\/www.facebook.com\/sharer.php?u=https:\/\/radiorevelacionfm.cl\/?p=63236&#038;t=SAG%20llama%20a%20informarse%20ante%20nueva%20obligaci%C3%B3n%20de%20avisar%20aplicaciones%20de%20plaguicidas%20t%C3%B3xico%20para%20las%20abejas' aria-hidden='false' data-av_icon='\ue8f3' data-av_iconfont='entypo-fontello' title='' data-avia-related-tooltip='Compartir en Facebook' rel=\"noopener\"><span class='avia_hidden_link_text'>Compartir en Facebook<\/span><\/a><\/li><li class='av-share-link av-social-link-twitter' ><a target=\"_blank\" aria-label=\"Compartir en Twitter\" href='https:\/\/twitter.com\/share?text=SAG%20llama%20a%20informarse%20ante%20nueva%20obligaci%C3%B3n%20de%20avisar%20aplicaciones%20de%20plaguicidas%20t%C3%B3xico%20para%20las%20abejas&#038;url=https:\/\/radiorevelacionfm.cl\/?p=63236' aria-hidden='false' data-av_icon='\ue8f1' data-av_iconfont='entypo-fontello' title='' data-avia-related-tooltip='Compartir en Twitter' rel=\"noopener\"><span class='avia_hidden_link_text'>Compartir en Twitter<\/span><\/a><\/li><li class='av-share-link av-social-link-whatsapp' ><a target=\"_blank\" aria-label=\"Compartir en Whatsapp\" href='https:\/\/api.whatsapp.com\/send?text=https:\/\/radiorevelacionfm.cl\/?p=63236' aria-hidden='false' data-av_icon='\uf232' data-av_iconfont='entypo-fontello' title='' data-avia-related-tooltip='Compartir en Whatsapp' rel=\"noopener\"><span class='avia_hidden_link_text'>Compartir en Whatsapp<\/span><\/a><\/li><li class='av-share-link av-social-link-linkedin' ><a target=\"_blank\" aria-label=\"Compartir en LinkedIn\" href='https:\/\/linkedin.com\/shareArticle?mini=true&#038;title=SAG%20llama%20a%20informarse%20ante%20nueva%20obligaci%C3%B3n%20de%20avisar%20aplicaciones%20de%20plaguicidas%20t%C3%B3xico%20para%20las%20abejas&#038;url=https:\/\/radiorevelacionfm.cl\/?p=63236' aria-hidden='false' data-av_icon='\ue8fc' data-av_iconfont='entypo-fontello' title='' data-avia-related-tooltip='Compartir en LinkedIn' rel=\"noopener\"><span class='avia_hidden_link_text'>Compartir en LinkedIn<\/span><\/a><\/li><li class='av-share-link av-social-link-mail' ><a  aria-label=\"Compartir por correo\" href='mailto:?subject=SAG%20llama%20a%20informarse%20ante%20nueva%20obligaci%C3%B3n%20de%20avisar%20aplicaciones%20de%20plaguicidas%20t%C3%B3xico%20para%20las%20abejas&#038;body=https:\/\/radiorevelacionfm.cl\/?p=63236' aria-hidden='false' data-av_icon='\ue805' data-av_iconfont='entypo-fontello' title='' data-avia-related-tooltip='Compartir por correo'><span class='avia_hidden_link_text'>Compartir por correo<\/span><\/a><\/li><\/ul><\/div><\/div>\n<div  style='height:50px' class='hr hr-invisible   avia-builder-el-8  el_after_av_social_share  el_before_av_comments_list '><span class='hr-inner ' ><span class='hr-inner-style'><\/span><\/span><\/div>\n<div  class='av-buildercomment  av-blog-meta-html-info-disabled av-blog-meta-tag-disabled  '><\/div>\n","protected":false},"excerpt":{"rendered":"","protected":false},"author":1,"featured_media":63237,"comment_status":"closed","ping_status":"closed","sticky":false,"template":"","format":"standard","meta":{"footnotes":""},"categories":[58],"tags":[],"class_list":["post-63236","post","type-post","status-publish","format-standard","has-post-thumbnail","hentry","category-agricultura"],"jetpack_featured_media_url":"https:\/\/radiorevelacionfm.cl\/wp-content\/uploads\/2026\/01\/WhatsApp-Image-2025-11-25-at-17.05.55-1-1-1.jpeg","_links":{"self":[{"href":"https:\/\/radiorevelacionfm.cl\/index.php?rest_route=\/wp\/v2\/posts\/63236","targetHints":{"allow":["GET"]}}],"collection":[{"href":"https:\/\/radiorevelacionfm.cl\/index.php?rest_route=\/wp\/v2\/posts"}],"about":[{"href":"https:\/\/radiorevelacionfm.cl\/index.php?rest_route=\/wp\/v2\/types\/post"}],"author":[{"embeddable":true,"href":"https:\/\/radiorevelacionfm.cl\/index.php?rest_route=\/wp\/v2\/users\/1"}],"replies":[{"embeddable":true,"href":"https:\/\/radiorevelacionfm.cl\/index.php?rest_route=%2Fwp%2Fv2%2Fcomments&post=63236"}],"version-history":[{"count":2,"href":"https:\/\/radiorevelacionfm.cl\/index.php?rest_route=\/wp\/v2\/posts\/63236\/revisions"}],"predecessor-version":[{"id":63239,"href":"https:\/\/radiorevelacionfm.cl\/index.php?rest_route=\/wp\/v2\/posts\/63236\/revisions\/63239"}],"wp:featuredmedia":[{"embeddable":true,"href":"https:\/\/radiorevelacionfm.cl\/index.php?rest_route=\/wp\/v2\/media\/63237"}],"wp:attachment":[{"href":"https:\/\/radiorevelacionfm.cl\/index.php?rest_route=%2Fwp%2Fv2%2Fmedia&parent=63236"}],"wp:term":[{"taxonomy":"category","embeddable":true,"href":"https:\/\/radiorevelacionfm.cl\/index.php?rest_route=%2Fwp%2Fv2%2Fcategories&post=63236"},{"taxonomy":"post_tag","embeddable":true,"href":"https:\/\/radiorevelacionfm.cl\/index.php?rest_route=%2Fwp%2Fv2%2Ftags&post=63236"}],"curies":[{"name":"wp","href":"https:\/\/api.w.org\/{rel}","templated":true}]}}