{"id":63231,"date":"2026-01-13T10:36:43","date_gmt":"2026-01-13T13:36:43","guid":{"rendered":"https:\/\/radiorevelacionfm.cl\/?p=63231"},"modified":"2026-01-13T10:37:06","modified_gmt":"2026-01-13T13:37:06","slug":"campus-patagonia-organiza-junto-a-empresa-huawei-seminario-para-analizar-los-desafios-energeticos-de-la-region-de-aysen","status":"publish","type":"post","link":"https:\/\/radiorevelacionfm.cl\/?p=63231","title":{"rendered":"Campus Patagonia organiza, junto a empresa Huawei, seminario para analizar los desaf\u00edos energ\u00e9ticos de la Regi\u00f3n de Ays\u00e9n"},"content":{"rendered":"<div class=\"flex_column av_one_full  flex_column_div av-zero-column-padding first  avia-builder-el-0  el_before_av_one_full  avia-builder-el-first  \" style='border-radius:0px; '><div  class='avia-image-container  av-styling-    avia-builder-el-1  avia-builder-el-no-sibling  avia-align-center '  itemprop=\"image\" itemscope=\"itemscope\" itemtype=\"https:\/\/schema.org\/ImageObject\"  ><div class='avia-image-container-inner'><div class='avia-image-overlay-wrap'><img decoding=\"async\" class='wp-image-63232 avia-img-lazy-loading-not-63232 avia_image' src=\"https:\/\/radiorevelacionfm.cl\/wp-content\/uploads\/2026\/01\/seminario-uach-huawei-2026-1-1_optimized.jpg\" alt='' title='seminario-uach - huawei-2026-(1)-(1)_optimized' height=\"1000\" width=\"800\"  itemprop=\"thumbnailUrl\" srcset=\"https:\/\/radiorevelacionfm.cl\/wp-content\/uploads\/2026\/01\/seminario-uach-huawei-2026-1-1_optimized.jpg 800w, https:\/\/radiorevelacionfm.cl\/wp-content\/uploads\/2026\/01\/seminario-uach-huawei-2026-1-1_optimized-240x300.jpg 240w, https:\/\/radiorevelacionfm.cl\/wp-content\/uploads\/2026\/01\/seminario-uach-huawei-2026-1-1_optimized-768x960.jpg 768w, https:\/\/radiorevelacionfm.cl\/wp-content\/uploads\/2026\/01\/seminario-uach-huawei-2026-1-1_optimized-564x705.jpg 564w, https:\/\/radiorevelacionfm.cl\/wp-content\/uploads\/2026\/01\/seminario-uach-huawei-2026-1-1_optimized-450x563.jpg 450w, https:\/\/radiorevelacionfm.cl\/wp-content\/uploads\/2026\/01\/seminario-uach-huawei-2026-1-1_optimized-600x750.jpg 600w\" sizes=\"(max-width: 800px) 100vw, 800px\" \/><\/div><\/div><\/div><\/div><div class=\"flex_column av_one_full  flex_column_div av-zero-column-padding first  avia-builder-el-2  el_after_av_one_full  el_before_av_one_full  column-top-margin\" style='border-radius:0px; '><section class=\"av_textblock_section \"  itemscope=\"itemscope\" itemtype=\"https:\/\/schema.org\/BlogPosting\" itemprop=\"blogPost\" ><div class='avia_textblock  '   itemprop=\"text\" ><p style=\"text-align: center;\"><strong><span style=\"font-size: 18pt;\">Campus Patagonia organiza, junto a empresa Huawei, seminario para analizar los desaf\u00edos energ\u00e9ticos de la Regi\u00f3n de Ays\u00e9n<\/span><\/strong><\/p>\n<div id=\"gtx-trans\" style=\"position: absolute; left: -50px; top: 4.31534px;\">\n<div class=\"gtx-trans-icon\"><\/div>\n<\/div>\n<\/div><\/section><\/div><div class=\"flex_column av_one_full  flex_column_div av-zero-column-padding first  avia-builder-el-4  el_after_av_one_full  el_before_av_hr  column-top-margin\" style='border-radius:0px; '><section class=\"av_textblock_section \"  itemscope=\"itemscope\" itemtype=\"https:\/\/schema.org\/BlogPosting\" itemprop=\"blogPost\" ><div class='avia_textblock  '   itemprop=\"text\" ><ul>\n<li style=\"text-align: justify;\"><em>El encuentro se realizar\u00e1 el d\u00eda jueves 15 de enero, en dependencias del Campus Patagonia, entre las 09:00 y 13:00 horas.<\/em><\/li>\n<\/ul>\n<p style=\"text-align: justify;\">El Campus Patagonia de la Universidad Austral de Chile y la empresa Huawei, l\u00edder global en el sector de la energ\u00eda digital, organizaron el seminario \u201cAys\u00e9n Patagonia: Energ\u00eda Sostenible para un Futuro Resiliente. Desaf\u00edos Regionales y Soluciones Tecnol\u00f3gicas de Vanguardia\u201d, a realizarse el d\u00eda 15 de enero en dependencias de la casa de estudios en Coyhaique.<\/p>\n<p style=\"text-align: justify;\">Este seminario estar\u00e1 enfocado en el an\u00e1lisis y reflexi\u00f3n acerca de los desaf\u00edos energ\u00e9ticos espec\u00edficos de la Regi\u00f3n de Ays\u00e9n para el siglo XXI, a trav\u00e9s de las exposiciones de autoridades, investigadores y expertos nacionales y regionales.<\/p>\n<p style=\"text-align: justify;\">Este evento busca ser un puente entre la tecnolog\u00eda de vanguardia y las necesidades locales, ofreciendo soluciones concretas a problemas de seguridad de suministro energ\u00e9tico, altos costos operacionales y la necesidad de una matriz m\u00e1s limpia y sostenible en zonas remotas.<\/p>\n<p style=\"text-align: justify;\">Durante el encuentro se analizar\u00e1 la matriz y los problemas energ\u00e9ticos que afectan la calidad de vida y el desarrollo productivo en Ays\u00e9n, siendo \u00e9sta, una\u00a0 tem\u00e1tica de gran relevancia para las distintas \u00e1reas de desarrollo en la zona.<\/p>\n<p style=\"text-align: justify;\">Asimismo, se tendr\u00e1 la oportunidad de presentar soluciones tecnol\u00f3gicas probadas en el \u00e1rea de las Energ\u00edas Renovables No Convencionales y su almacenamiento,\u00a0 para lograr la resiliencia que permita <strong>anticipar, resistir y recuperarse r\u00e1pidamente<\/strong><strong>\u00a0<\/strong>de las interrupciones derivadas del clima extremo y las fallas t\u00e9cnicas que afectan a la regi\u00f3n, reflexionando en torno al rol que tendr\u00e1 el uso de este tipo de energ\u00edas en la Patagonia.<\/p>\n<p style=\"text-align: justify;\">El seminario ha convocado a participar a representantes de la academia, del sector p\u00fablico y privado, lo que permitir\u00e1 fomentar un di\u00e1logo entre todos los actores que intervienen en el desarrollo e implementaci\u00f3n de proyectos de energ\u00eda sostenible.<\/p>\n<\/div><\/section><\/div><div  style='height:50px' class='hr hr-invisible   avia-builder-el-6  el_after_av_one_full  el_before_av_social_share '><span class='hr-inner ' ><span class='hr-inner-style'><\/span><\/span><\/div><\/p>\n<div  class='av-social-sharing-box  avia-builder-el-7  el_after_av_hr  el_before_av_hr  '><div class='av-share-box'><h5 class='av-share-link-description av-no-toc '>Compartir esta noticia<\/h5><ul class='av-share-box-list noLightbox'><li class='av-share-link av-social-link-facebook' ><a target=\"_blank\" aria-label=\"Compartir en Facebook\" href='https:\/\/www.facebook.com\/sharer.php?u=https:\/\/radiorevelacionfm.cl\/?p=63231&#038;t=Campus%20Patagonia%20organiza%2C%20junto%20a%20empresa%20Huawei%2C%20seminario%20para%20analizar%20los%20desaf%C3%ADos%20energ%C3%A9ticos%20de%20la%20Regi%C3%B3n%20de%20Ays%C3%A9n' aria-hidden='false' data-av_icon='\ue8f3' data-av_iconfont='entypo-fontello' title='' data-avia-related-tooltip='Compartir en Facebook' rel=\"noopener\"><span class='avia_hidden_link_text'>Compartir en Facebook<\/span><\/a><\/li><li class='av-share-link av-social-link-twitter' ><a target=\"_blank\" aria-label=\"Compartir en Twitter\" href='https:\/\/twitter.com\/share?text=Campus%20Patagonia%20organiza%2C%20junto%20a%20empresa%20Huawei%2C%20seminario%20para%20analizar%20los%20desaf%C3%ADos%20energ%C3%A9ticos%20de%20la%20Regi%C3%B3n%20de%20Ays%C3%A9n&#038;url=https:\/\/radiorevelacionfm.cl\/?p=63231' aria-hidden='false' data-av_icon='\ue8f1' data-av_iconfont='entypo-fontello' title='' data-avia-related-tooltip='Compartir en Twitter' rel=\"noopener\"><span class='avia_hidden_link_text'>Compartir en Twitter<\/span><\/a><\/li><li class='av-share-link av-social-link-whatsapp' ><a target=\"_blank\" aria-label=\"Compartir en Whatsapp\" href='https:\/\/api.whatsapp.com\/send?text=https:\/\/radiorevelacionfm.cl\/?p=63231' aria-hidden='false' data-av_icon='\uf232' data-av_iconfont='entypo-fontello' title='' data-avia-related-tooltip='Compartir en Whatsapp' rel=\"noopener\"><span class='avia_hidden_link_text'>Compartir en Whatsapp<\/span><\/a><\/li><li class='av-share-link av-social-link-linkedin' ><a target=\"_blank\" aria-label=\"Compartir en LinkedIn\" href='https:\/\/linkedin.com\/shareArticle?mini=true&#038;title=Campus%20Patagonia%20organiza%2C%20junto%20a%20empresa%20Huawei%2C%20seminario%20para%20analizar%20los%20desaf%C3%ADos%20energ%C3%A9ticos%20de%20la%20Regi%C3%B3n%20de%20Ays%C3%A9n&#038;url=https:\/\/radiorevelacionfm.cl\/?p=63231' aria-hidden='false' data-av_icon='\ue8fc' data-av_iconfont='entypo-fontello' title='' data-avia-related-tooltip='Compartir en LinkedIn' rel=\"noopener\"><span class='avia_hidden_link_text'>Compartir en LinkedIn<\/span><\/a><\/li><li class='av-share-link av-social-link-mail' ><a  aria-label=\"Compartir por correo\" href='mailto:?subject=Campus%20Patagonia%20organiza%2C%20junto%20a%20empresa%20Huawei%2C%20seminario%20para%20analizar%20los%20desaf%C3%ADos%20energ%C3%A9ticos%20de%20la%20Regi%C3%B3n%20de%20Ays%C3%A9n&#038;body=https:\/\/radiorevelacionfm.cl\/?p=63231' aria-hidden='false' data-av_icon='\ue805' data-av_iconfont='entypo-fontello' title='' data-avia-related-tooltip='Compartir por correo'><span class='avia_hidden_link_text'>Compartir por correo<\/span><\/a><\/li><\/ul><\/div><\/div>\n<div  style='height:50px' class='hr hr-invisible   avia-builder-el-8  el_after_av_social_share  el_before_av_comments_list '><span class='hr-inner ' ><span class='hr-inner-style'><\/span><\/span><\/div>\n<div  class='av-buildercomment  av-blog-meta-html-info-disabled av-blog-meta-tag-disabled  '><\/div>\n","protected":false},"excerpt":{"rendered":"","protected":false},"author":1,"featured_media":63232,"comment_status":"closed","ping_status":"closed","sticky":false,"template":"","format":"standard","meta":{"footnotes":""},"categories":[49],"tags":[],"class_list":["post-63231","post","type-post","status-publish","format-standard","has-post-thumbnail","hentry","category-educacion"],"jetpack_featured_media_url":"https:\/\/radiorevelacionfm.cl\/wp-content\/uploads\/2026\/01\/seminario-uach-huawei-2026-1-1_optimized.jpg","_links":{"self":[{"href":"https:\/\/radiorevelacionfm.cl\/index.php?rest_route=\/wp\/v2\/posts\/63231","targetHints":{"allow":["GET"]}}],"collection":[{"href":"https:\/\/radiorevelacionfm.cl\/index.php?rest_route=\/wp\/v2\/posts"}],"about":[{"href":"https:\/\/radiorevelacionfm.cl\/index.php?rest_route=\/wp\/v2\/types\/post"}],"author":[{"embeddable":true,"href":"https:\/\/radiorevelacionfm.cl\/index.php?rest_route=\/wp\/v2\/users\/1"}],"replies":[{"embeddable":true,"href":"https:\/\/radiorevelacionfm.cl\/index.php?rest_route=%2Fwp%2Fv2%2Fcomments&post=63231"}],"version-history":[{"count":3,"href":"https:\/\/radiorevelacionfm.cl\/index.php?rest_route=\/wp\/v2\/posts\/63231\/revisions"}],"predecessor-version":[{"id":63234,"href":"https:\/\/radiorevelacionfm.cl\/index.php?rest_route=\/wp\/v2\/posts\/63231\/revisions\/63234"}],"wp:featuredmedia":[{"embeddable":true,"href":"https:\/\/radiorevelacionfm.cl\/index.php?rest_route=\/wp\/v2\/media\/63232"}],"wp:attachment":[{"href":"https:\/\/radiorevelacionfm.cl\/index.php?rest_route=%2Fwp%2Fv2%2Fmedia&parent=63231"}],"wp:term":[{"taxonomy":"category","embeddable":true,"href":"https:\/\/radiorevelacionfm.cl\/index.php?rest_route=%2Fwp%2Fv2%2Fcategories&post=63231"},{"taxonomy":"post_tag","embeddable":true,"href":"https:\/\/radiorevelacionfm.cl\/index.php?rest_route=%2Fwp%2Fv2%2Ftags&post=63231"}],"curies":[{"name":"wp","href":"https:\/\/api.w.org\/{rel}","templated":true}]}}