{"id":63227,"date":"2026-01-13T09:43:28","date_gmt":"2026-01-13T12:43:28","guid":{"rendered":"https:\/\/radiorevelacionfm.cl\/?p=63227"},"modified":"2026-01-13T09:43:28","modified_gmt":"2026-01-13T12:43:28","slug":"seremi-del-mop-paloma-jara-el-2025-ejecutamos-una-inversion-sectorial-historica-que-alcanzo-los-130-mil-millones-con-los-que-impulsamos-la-construccion-de-obras-que-tuvieron-un-gran-impact","status":"publish","type":"post","link":"https:\/\/radiorevelacionfm.cl\/?p=63227","title":{"rendered":"Seremi del MOP, Paloma Jara: \u201cEl 2025 ejecutamos una inversi\u00f3n sectorial hist\u00f3rica que alcanz\u00f3 los $130 mil millones con los que impulsamos la construcci\u00f3n de obras que tuvieron un gran impacto social\u201d"},"content":{"rendered":"<div class=\"flex_column av_one_full  flex_column_div av-zero-column-padding first  avia-builder-el-0  el_before_av_one_full  avia-builder-el-first  \" style='border-radius:0px; '><div  class='avia-image-container  av-styling-    avia-builder-el-1  avia-builder-el-no-sibling  avia-align-center '  itemprop=\"image\" itemscope=\"itemscope\" itemtype=\"https:\/\/schema.org\/ImageObject\"  ><div class='avia-image-container-inner'><div class='avia-image-overlay-wrap'><img decoding=\"async\" class='wp-image-63228 avia-img-lazy-loading-not-63228 avia_image' src=\"https:\/\/radiorevelacionfm.cl\/wp-content\/uploads\/2026\/01\/IMG-20251209-WA0011-1-1.jpg\" alt='' title='IMG-20251209-WA0011 (1) (1)' height=\"600\" width=\"900\"  itemprop=\"thumbnailUrl\" srcset=\"https:\/\/radiorevelacionfm.cl\/wp-content\/uploads\/2026\/01\/IMG-20251209-WA0011-1-1.jpg 900w, https:\/\/radiorevelacionfm.cl\/wp-content\/uploads\/2026\/01\/IMG-20251209-WA0011-1-1-300x200.jpg 300w, https:\/\/radiorevelacionfm.cl\/wp-content\/uploads\/2026\/01\/IMG-20251209-WA0011-1-1-768x512.jpg 768w, https:\/\/radiorevelacionfm.cl\/wp-content\/uploads\/2026\/01\/IMG-20251209-WA0011-1-1-705x470.jpg 705w, https:\/\/radiorevelacionfm.cl\/wp-content\/uploads\/2026\/01\/IMG-20251209-WA0011-1-1-450x300.jpg 450w, https:\/\/radiorevelacionfm.cl\/wp-content\/uploads\/2026\/01\/IMG-20251209-WA0011-1-1-600x400.jpg 600w\" sizes=\"(max-width: 900px) 100vw, 900px\" \/><\/div><\/div><\/div><\/div><div class=\"flex_column av_one_full  flex_column_div av-zero-column-padding first  avia-builder-el-2  el_after_av_one_full  el_before_av_one_full  column-top-margin\" style='border-radius:0px; '><section class=\"av_textblock_section \"  itemscope=\"itemscope\" itemtype=\"https:\/\/schema.org\/BlogPosting\" itemprop=\"blogPost\" ><div class='avia_textblock  '   itemprop=\"text\" ><p style=\"text-align: center;\"><strong><span style=\"font-size: 18pt;\">Seremi del MOP, Paloma Jara: \u201cEl 2025 ejecutamos una inversi\u00f3n sectorial hist\u00f3rica que alcanz\u00f3 los $130 mil millones con los que impulsamos la construcci\u00f3n de obras que tuvieron un gran impacto social\u201d<\/span><\/strong><\/p>\n<div id=\"gtx-trans\" style=\"position: absolute; left: -50px; top: 4.31534px;\">\n<div class=\"gtx-trans-icon\"><\/div>\n<\/div>\n<\/div><\/section><\/div><div class=\"flex_column av_one_full  flex_column_div av-zero-column-padding first  avia-builder-el-4  el_after_av_one_full  el_before_av_hr  column-top-margin\" style='border-radius:0px; '><section class=\"av_textblock_section \"  itemscope=\"itemscope\" itemtype=\"https:\/\/schema.org\/BlogPosting\" itemprop=\"blogPost\" ><div class='avia_textblock  '   itemprop=\"text\" ><ul>\n<li style=\"text-align: justify;\"><em>Esta inversi\u00f3n consolida trabajo que nuestros equipos han estado realizando para mejorar y fortalecer las condiciones de vida de las personas, entregado m\u00e1s beneficios, m\u00e1s oportunidades de desarrollo, empleo y mayor crecimiento.<\/em><\/li>\n<\/ul>\n<p style=\"text-align: justify;\">La Secretaria Regional Ministerial de Obras P\u00fablicas, Paloma Jara Vald\u00e9s junto al equipo de directores, directoras y Fiscal MOP hicieron un balance de la gesti\u00f3n efectuada el a\u00f1o 2025, oportunidad en la que anunciaron una ejecuci\u00f3n presupuestaria sectorial de 130 mil millones de pesos, la m\u00e1s alta alcanzada los \u00faltimos a\u00f1os, superando el pic hist\u00f3rico obtenido el a\u00f1o 2017 el que tuvo una inversi\u00f3n de 120 mil millones de pesos.<\/p>\n<p style=\"text-align: justify;\">Las autoridades del Ministerio de Obras P\u00fablicas en la Regi\u00f3n de Ays\u00e9n aseguraron que comparativamente con la ejecuci\u00f3n del presupuesto del a\u00f1o 2024, \u00e9ste se increment\u00f3 48% el a\u00f1o 2025, lo que equivale a 43 mil millones de pesos m\u00e1s invertidos el a\u00f1o 2025, impulsando con ello la construcci\u00f3n de importantes obras que tuvieron un gran impacto social y en la vida de las personas. As\u00ed lo destac\u00f3 la SEREMI del MOP, Paloma Jara:<\/p>\n<p style=\"text-align: justify;\">\u00a0\u201cComo Ministerio de Obras P\u00fablicas de la Regi\u00f3n de Ays\u00e9n estamos felices, nuestra inversi\u00f3n creci\u00f3 en m\u00e1s de un 48%. \u00bfQu\u00e9 quiere decir eso? Que el a\u00f1o 2025 pudimos invertir m\u00e1s de $130 mil millones en crecimiento, en conectividad, en el acceso al Agua Potable, en edificaci\u00f3n p\u00fablica. Para la Regi\u00f3n de Ays\u00e9n esta cifra es hist\u00f3rica, y supera incluso la inversi\u00f3n en el gobierno de la Presidenta Bachelet, que a valor actual ser\u00eda de $120 mil millones. Qu\u00e9 importante ha sido el compromiso de los equipos regionales, c\u00f3mo fuimos retomando cada una de las obras que estuvieron paralizadas y el d\u00eda de hoy nos permite decir con orgullo que esta es nuestra ejecuci\u00f3n presupuestaria, y no s\u00f3lo eso, porque para el a\u00f1o 2026 proyectamos m\u00e1s de $230 mil millones en inversi\u00f3n para la Regi\u00f3n de Ays\u00e9n y mejorar la calidad de vida de cada uno de sus habitantes\u201d, afirm\u00f3 la autoridad regional de Obras P\u00fablicas.<\/p>\n<p style=\"text-align: justify;\">Junto con ello, Paloma Jara agradeci\u00f3 la confianza del gobierno del Presidente Gabriel Boric Font, de la ministra Jessica L\u00f3pez y del subsecretario de Obras P\u00fablicas Danilo N\u00fa\u00f1ez, quienes permanentemente se han preocupado de la regi\u00f3n y de las necesidades de la comunidad, as\u00ed como tambi\u00e9n han realizado todas las gestiones necesarias para apoyar con recursos a la Regi\u00f3n de Ays\u00e9n, lo que sin duda demuestra su fuerte compromiso con la descentralizaci\u00f3n, con las regiones y con propiciar la entrega de beneficios de calidad.<\/p>\n<p style=\"text-align: justify;\">De igual forma, el Delegado Presidencial Regional Jorge D\u00edaz destac\u00f3 que estos recursos permiten a las comunidades vivir mejor. \u201cComo gobierno estamos muy satisfechos por el trabajo realizado por el Ministerio de Obras P\u00fablicas en la regi\u00f3n de Ays\u00e9n. El a\u00f1o 2025 sobrepasamos cualquier indicador respecto de los montos de inversi\u00f3n, superamos los 130 mil millones de pesos. Eso significa entregarle a la regi\u00f3n de Ays\u00e9n m\u00e1s infraestructura habilitante. Es decir, el Ministerio de Obras P\u00fablicas en la regi\u00f3n contribuye con estos recursos a que la gente de Ays\u00e9n pueda vivir mejor. Y por eso, como gobierno del presidente Boric, estamos muy satisfechos por lo realizado durante este periodo\u201d.<\/p>\n<\/div><\/section><\/div><div  style='height:50px' class='hr hr-invisible   avia-builder-el-6  el_after_av_one_full  el_before_av_social_share '><span class='hr-inner ' ><span class='hr-inner-style'><\/span><\/span><\/div><\/p>\n<div  class='av-social-sharing-box  avia-builder-el-7  el_after_av_hr  el_before_av_hr  '><div class='av-share-box'><h5 class='av-share-link-description av-no-toc '>Compartir esta noticia<\/h5><ul class='av-share-box-list noLightbox'><li class='av-share-link av-social-link-facebook' ><a target=\"_blank\" aria-label=\"Compartir en Facebook\" href='https:\/\/www.facebook.com\/sharer.php?u=https:\/\/radiorevelacionfm.cl\/?p=63227&#038;t=Seremi%20del%20MOP%2C%20Paloma%20Jara%3A%20%E2%80%9CEl%202025%20ejecutamos%20una%20inversi%C3%B3n%20sectorial%20hist%C3%B3rica%20que%20alcanz%C3%B3%20los%20%24130%20mil%20millones%20con%20los%20que%20impulsamos%20la%20construcci%C3%B3n%20de%20obras%20que%20tuvieron%20un%20gran%20impacto%20social%E2%80%9D' aria-hidden='false' data-av_icon='\ue8f3' data-av_iconfont='entypo-fontello' title='' data-avia-related-tooltip='Compartir en Facebook' rel=\"noopener\"><span class='avia_hidden_link_text'>Compartir en Facebook<\/span><\/a><\/li><li class='av-share-link av-social-link-twitter' ><a target=\"_blank\" aria-label=\"Compartir en Twitter\" href='https:\/\/twitter.com\/share?text=Seremi%20del%20MOP%2C%20Paloma%20Jara%3A%20%E2%80%9CEl%202025%20ejecutamos%20una%20inversi%C3%B3n%20sectorial%20hist%C3%B3rica%20que%20alcanz%C3%B3%20los%20%24130%20mil%20millones%20con%20los%20que%20impulsamos%20la%20construcci%C3%B3n%20de%20obras%20que%20tuvieron%20un%20gran%20impacto%20social%E2%80%9D&#038;url=https:\/\/radiorevelacionfm.cl\/?p=63227' aria-hidden='false' data-av_icon='\ue8f1' data-av_iconfont='entypo-fontello' title='' data-avia-related-tooltip='Compartir en Twitter' rel=\"noopener\"><span class='avia_hidden_link_text'>Compartir en Twitter<\/span><\/a><\/li><li class='av-share-link av-social-link-whatsapp' ><a target=\"_blank\" aria-label=\"Compartir en Whatsapp\" href='https:\/\/api.whatsapp.com\/send?text=https:\/\/radiorevelacionfm.cl\/?p=63227' aria-hidden='false' data-av_icon='\uf232' data-av_iconfont='entypo-fontello' title='' data-avia-related-tooltip='Compartir en Whatsapp' rel=\"noopener\"><span class='avia_hidden_link_text'>Compartir en Whatsapp<\/span><\/a><\/li><li class='av-share-link av-social-link-linkedin' ><a target=\"_blank\" aria-label=\"Compartir en LinkedIn\" href='https:\/\/linkedin.com\/shareArticle?mini=true&#038;title=Seremi%20del%20MOP%2C%20Paloma%20Jara%3A%20%E2%80%9CEl%202025%20ejecutamos%20una%20inversi%C3%B3n%20sectorial%20hist%C3%B3rica%20que%20alcanz%C3%B3%20los%20%24130%20mil%20millones%20con%20los%20que%20impulsamos%20la%20construcci%C3%B3n%20de%20obras%20que%20tuvieron%20un%20gran%20impacto%20social%E2%80%9D&#038;url=https:\/\/radiorevelacionfm.cl\/?p=63227' aria-hidden='false' data-av_icon='\ue8fc' data-av_iconfont='entypo-fontello' title='' data-avia-related-tooltip='Compartir en LinkedIn' rel=\"noopener\"><span class='avia_hidden_link_text'>Compartir en LinkedIn<\/span><\/a><\/li><li class='av-share-link av-social-link-mail' ><a  aria-label=\"Compartir por correo\" href='mailto:?subject=Seremi%20del%20MOP%2C%20Paloma%20Jara%3A%20%E2%80%9CEl%202025%20ejecutamos%20una%20inversi%C3%B3n%20sectorial%20hist%C3%B3rica%20que%20alcanz%C3%B3%20los%20%24130%20mil%20millones%20con%20los%20que%20impulsamos%20la%20construcci%C3%B3n%20de%20obras%20que%20tuvieron%20un%20gran%20impacto%20social%E2%80%9D&#038;body=https:\/\/radiorevelacionfm.cl\/?p=63227' aria-hidden='false' data-av_icon='\ue805' data-av_iconfont='entypo-fontello' title='' data-avia-related-tooltip='Compartir por correo'><span class='avia_hidden_link_text'>Compartir por correo<\/span><\/a><\/li><\/ul><\/div><\/div>\n<div  style='height:50px' class='hr hr-invisible   avia-builder-el-8  el_after_av_social_share  el_before_av_comments_list '><span class='hr-inner ' ><span class='hr-inner-style'><\/span><\/span><\/div>\n<div  class='av-buildercomment  av-blog-meta-html-info-disabled av-blog-meta-tag-disabled  '><\/div>\n","protected":false},"excerpt":{"rendered":"","protected":false},"author":1,"featured_media":63228,"comment_status":"closed","ping_status":"closed","sticky":false,"template":"","format":"standard","meta":{"footnotes":""},"categories":[38],"tags":[],"class_list":["post-63227","post","type-post","status-publish","format-standard","has-post-thumbnail","hentry","category-regional"],"jetpack_featured_media_url":"https:\/\/radiorevelacionfm.cl\/wp-content\/uploads\/2026\/01\/IMG-20251209-WA0011-1-1.jpg","_links":{"self":[{"href":"https:\/\/radiorevelacionfm.cl\/index.php?rest_route=\/wp\/v2\/posts\/63227","targetHints":{"allow":["GET"]}}],"collection":[{"href":"https:\/\/radiorevelacionfm.cl\/index.php?rest_route=\/wp\/v2\/posts"}],"about":[{"href":"https:\/\/radiorevelacionfm.cl\/index.php?rest_route=\/wp\/v2\/types\/post"}],"author":[{"embeddable":true,"href":"https:\/\/radiorevelacionfm.cl\/index.php?rest_route=\/wp\/v2\/users\/1"}],"replies":[{"embeddable":true,"href":"https:\/\/radiorevelacionfm.cl\/index.php?rest_route=%2Fwp%2Fv2%2Fcomments&post=63227"}],"version-history":[{"count":2,"href":"https:\/\/radiorevelacionfm.cl\/index.php?rest_route=\/wp\/v2\/posts\/63227\/revisions"}],"predecessor-version":[{"id":63230,"href":"https:\/\/radiorevelacionfm.cl\/index.php?rest_route=\/wp\/v2\/posts\/63227\/revisions\/63230"}],"wp:featuredmedia":[{"embeddable":true,"href":"https:\/\/radiorevelacionfm.cl\/index.php?rest_route=\/wp\/v2\/media\/63228"}],"wp:attachment":[{"href":"https:\/\/radiorevelacionfm.cl\/index.php?rest_route=%2Fwp%2Fv2%2Fmedia&parent=63227"}],"wp:term":[{"taxonomy":"category","embeddable":true,"href":"https:\/\/radiorevelacionfm.cl\/index.php?rest_route=%2Fwp%2Fv2%2Fcategories&post=63227"},{"taxonomy":"post_tag","embeddable":true,"href":"https:\/\/radiorevelacionfm.cl\/index.php?rest_route=%2Fwp%2Fv2%2Ftags&post=63227"}],"curies":[{"name":"wp","href":"https:\/\/api.w.org\/{rel}","templated":true}]}}