{"id":63222,"date":"2026-01-12T10:05:48","date_gmt":"2026-01-12T13:05:48","guid":{"rendered":"https:\/\/radiorevelacionfm.cl\/?p=63222"},"modified":"2026-01-12T22:48:46","modified_gmt":"2026-01-13T01:48:46","slug":"armada-realiza-evacuacion-medica-de-urgencia-desde-puerto-gala-a-cisnes-trasladando-a-un-menor-de-7-anos-de-edad","status":"publish","type":"post","link":"https:\/\/radiorevelacionfm.cl\/?p=63222","title":{"rendered":"Armada realiza evacuaci\u00f3n m\u00e9dica de urgencia desde Puerto Gala a Cisnes, trasladando a un menor de 7 a\u00f1os de edad"},"content":{"rendered":"<div class=\"flex_column av_one_full  flex_column_div av-zero-column-padding first  avia-builder-el-0  el_before_av_one_full  avia-builder-el-first  \" style='border-radius:0px; '><div  class='avia-image-container  av-styling-    avia-builder-el-1  avia-builder-el-no-sibling  avia-align-center '  itemprop=\"image\" itemscope=\"itemscope\" itemtype=\"https:\/\/schema.org\/ImageObject\"  ><div class='avia-image-container-inner'><div class='avia-image-overlay-wrap'><img decoding=\"async\" class='wp-image-63223 avia-img-lazy-loading-not-63223 avia_image' src=\"https:\/\/radiorevelacionfm.cl\/wp-content\/uploads\/2026\/01\/615346082_1477296664396223_8917518196873478516_n-1-1.jpg\" alt='' title='615346082_1477296664396223_8917518196873478516_n (1) (1)' height=\"600\" width=\"800\"  itemprop=\"thumbnailUrl\" srcset=\"https:\/\/radiorevelacionfm.cl\/wp-content\/uploads\/2026\/01\/615346082_1477296664396223_8917518196873478516_n-1-1.jpg 800w, https:\/\/radiorevelacionfm.cl\/wp-content\/uploads\/2026\/01\/615346082_1477296664396223_8917518196873478516_n-1-1-300x225.jpg 300w, https:\/\/radiorevelacionfm.cl\/wp-content\/uploads\/2026\/01\/615346082_1477296664396223_8917518196873478516_n-1-1-768x576.jpg 768w, https:\/\/radiorevelacionfm.cl\/wp-content\/uploads\/2026\/01\/615346082_1477296664396223_8917518196873478516_n-1-1-705x529.jpg 705w, https:\/\/radiorevelacionfm.cl\/wp-content\/uploads\/2026\/01\/615346082_1477296664396223_8917518196873478516_n-1-1-450x338.jpg 450w, https:\/\/radiorevelacionfm.cl\/wp-content\/uploads\/2026\/01\/615346082_1477296664396223_8917518196873478516_n-1-1-600x450.jpg 600w\" sizes=\"(max-width: 800px) 100vw, 800px\" \/><\/div><\/div><\/div><\/div><div class=\"flex_column av_one_full  flex_column_div av-zero-column-padding first  avia-builder-el-2  el_after_av_one_full  el_before_av_one_full  column-top-margin\" style='border-radius:0px; '><section class=\"av_textblock_section \"  itemscope=\"itemscope\" itemtype=\"https:\/\/schema.org\/BlogPosting\" itemprop=\"blogPost\" ><div class='avia_textblock  '   itemprop=\"text\" ><p style=\"text-align: center;\"><strong><span style=\"font-size: 18pt;\">Armada realiza evacuaci\u00f3n m\u00e9dica de urgencia desde Puerto Gala a Cisnes, trasladando a un menor de 7 a\u00f1os de edad<\/span><\/strong><\/p>\n<div id=\"gtx-trans\" style=\"position: absolute; left: -50px; top: 4.31534px;\">\n<div class=\"gtx-trans-icon\"><\/div>\n<\/div>\n<\/div><\/section><\/div><div class=\"flex_column av_one_full  flex_column_div av-zero-column-padding first  avia-builder-el-4  el_after_av_one_full  el_before_av_hr  column-top-margin\" style='border-radius:0px; '><section class=\"av_textblock_section \"  itemscope=\"itemscope\" itemtype=\"https:\/\/schema.org\/BlogPosting\" itemprop=\"blogPost\" ><div class='avia_textblock  '   itemprop=\"text\" ><p style=\"text-align: justify;\">Este lunes 12 de enero de 2026, alrededor de las 01:00 horas, la Capitan\u00eda de Puerto de Puerto Cisnes a ra\u00edz de una solicitud del SAMU Ays\u00e9n, activ\u00f3 sus protocolos con el objeto de realizar una evacuaci\u00f3n m\u00e9dica desde la localidad de Puerto Gala, distante a 43 millas n\u00e1uticas de Puerto Chacabuco.<\/p>\n<p style=\"text-align: justify;\">Conforme a lo anterior, se dispuso el zarpe de una unidad naval con apoyo de personal TENS del Hospital local, con el prop\u00f3sito de evacuar a un menor de edad, sexo masculino, quien fue diagnosticado con una reacci\u00f3n anafil\u00e1ctica moderada, por lo cual debi\u00f3 ser trasladado para recibir atenci\u00f3n m\u00e9dica m\u00e1s avanzada.<\/p>\n<div class=\"code-block code-block-2\" style=\"text-align: justify;\">\n<div id=\"sas_99069\">Finalmente, la unidad mar\u00edtima recal\u00f3 alrededor de las 04:50 horas en el muelle de la empresa portuario Chacabuco de la comuna, siendo posteriormente trasladado el menor hasta las dependencias del servicio de urgencias del hospital local.<\/div>\n<\/div>\n<\/div><\/section><\/div><div  style='height:50px' class='hr hr-invisible   avia-builder-el-6  el_after_av_one_full  el_before_av_social_share '><span class='hr-inner ' ><span class='hr-inner-style'><\/span><\/span><\/div><\/p>\n<div  class='av-social-sharing-box  avia-builder-el-7  el_after_av_hr  el_before_av_hr  '><div class='av-share-box'><h5 class='av-share-link-description av-no-toc '>Compartir esta noticia<\/h5><ul class='av-share-box-list noLightbox'><li class='av-share-link av-social-link-facebook' ><a target=\"_blank\" aria-label=\"Compartir en Facebook\" href='https:\/\/www.facebook.com\/sharer.php?u=https:\/\/radiorevelacionfm.cl\/?p=63222&#038;t=Armada%20realiza%20evacuaci%C3%B3n%20m%C3%A9dica%20de%20urgencia%20desde%20Puerto%20Gala%20a%20Cisnes%2C%20trasladando%20a%20un%20menor%20de%207%20a%C3%B1os%20de%20edad' aria-hidden='false' data-av_icon='\ue8f3' data-av_iconfont='entypo-fontello' title='' data-avia-related-tooltip='Compartir en Facebook' rel=\"noopener\"><span class='avia_hidden_link_text'>Compartir en Facebook<\/span><\/a><\/li><li class='av-share-link av-social-link-twitter' ><a target=\"_blank\" aria-label=\"Compartir en Twitter\" href='https:\/\/twitter.com\/share?text=Armada%20realiza%20evacuaci%C3%B3n%20m%C3%A9dica%20de%20urgencia%20desde%20Puerto%20Gala%20a%20Cisnes%2C%20trasladando%20a%20un%20menor%20de%207%20a%C3%B1os%20de%20edad&#038;url=https:\/\/radiorevelacionfm.cl\/?p=63222' aria-hidden='false' data-av_icon='\ue8f1' data-av_iconfont='entypo-fontello' title='' data-avia-related-tooltip='Compartir en Twitter' rel=\"noopener\"><span class='avia_hidden_link_text'>Compartir en Twitter<\/span><\/a><\/li><li class='av-share-link av-social-link-whatsapp' ><a target=\"_blank\" aria-label=\"Compartir en Whatsapp\" href='https:\/\/api.whatsapp.com\/send?text=https:\/\/radiorevelacionfm.cl\/?p=63222' aria-hidden='false' data-av_icon='\uf232' data-av_iconfont='entypo-fontello' title='' data-avia-related-tooltip='Compartir en Whatsapp' rel=\"noopener\"><span class='avia_hidden_link_text'>Compartir en Whatsapp<\/span><\/a><\/li><li class='av-share-link av-social-link-linkedin' ><a target=\"_blank\" aria-label=\"Compartir en LinkedIn\" href='https:\/\/linkedin.com\/shareArticle?mini=true&#038;title=Armada%20realiza%20evacuaci%C3%B3n%20m%C3%A9dica%20de%20urgencia%20desde%20Puerto%20Gala%20a%20Cisnes%2C%20trasladando%20a%20un%20menor%20de%207%20a%C3%B1os%20de%20edad&#038;url=https:\/\/radiorevelacionfm.cl\/?p=63222' aria-hidden='false' data-av_icon='\ue8fc' data-av_iconfont='entypo-fontello' title='' data-avia-related-tooltip='Compartir en LinkedIn' rel=\"noopener\"><span class='avia_hidden_link_text'>Compartir en LinkedIn<\/span><\/a><\/li><li class='av-share-link av-social-link-mail' ><a  aria-label=\"Compartir por correo\" href='mailto:?subject=Armada%20realiza%20evacuaci%C3%B3n%20m%C3%A9dica%20de%20urgencia%20desde%20Puerto%20Gala%20a%20Cisnes%2C%20trasladando%20a%20un%20menor%20de%207%20a%C3%B1os%20de%20edad&#038;body=https:\/\/radiorevelacionfm.cl\/?p=63222' aria-hidden='false' data-av_icon='\ue805' data-av_iconfont='entypo-fontello' title='' data-avia-related-tooltip='Compartir por correo'><span class='avia_hidden_link_text'>Compartir por correo<\/span><\/a><\/li><\/ul><\/div><\/div>\n<div  style='height:50px' class='hr hr-invisible   avia-builder-el-8  el_after_av_social_share  el_before_av_comments_list '><span class='hr-inner ' ><span class='hr-inner-style'><\/span><\/span><\/div>\n<div  class='av-buildercomment  av-blog-meta-html-info-disabled av-blog-meta-tag-disabled  '><\/div>\n","protected":false},"excerpt":{"rendered":"","protected":false},"author":1,"featured_media":63223,"comment_status":"closed","ping_status":"closed","sticky":false,"template":"","format":"standard","meta":{"footnotes":""},"categories":[38],"tags":[],"class_list":["post-63222","post","type-post","status-publish","format-standard","has-post-thumbnail","hentry","category-regional"],"jetpack_featured_media_url":"https:\/\/radiorevelacionfm.cl\/wp-content\/uploads\/2026\/01\/615346082_1477296664396223_8917518196873478516_n-1-1.jpg","_links":{"self":[{"href":"https:\/\/radiorevelacionfm.cl\/index.php?rest_route=\/wp\/v2\/posts\/63222","targetHints":{"allow":["GET"]}}],"collection":[{"href":"https:\/\/radiorevelacionfm.cl\/index.php?rest_route=\/wp\/v2\/posts"}],"about":[{"href":"https:\/\/radiorevelacionfm.cl\/index.php?rest_route=\/wp\/v2\/types\/post"}],"author":[{"embeddable":true,"href":"https:\/\/radiorevelacionfm.cl\/index.php?rest_route=\/wp\/v2\/users\/1"}],"replies":[{"embeddable":true,"href":"https:\/\/radiorevelacionfm.cl\/index.php?rest_route=%2Fwp%2Fv2%2Fcomments&post=63222"}],"version-history":[{"count":2,"href":"https:\/\/radiorevelacionfm.cl\/index.php?rest_route=\/wp\/v2\/posts\/63222\/revisions"}],"predecessor-version":[{"id":63225,"href":"https:\/\/radiorevelacionfm.cl\/index.php?rest_route=\/wp\/v2\/posts\/63222\/revisions\/63225"}],"wp:featuredmedia":[{"embeddable":true,"href":"https:\/\/radiorevelacionfm.cl\/index.php?rest_route=\/wp\/v2\/media\/63223"}],"wp:attachment":[{"href":"https:\/\/radiorevelacionfm.cl\/index.php?rest_route=%2Fwp%2Fv2%2Fmedia&parent=63222"}],"wp:term":[{"taxonomy":"category","embeddable":true,"href":"https:\/\/radiorevelacionfm.cl\/index.php?rest_route=%2Fwp%2Fv2%2Fcategories&post=63222"},{"taxonomy":"post_tag","embeddable":true,"href":"https:\/\/radiorevelacionfm.cl\/index.php?rest_route=%2Fwp%2Fv2%2Ftags&post=63222"}],"curies":[{"name":"wp","href":"https:\/\/api.w.org\/{rel}","templated":true}]}}