{"id":63219,"date":"2026-01-13T09:34:16","date_gmt":"2026-01-13T12:34:16","guid":{"rendered":"https:\/\/radiorevelacionfm.cl\/?p=63219"},"modified":"2026-01-13T09:34:16","modified_gmt":"2026-01-13T12:34:16","slug":"senadora-ordenes-en-congreso-futuro-el-chile-del-2041-no-esta-escrito-pero-esta-al-alcance-de-la-mano-de-las-decisiones-politicas-que-empecemos-a-tomar-hoy","status":"publish","type":"post","link":"https:\/\/radiorevelacionfm.cl\/?p=63219","title":{"rendered":"Senadora \u00d3rdenes en Congreso Futuro: \u201cEl Chile del 2041 no est\u00e1 escrito pero est\u00e1 al alcance de la mano de las decisiones pol\u00edticas que empecemos a tomar hoy\u201d"},"content":{"rendered":"<div class=\"flex_column av_one_full  flex_column_div av-zero-column-padding first  avia-builder-el-0  el_before_av_one_full  avia-builder-el-first  \" style='border-radius:0px; '><div  class='avia-image-container  av-styling-    avia-builder-el-1  avia-builder-el-no-sibling  avia-align-center '  itemprop=\"image\" itemscope=\"itemscope\" itemtype=\"https:\/\/schema.org\/ImageObject\"  ><div class='avia-image-container-inner'><div class='avia-image-overlay-wrap'><img decoding=\"async\" class='wp-image-63220 avia-img-lazy-loading-not-63220 avia_image' src=\"https:\/\/radiorevelacionfm.cl\/wp-content\/uploads\/2026\/01\/FOTO-2-4-1-1.jpeg\" alt='' title='FOTO #2 (4) (1) (1)' height=\"600\" width=\"898\"  itemprop=\"thumbnailUrl\" srcset=\"https:\/\/radiorevelacionfm.cl\/wp-content\/uploads\/2026\/01\/FOTO-2-4-1-1.jpeg 898w, https:\/\/radiorevelacionfm.cl\/wp-content\/uploads\/2026\/01\/FOTO-2-4-1-1-300x200.jpeg 300w, https:\/\/radiorevelacionfm.cl\/wp-content\/uploads\/2026\/01\/FOTO-2-4-1-1-768x513.jpeg 768w, https:\/\/radiorevelacionfm.cl\/wp-content\/uploads\/2026\/01\/FOTO-2-4-1-1-705x471.jpeg 705w, https:\/\/radiorevelacionfm.cl\/wp-content\/uploads\/2026\/01\/FOTO-2-4-1-1-450x301.jpeg 450w, https:\/\/radiorevelacionfm.cl\/wp-content\/uploads\/2026\/01\/FOTO-2-4-1-1-600x401.jpeg 600w\" sizes=\"(max-width: 898px) 100vw, 898px\" \/><\/div><\/div><\/div><\/div><div class=\"flex_column av_one_full  flex_column_div av-zero-column-padding first  avia-builder-el-2  el_after_av_one_full  el_before_av_one_full  column-top-margin\" style='border-radius:0px; '><section class=\"av_textblock_section \"  itemscope=\"itemscope\" itemtype=\"https:\/\/schema.org\/BlogPosting\" itemprop=\"blogPost\" ><div class='avia_textblock  '   itemprop=\"text\" ><p style=\"text-align: center;\"><strong><span style=\"font-size: 18pt;\">Senadora \u00d3rdenes en Congreso Futuro: \u201cEl Chile del 2041 no est\u00e1 escrito pero est\u00e1 al alcance de la mano de las decisiones pol\u00edticas que empecemos a tomar hoy\u201d<\/span><\/strong><\/p>\n<div id=\"gtx-trans\" style=\"position: absolute; left: -50px; top: 4.31534px;\">\n<div class=\"gtx-trans-icon\"><\/div>\n<\/div>\n<\/div><\/section><\/div><div class=\"flex_column av_one_full  flex_column_div av-zero-column-padding first  avia-builder-el-4  el_after_av_one_full  el_before_av_hr  column-top-margin\" style='border-radius:0px; '><section class=\"av_textblock_section \"  itemscope=\"itemscope\" itemtype=\"https:\/\/schema.org\/BlogPosting\" itemprop=\"blogPost\" ><div class='avia_textblock  '   itemprop=\"text\" ><p style=\"text-align: justify;\">Congreso Futuro es la plataforma de intercambio de ideas m\u00e1s relevante de Latinoam\u00e9rica y hoy est\u00e1 presente en todas las regiones del pa\u00eds e incluso ya ha logrado presencia internacional. Este a\u00f1o destaca con 36 charlistas internacionales que viajar\u00e1n a todos los rincones de Chile y que junto con un centenar de expertos regionales, discutir\u00e1n sobre el tema que gu\u00eda esta XV edici\u00f3n: \u201cHumanidad, \u00bfHacia d\u00f3nde vamos?\u201d.<\/p>\n<p style=\"text-align: justify;\">La cita comenz\u00f3 este lunes 12 de enero y hasta el s\u00e1bado 17 tendr\u00e1 una manifestaci\u00f3n en distintas regiones. En Ays\u00e9n la invitaci\u00f3n para el viernes 16 de enero en el Museo Regional de Ays\u00e9n, con cuatro bloques donde adem\u00e1s destaca la alianza lograda con el Patagonia Chelo Fest, un evento que cumple 8 a\u00f1os. Congreso Futuro Ays\u00e9n se corona ya con una d\u00e9cada en la regi\u00f3n y en 2025, Congreso J\u00f3venes Futuro aterriz\u00f3 por primera vez en una regi\u00f3n, logrando un hito hist\u00f3rico.<\/p>\n<p style=\"text-align: justify;\">La representante por la regi\u00f3n de Ays\u00e9n en el Senado y hoy presidenta de la Comisi\u00f3n Desaf\u00edos del Futuro, Ximena Ordenes Neira, quien ha cumplido un rol esencial para que ambos eventos tengan presencia en Ays\u00e9n, recalc\u00f3 en su discurso en la inauguraci\u00f3n de Congreso Futuro que las decisiones que enfrentemos en adelante, deben tomar la actual evidencia cient\u00edfica.<\/p>\n<p style=\"text-align: justify;\">\u201cEn 15 a\u00f1os Congreso Futuro se ha consolidado como una pol\u00edtica de Estado. Y no es casual que en esta sesi\u00f3n inaugural hayamos contado con la presencia del presidente Gabriel Boric y el presidente electo, Jos\u00e9 Antonio Kast. Este es un esfuerzo que ya se ha ido proyectando con fuerza, no solo en Chile, sino tambi\u00e9n al resto de los pa\u00edses\u201d, se\u00f1al\u00f3 Ordenes.<\/p>\n<p style=\"text-align: justify;\">La legisladora tambi\u00e9n destac\u00f3 que \u201cHoy tenemos una jornada de una semana donde van a haber m\u00e1s de 40 speaker. Tenemos dos cumbres, una de filosof\u00eda. \u00bfCu\u00e1l es el sentido de la humanidad en tiempos de inteligencia artificial? Y tambi\u00e9n el trabajo del futuro. Tenemos desaf\u00edos mucho m\u00e1s complejos y por lo tanto se generan espacios de encuentro necesarios para poder abordar el futuro, modelarlo, pensarlo y buscar a trav\u00e9s de las preguntas que aqu\u00ed se generan respuestas y pol\u00edticas p\u00fablicas que nos permitan seguir trabajando con sentido de humanidad, con pensamiento cr\u00edtico y utilizando las herramientas que nos presentan las nuevas tecnolog\u00edas\u201d.<\/p>\n<p style=\"text-align: justify;\">En Ays\u00e9n la parrilla destaca con dos expositores internacionales Nuno Crato, ex ministro de Educaci\u00f3n en Portugal, quien abordar\u00e1 la educaci\u00f3n y curr\u00edculo del futuro, con la pregunta: \u00bfC\u00f3mo aprendemos realmente en un mundo atravesado por la tecnolog\u00eda? y Daniela Hill, fundadora de Amiguitos del Oc\u00e9ano, con una charla que, desde la ciencia, la educaci\u00f3n y el compromiso comunitario, nos invitar\u00e1 a repensar nuestra relaci\u00f3n con el oc\u00e9ano.<\/p>\n<p style=\"text-align: justify;\">Cada panel cerrar\u00e1 con un foro abierto al p\u00fablico, que busca lograr una bajada territorial de cada tema, a cargo de la acad\u00e9mica Romina Aranda, quien acompa\u00f1ar\u00e1 al profesor Crato y la investigadora, Paula Ortiz, quien acompa\u00f1ar\u00e1 a Daniela Hill. La invitaci\u00f3n como cada a\u00f1o es que el p\u00fablico aysenino pueda ser parte de la reflexi\u00f3n.<\/p>\n<p style=\"text-align: justify;\">Junto con Nuno y Daniela, esta d\u00e9cima versi\u00f3n tendr\u00e1 colaboraci\u00f3n con el Patagonia Chelo Fest, con una charla sobre la cultura en Ays\u00e9n, desde una revisi\u00f3n hist\u00f3rica, hasta el futuro que se construye en la regi\u00f3n. Y tambi\u00e9n, se trabajar\u00e1 un taller a cargo de F\u00e9 S\u00e1nchez, que nos invitar\u00e1 a reflexionar sobre \u201cfuturos posibles en tiempos inciertos\u201d.<\/p>\n<\/div><\/section><\/div><div  style='height:50px' class='hr hr-invisible   avia-builder-el-6  el_after_av_one_full  el_before_av_social_share '><span class='hr-inner ' ><span class='hr-inner-style'><\/span><\/span><\/div><\/p>\n<div  class='av-social-sharing-box  avia-builder-el-7  el_after_av_hr  el_before_av_hr  '><div class='av-share-box'><h5 class='av-share-link-description av-no-toc '>Compartir esta noticia<\/h5><ul class='av-share-box-list noLightbox'><li class='av-share-link av-social-link-facebook' ><a target=\"_blank\" aria-label=\"Compartir en Facebook\" href='https:\/\/www.facebook.com\/sharer.php?u=https:\/\/radiorevelacionfm.cl\/?p=63219&#038;t=Senadora%20%C3%93rdenes%20en%20Congreso%20Futuro%3A%20%E2%80%9CEl%20Chile%20del%202041%20no%20est%C3%A1%20escrito%20pero%20est%C3%A1%20al%20alcance%20de%20la%20mano%20de%20las%20decisiones%20pol%C3%ADticas%20que%20empecemos%20a%20tomar%20hoy%E2%80%9D' aria-hidden='false' data-av_icon='\ue8f3' data-av_iconfont='entypo-fontello' title='' data-avia-related-tooltip='Compartir en Facebook' rel=\"noopener\"><span class='avia_hidden_link_text'>Compartir en Facebook<\/span><\/a><\/li><li class='av-share-link av-social-link-twitter' ><a target=\"_blank\" aria-label=\"Compartir en Twitter\" href='https:\/\/twitter.com\/share?text=Senadora%20%C3%93rdenes%20en%20Congreso%20Futuro%3A%20%E2%80%9CEl%20Chile%20del%202041%20no%20est%C3%A1%20escrito%20pero%20est%C3%A1%20al%20alcance%20de%20la%20mano%20de%20las%20decisiones%20pol%C3%ADticas%20que%20empecemos%20a%20tomar%20hoy%E2%80%9D&#038;url=https:\/\/radiorevelacionfm.cl\/?p=63219' aria-hidden='false' data-av_icon='\ue8f1' data-av_iconfont='entypo-fontello' title='' data-avia-related-tooltip='Compartir en Twitter' rel=\"noopener\"><span class='avia_hidden_link_text'>Compartir en Twitter<\/span><\/a><\/li><li class='av-share-link av-social-link-whatsapp' ><a target=\"_blank\" aria-label=\"Compartir en Whatsapp\" href='https:\/\/api.whatsapp.com\/send?text=https:\/\/radiorevelacionfm.cl\/?p=63219' aria-hidden='false' data-av_icon='\uf232' data-av_iconfont='entypo-fontello' title='' data-avia-related-tooltip='Compartir en Whatsapp' rel=\"noopener\"><span class='avia_hidden_link_text'>Compartir en Whatsapp<\/span><\/a><\/li><li class='av-share-link av-social-link-linkedin' ><a target=\"_blank\" aria-label=\"Compartir en LinkedIn\" href='https:\/\/linkedin.com\/shareArticle?mini=true&#038;title=Senadora%20%C3%93rdenes%20en%20Congreso%20Futuro%3A%20%E2%80%9CEl%20Chile%20del%202041%20no%20est%C3%A1%20escrito%20pero%20est%C3%A1%20al%20alcance%20de%20la%20mano%20de%20las%20decisiones%20pol%C3%ADticas%20que%20empecemos%20a%20tomar%20hoy%E2%80%9D&#038;url=https:\/\/radiorevelacionfm.cl\/?p=63219' aria-hidden='false' data-av_icon='\ue8fc' data-av_iconfont='entypo-fontello' title='' data-avia-related-tooltip='Compartir en LinkedIn' rel=\"noopener\"><span class='avia_hidden_link_text'>Compartir en LinkedIn<\/span><\/a><\/li><li class='av-share-link av-social-link-mail' ><a  aria-label=\"Compartir por correo\" href='mailto:?subject=Senadora%20%C3%93rdenes%20en%20Congreso%20Futuro%3A%20%E2%80%9CEl%20Chile%20del%202041%20no%20est%C3%A1%20escrito%20pero%20est%C3%A1%20al%20alcance%20de%20la%20mano%20de%20las%20decisiones%20pol%C3%ADticas%20que%20empecemos%20a%20tomar%20hoy%E2%80%9D&#038;body=https:\/\/radiorevelacionfm.cl\/?p=63219' aria-hidden='false' data-av_icon='\ue805' data-av_iconfont='entypo-fontello' title='' data-avia-related-tooltip='Compartir por correo'><span class='avia_hidden_link_text'>Compartir por correo<\/span><\/a><\/li><\/ul><\/div><\/div>\n<div  style='height:50px' class='hr hr-invisible   avia-builder-el-8  el_after_av_social_share  el_before_av_comments_list '><span class='hr-inner ' ><span class='hr-inner-style'><\/span><\/span><\/div>\n<div  class='av-buildercomment  av-blog-meta-html-info-disabled av-blog-meta-tag-disabled  '><\/div>\n","protected":false},"excerpt":{"rendered":"","protected":false},"author":1,"featured_media":63220,"comment_status":"closed","ping_status":"closed","sticky":false,"template":"","format":"standard","meta":{"footnotes":""},"categories":[35],"tags":[],"class_list":["post-63219","post","type-post","status-publish","format-standard","has-post-thumbnail","hentry","category-politica"],"jetpack_featured_media_url":"https:\/\/radiorevelacionfm.cl\/wp-content\/uploads\/2026\/01\/FOTO-2-4-1-1.jpeg","_links":{"self":[{"href":"https:\/\/radiorevelacionfm.cl\/index.php?rest_route=\/wp\/v2\/posts\/63219","targetHints":{"allow":["GET"]}}],"collection":[{"href":"https:\/\/radiorevelacionfm.cl\/index.php?rest_route=\/wp\/v2\/posts"}],"about":[{"href":"https:\/\/radiorevelacionfm.cl\/index.php?rest_route=\/wp\/v2\/types\/post"}],"author":[{"embeddable":true,"href":"https:\/\/radiorevelacionfm.cl\/index.php?rest_route=\/wp\/v2\/users\/1"}],"replies":[{"embeddable":true,"href":"https:\/\/radiorevelacionfm.cl\/index.php?rest_route=%2Fwp%2Fv2%2Fcomments&post=63219"}],"version-history":[{"count":2,"href":"https:\/\/radiorevelacionfm.cl\/index.php?rest_route=\/wp\/v2\/posts\/63219\/revisions"}],"predecessor-version":[{"id":63226,"href":"https:\/\/radiorevelacionfm.cl\/index.php?rest_route=\/wp\/v2\/posts\/63219\/revisions\/63226"}],"wp:featuredmedia":[{"embeddable":true,"href":"https:\/\/radiorevelacionfm.cl\/index.php?rest_route=\/wp\/v2\/media\/63220"}],"wp:attachment":[{"href":"https:\/\/radiorevelacionfm.cl\/index.php?rest_route=%2Fwp%2Fv2%2Fmedia&parent=63219"}],"wp:term":[{"taxonomy":"category","embeddable":true,"href":"https:\/\/radiorevelacionfm.cl\/index.php?rest_route=%2Fwp%2Fv2%2Fcategories&post=63219"},{"taxonomy":"post_tag","embeddable":true,"href":"https:\/\/radiorevelacionfm.cl\/index.php?rest_route=%2Fwp%2Fv2%2Ftags&post=63219"}],"curies":[{"name":"wp","href":"https:\/\/api.w.org\/{rel}","templated":true}]}}