{"id":63214,"date":"2026-01-12T21:33:14","date_gmt":"2026-01-13T00:33:14","guid":{"rendered":"https:\/\/radiorevelacionfm.cl\/?p=63214"},"modified":"2026-01-12T21:33:14","modified_gmt":"2026-01-13T00:33:14","slug":"expo-patagonia-2026-confirma-su-line-up-oficial-tras-historica-aprobacion-de-recursos-municipales","status":"publish","type":"post","link":"https:\/\/radiorevelacionfm.cl\/?p=63214","title":{"rendered":"Expo Patagonia 2026 confirma su Line Up oficial tras hist\u00f3rica aprobaci\u00f3n de recursos municipales"},"content":{"rendered":"<div class=\"flex_column av_one_full  flex_column_div av-zero-column-padding first  avia-builder-el-0  el_before_av_one_full  avia-builder-el-first  \" style='border-radius:0px; '><div  class='avia-image-container  av-styling-    avia-builder-el-1  avia-builder-el-no-sibling  avia-align-center '  itemprop=\"image\" itemscope=\"itemscope\" itemtype=\"https:\/\/schema.org\/ImageObject\"  ><div class='avia-image-container-inner'><div class='avia-image-overlay-wrap'><img decoding=\"async\" class='wp-image-63215 avia-img-lazy-loading-not-63215 avia_image' src=\"https:\/\/radiorevelacionfm.cl\/wp-content\/uploads\/2026\/01\/Archivo-expo-patagonia-2025-1-1.jpeg\" alt='' title='Archivo expo patagonia 2025 (1) (1)' height=\"600\" width=\"946\"  itemprop=\"thumbnailUrl\" srcset=\"https:\/\/radiorevelacionfm.cl\/wp-content\/uploads\/2026\/01\/Archivo-expo-patagonia-2025-1-1.jpeg 946w, https:\/\/radiorevelacionfm.cl\/wp-content\/uploads\/2026\/01\/Archivo-expo-patagonia-2025-1-1-300x190.jpeg 300w, https:\/\/radiorevelacionfm.cl\/wp-content\/uploads\/2026\/01\/Archivo-expo-patagonia-2025-1-1-768x487.jpeg 768w, https:\/\/radiorevelacionfm.cl\/wp-content\/uploads\/2026\/01\/Archivo-expo-patagonia-2025-1-1-705x447.jpeg 705w, https:\/\/radiorevelacionfm.cl\/wp-content\/uploads\/2026\/01\/Archivo-expo-patagonia-2025-1-1-450x285.jpeg 450w, https:\/\/radiorevelacionfm.cl\/wp-content\/uploads\/2026\/01\/Archivo-expo-patagonia-2025-1-1-600x381.jpeg 600w\" sizes=\"(max-width: 946px) 100vw, 946px\" \/><\/div><\/div><\/div><\/div><div class=\"flex_column av_one_full  flex_column_div av-zero-column-padding first  avia-builder-el-2  el_after_av_one_full  el_before_av_one_full  column-top-margin\" style='border-radius:0px; '><section class=\"av_textblock_section \"  itemscope=\"itemscope\" itemtype=\"https:\/\/schema.org\/BlogPosting\" itemprop=\"blogPost\" ><div class='avia_textblock  '   itemprop=\"text\" ><p style=\"text-align: center;\"><strong><span style=\"font-size: 18pt;\">Expo Patagonia 2026 confirma su Line Up oficial tras hist\u00f3rica aprobaci\u00f3n de recursos municipales<\/span><\/strong><\/p>\n<div id=\"gtx-trans\" style=\"position: absolute; left: -50px; top: 4.31534px;\">\n<div class=\"gtx-trans-icon\"><\/div>\n<\/div>\n<\/div><\/section><\/div><div class=\"flex_column av_one_full  flex_column_div av-zero-column-padding first  avia-builder-el-4  el_after_av_one_full  el_before_av_hr  column-top-margin\" style='border-radius:0px; '><section class=\"av_textblock_section \"  itemscope=\"itemscope\" itemtype=\"https:\/\/schema.org\/BlogPosting\" itemprop=\"blogPost\" ><div class='avia_textblock  '   itemprop=\"text\" ><p style=\"text-align: justify;\">Con gran entusiasmo, la Municipalidad anunci\u00f3 oficialmente el Line Up de la Expo Patagonia 2026, uno de los eventos culturales y musicales m\u00e1s importantes del sur del pa\u00eds, que se desarrollar\u00e1 los d\u00edas 13, 14 y 15 de febrero, consolid\u00e1ndose como la gran fiesta del verano en El Coraz\u00f3n de la Patagonia.<\/p>\n<p style=\"text-align: justify;\">La confirmaci\u00f3n de los artistas llega luego de la aprobaci\u00f3n un\u00e1nime del Concejo Municipal de una inversi\u00f3n de 800 millones de pesos, recursos que permitir\u00e1n garantizar un espect\u00e1culo de primer nivel, fortalecer la participaci\u00f3n de artesanos, emprendedores locales y organizaciones comunitarias, y asegurar el acceso de toda la comunidad a un evento cultural de alto est\u00e1ndar.<\/p>\n<p style=\"text-align: justify;\">El escenario de Expo Patagonia 2026 reunir\u00e1 a destacados artistas nacionales e internacionales, con una programaci\u00f3n pensada para toda la familia. El Line Up oficial estar\u00e1 encabezado por:<\/p>\n<p style=\"text-align: justify;\"><strong>Los Tres, <\/strong><strong>Chaque\u00f1o Palavecino, <\/strong><strong>Los Cumpas de Coyhaique, <\/strong><strong>Pimpinela, <\/strong><strong>Amar Azul, <\/strong><strong>Luciano Auad, <\/strong><strong>Mel\u00f3n y Melame, <\/strong><strong>Huaso Filomeno, <\/strong><strong>Charros de Lumaco, <\/strong><strong>Los Amigos Criollos, <\/strong><strong>Perro Chocolo, para el p\u00fablico infantil, <\/strong><strong>Pastor Rocha.<\/strong><\/p>\n<p style=\"text-align: justify;\">Al respecto, el alcalde de Coyhaique, Carlos Gatica Villegas, destac\u00f3 la importancia de este respaldo institucional, asegurando que \u201cla aprobaci\u00f3n un\u00e1nime de estos recursos refleja el compromiso del Concejo Municipal con la cultura, el desarrollo local y el bienestar de nuestra comunidad. Nuestra Expo Patagonia es mucho m\u00e1s que un festival, hoy se ha transformado en una vitrina para nuestros artesanos, un espacio de encuentro familiar y una oportunidad para posicionar a Coyhaique y a toda la regi\u00f3n como un polo cultural y tur\u00edstico de primer nivel\u201d.<\/p>\n<p style=\"text-align: justify;\">Esta nueva versi\u00f3n de la Expo Patagonia 2026, la fiesta en el Coraz\u00f3n de la Patagonia, ofrecer\u00e1 tres jornadas cargadas de m\u00fasica, tradiciones, gastronom\u00eda y experiencias inolvidables, reafirmando su rol como uno de los eventos m\u00e1s esperados del verano en la Patagonia.<\/p>\n<p style=\"text-align: justify;\">Desde la organizaci\u00f3n extendieron la invitaci\u00f3n a la comunidad local y a visitantes de todo el pa\u00eds a ser parte de esta gran celebraci\u00f3n y a estar atentos a las postulaciones que se abrir\u00e1n para quienes quieran estar presentes en estos d\u00edas de celebraci\u00f3n.<\/p>\n<p style=\"text-align: justify;\">Recordemos que este festival ser\u00e1 transmitido por primera vez por parte de Chilevisi\u00f3n, posicion\u00e1ndonos en la pantalla nacional y en los ojos de todo Chile, vitrina que servir\u00e1 para mostrar el talento de nuestros artistas locales como Luciano Auad y los Cumpas de Coyhaique.<\/p>\n<\/div><\/section><\/div><div  style='height:50px' class='hr hr-invisible   avia-builder-el-6  el_after_av_one_full  el_before_av_social_share '><span class='hr-inner ' ><span class='hr-inner-style'><\/span><\/span><\/div><\/p>\n<div  class='av-social-sharing-box  avia-builder-el-7  el_after_av_hr  el_before_av_hr  '><div class='av-share-box'><h5 class='av-share-link-description av-no-toc '>Compartir esta noticia<\/h5><ul class='av-share-box-list noLightbox'><li class='av-share-link av-social-link-facebook' ><a target=\"_blank\" aria-label=\"Compartir en Facebook\" href='https:\/\/www.facebook.com\/sharer.php?u=https:\/\/radiorevelacionfm.cl\/?p=63214&#038;t=Expo%20Patagonia%202026%20confirma%20su%20Line%20Up%20oficial%20tras%20hist%C3%B3rica%20aprobaci%C3%B3n%20de%20recursos%20municipales' aria-hidden='false' data-av_icon='\ue8f3' data-av_iconfont='entypo-fontello' title='' data-avia-related-tooltip='Compartir en Facebook' rel=\"noopener\"><span class='avia_hidden_link_text'>Compartir en Facebook<\/span><\/a><\/li><li class='av-share-link av-social-link-twitter' ><a target=\"_blank\" aria-label=\"Compartir en Twitter\" href='https:\/\/twitter.com\/share?text=Expo%20Patagonia%202026%20confirma%20su%20Line%20Up%20oficial%20tras%20hist%C3%B3rica%20aprobaci%C3%B3n%20de%20recursos%20municipales&#038;url=https:\/\/radiorevelacionfm.cl\/?p=63214' aria-hidden='false' data-av_icon='\ue8f1' data-av_iconfont='entypo-fontello' title='' data-avia-related-tooltip='Compartir en Twitter' rel=\"noopener\"><span class='avia_hidden_link_text'>Compartir en Twitter<\/span><\/a><\/li><li class='av-share-link av-social-link-whatsapp' ><a target=\"_blank\" aria-label=\"Compartir en Whatsapp\" href='https:\/\/api.whatsapp.com\/send?text=https:\/\/radiorevelacionfm.cl\/?p=63214' aria-hidden='false' data-av_icon='\uf232' data-av_iconfont='entypo-fontello' title='' data-avia-related-tooltip='Compartir en Whatsapp' rel=\"noopener\"><span class='avia_hidden_link_text'>Compartir en Whatsapp<\/span><\/a><\/li><li class='av-share-link av-social-link-linkedin' ><a target=\"_blank\" aria-label=\"Compartir en LinkedIn\" href='https:\/\/linkedin.com\/shareArticle?mini=true&#038;title=Expo%20Patagonia%202026%20confirma%20su%20Line%20Up%20oficial%20tras%20hist%C3%B3rica%20aprobaci%C3%B3n%20de%20recursos%20municipales&#038;url=https:\/\/radiorevelacionfm.cl\/?p=63214' aria-hidden='false' data-av_icon='\ue8fc' data-av_iconfont='entypo-fontello' title='' data-avia-related-tooltip='Compartir en LinkedIn' rel=\"noopener\"><span class='avia_hidden_link_text'>Compartir en LinkedIn<\/span><\/a><\/li><li class='av-share-link av-social-link-mail' ><a  aria-label=\"Compartir por correo\" href='mailto:?subject=Expo%20Patagonia%202026%20confirma%20su%20Line%20Up%20oficial%20tras%20hist%C3%B3rica%20aprobaci%C3%B3n%20de%20recursos%20municipales&#038;body=https:\/\/radiorevelacionfm.cl\/?p=63214' aria-hidden='false' data-av_icon='\ue805' data-av_iconfont='entypo-fontello' title='' data-avia-related-tooltip='Compartir por correo'><span class='avia_hidden_link_text'>Compartir por correo<\/span><\/a><\/li><\/ul><\/div><\/div>\n<div  style='height:50px' class='hr hr-invisible   avia-builder-el-8  el_after_av_social_share  el_before_av_comments_list '><span class='hr-inner ' ><span class='hr-inner-style'><\/span><\/span><\/div>\n<div  class='av-buildercomment  av-blog-meta-html-info-disabled av-blog-meta-tag-disabled  '><\/div>\n","protected":false},"excerpt":{"rendered":"","protected":false},"author":1,"featured_media":63215,"comment_status":"closed","ping_status":"closed","sticky":false,"template":"","format":"standard","meta":{"footnotes":""},"categories":[38],"tags":[],"class_list":["post-63214","post","type-post","status-publish","format-standard","has-post-thumbnail","hentry","category-regional"],"jetpack_featured_media_url":"https:\/\/radiorevelacionfm.cl\/wp-content\/uploads\/2026\/01\/Archivo-expo-patagonia-2025-1-1.jpeg","_links":{"self":[{"href":"https:\/\/radiorevelacionfm.cl\/index.php?rest_route=\/wp\/v2\/posts\/63214","targetHints":{"allow":["GET"]}}],"collection":[{"href":"https:\/\/radiorevelacionfm.cl\/index.php?rest_route=\/wp\/v2\/posts"}],"about":[{"href":"https:\/\/radiorevelacionfm.cl\/index.php?rest_route=\/wp\/v2\/types\/post"}],"author":[{"embeddable":true,"href":"https:\/\/radiorevelacionfm.cl\/index.php?rest_route=\/wp\/v2\/users\/1"}],"replies":[{"embeddable":true,"href":"https:\/\/radiorevelacionfm.cl\/index.php?rest_route=%2Fwp%2Fv2%2Fcomments&post=63214"}],"version-history":[{"count":2,"href":"https:\/\/radiorevelacionfm.cl\/index.php?rest_route=\/wp\/v2\/posts\/63214\/revisions"}],"predecessor-version":[{"id":63218,"href":"https:\/\/radiorevelacionfm.cl\/index.php?rest_route=\/wp\/v2\/posts\/63214\/revisions\/63218"}],"wp:featuredmedia":[{"embeddable":true,"href":"https:\/\/radiorevelacionfm.cl\/index.php?rest_route=\/wp\/v2\/media\/63215"}],"wp:attachment":[{"href":"https:\/\/radiorevelacionfm.cl\/index.php?rest_route=%2Fwp%2Fv2%2Fmedia&parent=63214"}],"wp:term":[{"taxonomy":"category","embeddable":true,"href":"https:\/\/radiorevelacionfm.cl\/index.php?rest_route=%2Fwp%2Fv2%2Fcategories&post=63214"},{"taxonomy":"post_tag","embeddable":true,"href":"https:\/\/radiorevelacionfm.cl\/index.php?rest_route=%2Fwp%2Fv2%2Ftags&post=63214"}],"curies":[{"name":"wp","href":"https:\/\/api.w.org\/{rel}","templated":true}]}}