{"id":63210,"date":"2026-01-12T21:10:37","date_gmt":"2026-01-13T00:10:37","guid":{"rendered":"https:\/\/radiorevelacionfm.cl\/?p=63210"},"modified":"2026-01-12T21:10:37","modified_gmt":"2026-01-13T00:10:37","slug":"alcalde-gatica-confirmo-avance-en-el-diseno-del-centro-costumbrista-para-balmaceda","status":"publish","type":"post","link":"https:\/\/radiorevelacionfm.cl\/?p=63210","title":{"rendered":"Alcalde Gatica confirm\u00f3 avance en el dise\u00f1o del Centro Costumbrista para Balmaceda"},"content":{"rendered":"<div class=\"flex_column av_one_full  flex_column_div av-zero-column-padding first  avia-builder-el-0  el_before_av_one_full  avia-builder-el-first  \" style='border-radius:0px; '><div  class='avia-image-container  av-styling-    avia-builder-el-1  avia-builder-el-no-sibling  avia-align-center '  itemprop=\"image\" itemscope=\"itemscope\" itemtype=\"https:\/\/schema.org\/ImageObject\"  ><div class='avia-image-container-inner'><div class='avia-image-overlay-wrap'><img decoding=\"async\" class='wp-image-63211 avia-img-lazy-loading-not-63211 avia_image' src=\"https:\/\/radiorevelacionfm.cl\/wp-content\/uploads\/2026\/01\/centro-de-eventos-1-1_optimized.jpeg\" alt='' title='centro-de-eventos-1 - (1)_optimized' height=\"600\" width=\"800\"  itemprop=\"thumbnailUrl\" srcset=\"https:\/\/radiorevelacionfm.cl\/wp-content\/uploads\/2026\/01\/centro-de-eventos-1-1_optimized.jpeg 800w, https:\/\/radiorevelacionfm.cl\/wp-content\/uploads\/2026\/01\/centro-de-eventos-1-1_optimized-300x225.jpeg 300w, https:\/\/radiorevelacionfm.cl\/wp-content\/uploads\/2026\/01\/centro-de-eventos-1-1_optimized-768x576.jpeg 768w, https:\/\/radiorevelacionfm.cl\/wp-content\/uploads\/2026\/01\/centro-de-eventos-1-1_optimized-705x529.jpeg 705w, https:\/\/radiorevelacionfm.cl\/wp-content\/uploads\/2026\/01\/centro-de-eventos-1-1_optimized-450x338.jpeg 450w, https:\/\/radiorevelacionfm.cl\/wp-content\/uploads\/2026\/01\/centro-de-eventos-1-1_optimized-600x450.jpeg 600w\" sizes=\"(max-width: 800px) 100vw, 800px\" \/><\/div><\/div><\/div><\/div><div class=\"flex_column av_one_full  flex_column_div av-zero-column-padding first  avia-builder-el-2  el_after_av_one_full  el_before_av_one_full  column-top-margin\" style='border-radius:0px; '><section class=\"av_textblock_section \"  itemscope=\"itemscope\" itemtype=\"https:\/\/schema.org\/BlogPosting\" itemprop=\"blogPost\" ><div class='avia_textblock  '   itemprop=\"text\" ><p style=\"text-align: center;\"><span style=\"font-size: 18pt;\"><strong>Alcalde Gatica confirm\u00f3 avance en el dise\u00f1o del Centro Costumbrista para Balmaceda<\/strong><\/span><\/p>\n<div id=\"gtx-trans\" style=\"position: absolute; left: -50px; top: 4.31534px;\">\n<div class=\"gtx-trans-icon\"><\/div>\n<\/div>\n<\/div><\/section><\/div><div class=\"flex_column av_one_full  flex_column_div av-zero-column-padding first  avia-builder-el-4  el_after_av_one_full  el_before_av_hr  column-top-margin\" style='border-radius:0px; '><section class=\"av_textblock_section \"  itemscope=\"itemscope\" itemtype=\"https:\/\/schema.org\/BlogPosting\" itemprop=\"blogPost\" ><div class='avia_textblock  '   itemprop=\"text\" ><p style=\"text-align: justify;\">En el marco de una nueva versi\u00f3n de las tradicionales jineteadas realizadas en la localidad de Balmaceda, el alcalde de Coyhaique, Carlos Gatica, confirm\u00f3 importantes avances en el dise\u00f1o del futuro Centro Costumbrista, iniciativa que busca fortalecer las tradiciones locales y entregar mejores condiciones a quienes participan y asisten a este consolidado encuentro cultural como un mecanismo de desarrollo econ\u00f3mico local.<\/p>\n<p style=\"text-align: justify;\">El anuncio fue realizado durante la jornada, que reuni\u00f3 a vecinos, familias y delegaciones de Chile y Argentina, reafirmando a Balmaceda como un punto de encuentro binacional para gauchos y cultores de las tradiciones del mundo rural.<\/p>\n<p style=\"text-align: justify;\">En la instancia, el jefe comunal agradeci\u00f3 el respaldo institucional que ha permitido dar continuidad a este tipo de actividades, partiendo por querer \u201cagradecer al Gobierno Regional por ayudarnos a financiar este tipo de actividades, que no solo mantienen vivas nuestras tradiciones, sino que tambi\u00e9n dinamizan la econom\u00eda local\u201d, se\u00f1al\u00f3 el alcalde Gatica, destacando adem\u00e1s el rol de la comunidad organizada.<\/p>\n<p style=\"text-align: justify;\">Asimismo, subray\u00f3 que el m\u00e9rito del \u00e9xito de las jineteadas y del proyecto del Centro Costumbrista recae principalmente en los propios vecinos, en este sentido, mencion\u00f3 que \u201cesto es m\u00e9rito de nuestros vecinos y, principalmente, del Club de Huasos y de todas las personas que mantienen vivas las tradiciones de Balmaceda. Son actividades que relevan nuestras costumbres y fomentan el desarrollo de la econom\u00eda local\u201d.<\/p>\n<p style=\"text-align: justify;\">Desde la organizaci\u00f3n, la Coordinadora del Club de Huasos de Balmaceda, Ang\u00e9lica Cifuentes, valor\u00f3 el anuncio y el apoyo recibido para proyectar este espacio, asegurando que \u201cpara nosotros es muy importante que se avance en un Centro Costumbrista, porque permitir\u00e1 dar mayor realce y dignidad a nuestras actividades. Las jineteadas han crecido a\u00f1o a a\u00f1o y necesit\u00e1bamos un espacio acorde a lo que representan nuestras tradiciones\u201d.<\/p>\n<p style=\"text-align: justify;\">En relaci\u00f3n al estado del proyecto, el alcalde Gatica explic\u00f3 que actualmente los equipos t\u00e9cnicos se encuentran trabajando en la etapa de dise\u00f1o.\u201cHoy los arquitectos est\u00e1n desarrollando el dise\u00f1o del Centro Costumbrista, para luego avanzar en la b\u00fasqueda del financiamiento de las obras. La idea es contar con un espacio digno para quienes llegan a disfrutar de este evento, que ya se ha consolidado como un punto de encuentro entre gauchos de Argentina y Chile\u201d, puntualiz\u00f3.<\/p>\n<p style=\"text-align: justify;\">Por su parte, el gobernador regional de Ays\u00e9n, Marcelo Santana, destac\u00f3 la relevancia cultural y social de la iniciativa. \u201cComo Gobierno Regional estamos comprometidos con apoyar proyectos que rescatan la identidad y las tradiciones de nuestro territorio. Balmaceda es un claro ejemplo de c\u00f3mo la cultura y las costumbres tambi\u00e9n impulsan desarrollo y cohesi\u00f3n social\u201d, afirm\u00f3.<\/p>\n<p style=\"text-align: justify;\">La futura infraestructura busca transformarse en un espacio permanente para el desarrollo de actividades costumbristas, fortaleciendo la identidad local y potenciando a Balmaceda como un referente cultural y tur\u00edstico de la regi\u00f3n de Ays\u00e9n.<\/p>\n<\/div><\/section><\/div><div  style='height:50px' class='hr hr-invisible   avia-builder-el-6  el_after_av_one_full  el_before_av_social_share '><span class='hr-inner ' ><span class='hr-inner-style'><\/span><\/span><\/div><\/p>\n<div  class='av-social-sharing-box  avia-builder-el-7  el_after_av_hr  el_before_av_hr  '><div class='av-share-box'><h5 class='av-share-link-description av-no-toc '>Compartir esta noticia<\/h5><ul class='av-share-box-list noLightbox'><li class='av-share-link av-social-link-facebook' ><a target=\"_blank\" aria-label=\"Compartir en Facebook\" href='https:\/\/www.facebook.com\/sharer.php?u=https:\/\/radiorevelacionfm.cl\/?p=63210&#038;t=Alcalde%20Gatica%20confirm%C3%B3%20avance%20en%20el%20dise%C3%B1o%20del%20Centro%20Costumbrista%20para%20Balmaceda' aria-hidden='false' data-av_icon='\ue8f3' data-av_iconfont='entypo-fontello' title='' data-avia-related-tooltip='Compartir en Facebook' rel=\"noopener\"><span class='avia_hidden_link_text'>Compartir en Facebook<\/span><\/a><\/li><li class='av-share-link av-social-link-twitter' ><a target=\"_blank\" aria-label=\"Compartir en Twitter\" href='https:\/\/twitter.com\/share?text=Alcalde%20Gatica%20confirm%C3%B3%20avance%20en%20el%20dise%C3%B1o%20del%20Centro%20Costumbrista%20para%20Balmaceda&#038;url=https:\/\/radiorevelacionfm.cl\/?p=63210' aria-hidden='false' data-av_icon='\ue8f1' data-av_iconfont='entypo-fontello' title='' data-avia-related-tooltip='Compartir en Twitter' rel=\"noopener\"><span class='avia_hidden_link_text'>Compartir en Twitter<\/span><\/a><\/li><li class='av-share-link av-social-link-whatsapp' ><a target=\"_blank\" aria-label=\"Compartir en Whatsapp\" href='https:\/\/api.whatsapp.com\/send?text=https:\/\/radiorevelacionfm.cl\/?p=63210' aria-hidden='false' data-av_icon='\uf232' data-av_iconfont='entypo-fontello' title='' data-avia-related-tooltip='Compartir en Whatsapp' rel=\"noopener\"><span class='avia_hidden_link_text'>Compartir en Whatsapp<\/span><\/a><\/li><li class='av-share-link av-social-link-linkedin' ><a target=\"_blank\" aria-label=\"Compartir en LinkedIn\" href='https:\/\/linkedin.com\/shareArticle?mini=true&#038;title=Alcalde%20Gatica%20confirm%C3%B3%20avance%20en%20el%20dise%C3%B1o%20del%20Centro%20Costumbrista%20para%20Balmaceda&#038;url=https:\/\/radiorevelacionfm.cl\/?p=63210' aria-hidden='false' data-av_icon='\ue8fc' data-av_iconfont='entypo-fontello' title='' data-avia-related-tooltip='Compartir en LinkedIn' rel=\"noopener\"><span class='avia_hidden_link_text'>Compartir en LinkedIn<\/span><\/a><\/li><li class='av-share-link av-social-link-mail' ><a  aria-label=\"Compartir por correo\" href='mailto:?subject=Alcalde%20Gatica%20confirm%C3%B3%20avance%20en%20el%20dise%C3%B1o%20del%20Centro%20Costumbrista%20para%20Balmaceda&#038;body=https:\/\/radiorevelacionfm.cl\/?p=63210' aria-hidden='false' data-av_icon='\ue805' data-av_iconfont='entypo-fontello' title='' data-avia-related-tooltip='Compartir por correo'><span class='avia_hidden_link_text'>Compartir por correo<\/span><\/a><\/li><\/ul><\/div><\/div>\n<div  style='height:50px' class='hr hr-invisible   avia-builder-el-8  el_after_av_social_share  el_before_av_comments_list '><span class='hr-inner ' ><span class='hr-inner-style'><\/span><\/span><\/div>\n<div  class='av-buildercomment  av-blog-meta-html-info-disabled av-blog-meta-tag-disabled  '><\/div>\n","protected":false},"excerpt":{"rendered":"","protected":false},"author":1,"featured_media":63211,"comment_status":"closed","ping_status":"closed","sticky":false,"template":"","format":"standard","meta":{"footnotes":""},"categories":[38],"tags":[],"class_list":["post-63210","post","type-post","status-publish","format-standard","has-post-thumbnail","hentry","category-regional"],"jetpack_featured_media_url":"https:\/\/radiorevelacionfm.cl\/wp-content\/uploads\/2026\/01\/centro-de-eventos-1-1_optimized.jpeg","_links":{"self":[{"href":"https:\/\/radiorevelacionfm.cl\/index.php?rest_route=\/wp\/v2\/posts\/63210","targetHints":{"allow":["GET"]}}],"collection":[{"href":"https:\/\/radiorevelacionfm.cl\/index.php?rest_route=\/wp\/v2\/posts"}],"about":[{"href":"https:\/\/radiorevelacionfm.cl\/index.php?rest_route=\/wp\/v2\/types\/post"}],"author":[{"embeddable":true,"href":"https:\/\/radiorevelacionfm.cl\/index.php?rest_route=\/wp\/v2\/users\/1"}],"replies":[{"embeddable":true,"href":"https:\/\/radiorevelacionfm.cl\/index.php?rest_route=%2Fwp%2Fv2%2Fcomments&post=63210"}],"version-history":[{"count":2,"href":"https:\/\/radiorevelacionfm.cl\/index.php?rest_route=\/wp\/v2\/posts\/63210\/revisions"}],"predecessor-version":[{"id":63213,"href":"https:\/\/radiorevelacionfm.cl\/index.php?rest_route=\/wp\/v2\/posts\/63210\/revisions\/63213"}],"wp:featuredmedia":[{"embeddable":true,"href":"https:\/\/radiorevelacionfm.cl\/index.php?rest_route=\/wp\/v2\/media\/63211"}],"wp:attachment":[{"href":"https:\/\/radiorevelacionfm.cl\/index.php?rest_route=%2Fwp%2Fv2%2Fmedia&parent=63210"}],"wp:term":[{"taxonomy":"category","embeddable":true,"href":"https:\/\/radiorevelacionfm.cl\/index.php?rest_route=%2Fwp%2Fv2%2Fcategories&post=63210"},{"taxonomy":"post_tag","embeddable":true,"href":"https:\/\/radiorevelacionfm.cl\/index.php?rest_route=%2Fwp%2Fv2%2Ftags&post=63210"}],"curies":[{"name":"wp","href":"https:\/\/api.w.org\/{rel}","templated":true}]}}