{"id":63206,"date":"2026-01-12T20:58:16","date_gmt":"2026-01-12T23:58:16","guid":{"rendered":"https:\/\/radiorevelacionfm.cl\/?p=63206"},"modified":"2026-01-12T20:58:16","modified_gmt":"2026-01-12T23:58:16","slug":"municipalidad-de-aysen-realizara-viajes-turisticos-para-personas-con-discapacidad-y-adultos-mayores","status":"publish","type":"post","link":"https:\/\/radiorevelacionfm.cl\/?p=63206","title":{"rendered":"Municipalidad de Ays\u00e9n realizar\u00e1 viajes tur\u00edsticos para personas con discapacidad y adultos mayores"},"content":{"rendered":"<div class=\"flex_column av_one_full  flex_column_div av-zero-column-padding first  avia-builder-el-0  el_before_av_one_full  avia-builder-el-first  \" style='border-radius:0px; '><div  class='avia-image-container  av-styling-    avia-builder-el-1  avia-builder-el-no-sibling  avia-align-center '  itemprop=\"image\" itemscope=\"itemscope\" itemtype=\"https:\/\/schema.org\/ImageObject\"  ><div class='avia-image-container-inner'><div class='avia-image-overlay-wrap'><img decoding=\"async\" class='wp-image-63207 avia-img-lazy-loading-not-63207 avia_image' src=\"https:\/\/radiorevelacionfm.cl\/wp-content\/uploads\/2026\/01\/vid_20260109_103737_optimized.mp4_snapshot_00.02.658-1-1.jpg\" alt='' title='vid_20260109_103737_optimized.mp4_snapshot_00.02.658-(1) (1)' height=\"600\" width=\"1067\"  itemprop=\"thumbnailUrl\" srcset=\"https:\/\/radiorevelacionfm.cl\/wp-content\/uploads\/2026\/01\/vid_20260109_103737_optimized.mp4_snapshot_00.02.658-1-1.jpg 1067w, https:\/\/radiorevelacionfm.cl\/wp-content\/uploads\/2026\/01\/vid_20260109_103737_optimized.mp4_snapshot_00.02.658-1-1-300x169.jpg 300w, https:\/\/radiorevelacionfm.cl\/wp-content\/uploads\/2026\/01\/vid_20260109_103737_optimized.mp4_snapshot_00.02.658-1-1-1030x579.jpg 1030w, https:\/\/radiorevelacionfm.cl\/wp-content\/uploads\/2026\/01\/vid_20260109_103737_optimized.mp4_snapshot_00.02.658-1-1-768x432.jpg 768w, https:\/\/radiorevelacionfm.cl\/wp-content\/uploads\/2026\/01\/vid_20260109_103737_optimized.mp4_snapshot_00.02.658-1-1-705x396.jpg 705w, https:\/\/radiorevelacionfm.cl\/wp-content\/uploads\/2026\/01\/vid_20260109_103737_optimized.mp4_snapshot_00.02.658-1-1-450x253.jpg 450w, https:\/\/radiorevelacionfm.cl\/wp-content\/uploads\/2026\/01\/vid_20260109_103737_optimized.mp4_snapshot_00.02.658-1-1-600x337.jpg 600w\" sizes=\"(max-width: 1067px) 100vw, 1067px\" \/><\/div><\/div><\/div><\/div><div class=\"flex_column av_one_full  flex_column_div av-zero-column-padding first  avia-builder-el-2  el_after_av_one_full  el_before_av_one_full  column-top-margin\" style='border-radius:0px; '><section class=\"av_textblock_section \"  itemscope=\"itemscope\" itemtype=\"https:\/\/schema.org\/BlogPosting\" itemprop=\"blogPost\" ><div class='avia_textblock  '   itemprop=\"text\" ><p style=\"text-align: center;\"><strong><span style=\"font-size: 18pt;\">Municipalidad de Ays\u00e9n realizar\u00e1 viajes tur\u00edsticos para personas con discapacidad y adultos mayores<\/span><\/strong><\/p>\n<div id=\"gtx-trans\" style=\"position: absolute; left: -50px; top: 4.31534px;\">\n<div class=\"gtx-trans-icon\"><\/div>\n<\/div>\n<\/div><\/section><\/div><div class=\"flex_column av_one_full  flex_column_div av-zero-column-padding first  avia-builder-el-4  el_after_av_one_full  el_before_av_hr  column-top-margin\" style='border-radius:0px; '><section class=\"av_textblock_section \"  itemscope=\"itemscope\" itemtype=\"https:\/\/schema.org\/BlogPosting\" itemprop=\"blogPost\" ><div class='avia_textblock  '   itemprop=\"text\" ><p style=\"text-align: justify;\">\u201cTurismo Mayor: Volver a lo Nuestro\u201d es el nombre de esta iniciativa municipal que tiene como objetivo que adultos mayores y personas con discapacidad puedan reencontrarse con lugares emblem\u00e1ticos de su comuna o regi\u00f3n que no han podido visitar en largo tiempo y, al mismo tiempo, compartir experiencias junto a sus pares.<\/p>\n<p style=\"text-align: justify;\">Gracias a un trabajo colaborativo entre las Oficinas de Discapacidad, Adulto Mayor y Turismo de la Municipalidad de Ays\u00e9n, se dise\u00f1\u00f3 un plan que permitir\u00e1 aprovechar al m\u00e1ximo los recientemente incorporados buses el\u00e9ctricos municipales. Estos veh\u00edculos, pensados desde un inicio para el transporte de personas mayores, ser\u00e1n utilizados para realizar visitas a distintos atractivos tur\u00edsticos de la zona, como Bah\u00eda Acantilada, Laguna Los Coipos, la Reserva Nacional R\u00edo Simpson, entre otros puntos de inter\u00e9s.<\/p>\n<p style=\"text-align: justify;\">Al respecto, la Directora de Desarrollo Comunitario, Karina Montecinos, destac\u00f3 el inicio del programa, \u201cesta semana ya ponemos en marcha este programa social, dirigido especialmente a nuestra poblaci\u00f3n mayor y a las personas con discapacidad, para que puedan visitar distintos hitos tur\u00edsticos de nuestra comuna. La invitaci\u00f3n est\u00e1 extendida: el municipio va a disponer de los buses, de un gu\u00eda tur\u00edstico y tambi\u00e9n de una colaci\u00f3n, para que la \u00fanica preocupaci\u00f3n de los usuarios sea pasarlo bien\u201d.<\/p>\n<p style=\"text-align: justify;\">Las inscripciones se realizan de manera presencial en la Oficina del Adulto Mayor, ubicada en las dependencias de DIDECO (Teniente Merino N\u00b0630), o bien contact\u00e1ndose al n\u00famero +56 9 9716 9082.<\/p>\n<p style=\"text-align: justify;\">El primer viaje del a\u00f1o se llevar\u00e1 a cabo este jueves 15 de enero y, en esta ocasi\u00f3n especial, el destino ser\u00e1 fuera de la comuna: el Museo Regional de Ays\u00e9n, en la ciudad de Coyhaique. Esta experiencia ya se realiz\u00f3 durante el a\u00f1o pasado con un grupo de adultos mayores, quienes valoraron positivamente la visita a este espacio de resguardo y difusi\u00f3n de la historia regional.<\/p>\n<p style=\"text-align: justify;\">Una de las participantes de esa primera experiencia fue Blanca Hern\u00e1ndez, presidenta del Club de Adultos Mayores \u201cRenacer\u201d, quien invit\u00f3 a sus pares a sumarse a esta iniciativa, \u201cnosotros quedamos felices con la visita al museo, porque se nos vienen muchos recuerdos a la mente. Incluso vimos cosas maravillosas que nosotras mismas us\u00e1bamos antiguamente. Es una felicidad enorme ver c\u00f3mo todo eso ha sido bien cuidado y c\u00f3mo ahora nos representa como adultos mayores\u201d.<\/p>\n<p style=\"text-align: justify;\">Asimismo, la presidenta agreg\u00f3, \u201cSon recuerdos maravillosos. Estamos muy contentos y agradecidos del alcalde y su equipo. Esperamos que sigan realizando estas cosas tan lindas, porque el adulto mayor necesita recreaci\u00f3n y es muy bueno que se vayan sumando m\u00e1s actividades\u201d.<\/p>\n<p style=\"text-align: justify;\">Desde el municipio informaron que estos viajes se realizar\u00e1n semanalmente durante el periodo estival, para luego retomarlos hacia fines de a\u00f1o. Los destinos ir\u00e1n variando en cada salida, por lo que la Oficina del Adulto Mayor se comprometi\u00f3 a coordinar directamente con los distintos clubes de adultos mayores de la comuna.<\/p>\n<p style=\"text-align: justify;\">Finalmente, esta iniciativa tambi\u00e9n tiene un impacto positivo en el \u00e1mbito tur\u00edstico local. As\u00ed lo explic\u00f3 Juan Pablo Altamirano, encargado de la Oficina de Turismo, \u201ces muy importante que nuestra propia gente conozca estos destinos, porque as\u00ed, cuando recibimos visitantes, podemos entregar una informaci\u00f3n adecuada basada en el conocimiento local\u201d.<\/p>\n<\/div><\/section><\/div><div  style='height:50px' class='hr hr-invisible   avia-builder-el-6  el_after_av_one_full  el_before_av_social_share '><span class='hr-inner ' ><span class='hr-inner-style'><\/span><\/span><\/div><\/p>\n<div  class='av-social-sharing-box  avia-builder-el-7  el_after_av_hr  el_before_av_hr  '><div class='av-share-box'><h5 class='av-share-link-description av-no-toc '>Compartir esta noticia<\/h5><ul class='av-share-box-list noLightbox'><li class='av-share-link av-social-link-facebook' ><a target=\"_blank\" aria-label=\"Compartir en Facebook\" href='https:\/\/www.facebook.com\/sharer.php?u=https:\/\/radiorevelacionfm.cl\/?p=63206&#038;t=Municipalidad%20de%20Ays%C3%A9n%20realizar%C3%A1%20viajes%20tur%C3%ADsticos%20para%20personas%20con%20discapacidad%20y%20adultos%20mayores' aria-hidden='false' data-av_icon='\ue8f3' data-av_iconfont='entypo-fontello' title='' data-avia-related-tooltip='Compartir en Facebook' rel=\"noopener\"><span class='avia_hidden_link_text'>Compartir en Facebook<\/span><\/a><\/li><li class='av-share-link av-social-link-twitter' ><a target=\"_blank\" aria-label=\"Compartir en Twitter\" href='https:\/\/twitter.com\/share?text=Municipalidad%20de%20Ays%C3%A9n%20realizar%C3%A1%20viajes%20tur%C3%ADsticos%20para%20personas%20con%20discapacidad%20y%20adultos%20mayores&#038;url=https:\/\/radiorevelacionfm.cl\/?p=63206' aria-hidden='false' data-av_icon='\ue8f1' data-av_iconfont='entypo-fontello' title='' data-avia-related-tooltip='Compartir en Twitter' rel=\"noopener\"><span class='avia_hidden_link_text'>Compartir en Twitter<\/span><\/a><\/li><li class='av-share-link av-social-link-whatsapp' ><a target=\"_blank\" aria-label=\"Compartir en Whatsapp\" href='https:\/\/api.whatsapp.com\/send?text=https:\/\/radiorevelacionfm.cl\/?p=63206' aria-hidden='false' data-av_icon='\uf232' data-av_iconfont='entypo-fontello' title='' data-avia-related-tooltip='Compartir en Whatsapp' rel=\"noopener\"><span class='avia_hidden_link_text'>Compartir en Whatsapp<\/span><\/a><\/li><li class='av-share-link av-social-link-linkedin' ><a target=\"_blank\" aria-label=\"Compartir en LinkedIn\" href='https:\/\/linkedin.com\/shareArticle?mini=true&#038;title=Municipalidad%20de%20Ays%C3%A9n%20realizar%C3%A1%20viajes%20tur%C3%ADsticos%20para%20personas%20con%20discapacidad%20y%20adultos%20mayores&#038;url=https:\/\/radiorevelacionfm.cl\/?p=63206' aria-hidden='false' data-av_icon='\ue8fc' data-av_iconfont='entypo-fontello' title='' data-avia-related-tooltip='Compartir en LinkedIn' rel=\"noopener\"><span class='avia_hidden_link_text'>Compartir en LinkedIn<\/span><\/a><\/li><li class='av-share-link av-social-link-mail' ><a  aria-label=\"Compartir por correo\" href='mailto:?subject=Municipalidad%20de%20Ays%C3%A9n%20realizar%C3%A1%20viajes%20tur%C3%ADsticos%20para%20personas%20con%20discapacidad%20y%20adultos%20mayores&#038;body=https:\/\/radiorevelacionfm.cl\/?p=63206' aria-hidden='false' data-av_icon='\ue805' data-av_iconfont='entypo-fontello' title='' data-avia-related-tooltip='Compartir por correo'><span class='avia_hidden_link_text'>Compartir por correo<\/span><\/a><\/li><\/ul><\/div><\/div>\n<div  style='height:50px' class='hr hr-invisible   avia-builder-el-8  el_after_av_social_share  el_before_av_comments_list '><span class='hr-inner ' ><span class='hr-inner-style'><\/span><\/span><\/div>\n<div  class='av-buildercomment  av-blog-meta-html-info-disabled av-blog-meta-tag-disabled  '><\/div>\n","protected":false},"excerpt":{"rendered":"","protected":false},"author":1,"featured_media":63207,"comment_status":"closed","ping_status":"closed","sticky":false,"template":"","format":"standard","meta":{"footnotes":""},"categories":[38],"tags":[],"class_list":["post-63206","post","type-post","status-publish","format-standard","has-post-thumbnail","hentry","category-regional"],"jetpack_featured_media_url":"https:\/\/radiorevelacionfm.cl\/wp-content\/uploads\/2026\/01\/vid_20260109_103737_optimized.mp4_snapshot_00.02.658-1-1.jpg","_links":{"self":[{"href":"https:\/\/radiorevelacionfm.cl\/index.php?rest_route=\/wp\/v2\/posts\/63206","targetHints":{"allow":["GET"]}}],"collection":[{"href":"https:\/\/radiorevelacionfm.cl\/index.php?rest_route=\/wp\/v2\/posts"}],"about":[{"href":"https:\/\/radiorevelacionfm.cl\/index.php?rest_route=\/wp\/v2\/types\/post"}],"author":[{"embeddable":true,"href":"https:\/\/radiorevelacionfm.cl\/index.php?rest_route=\/wp\/v2\/users\/1"}],"replies":[{"embeddable":true,"href":"https:\/\/radiorevelacionfm.cl\/index.php?rest_route=%2Fwp%2Fv2%2Fcomments&post=63206"}],"version-history":[{"count":2,"href":"https:\/\/radiorevelacionfm.cl\/index.php?rest_route=\/wp\/v2\/posts\/63206\/revisions"}],"predecessor-version":[{"id":63209,"href":"https:\/\/radiorevelacionfm.cl\/index.php?rest_route=\/wp\/v2\/posts\/63206\/revisions\/63209"}],"wp:featuredmedia":[{"embeddable":true,"href":"https:\/\/radiorevelacionfm.cl\/index.php?rest_route=\/wp\/v2\/media\/63207"}],"wp:attachment":[{"href":"https:\/\/radiorevelacionfm.cl\/index.php?rest_route=%2Fwp%2Fv2%2Fmedia&parent=63206"}],"wp:term":[{"taxonomy":"category","embeddable":true,"href":"https:\/\/radiorevelacionfm.cl\/index.php?rest_route=%2Fwp%2Fv2%2Fcategories&post=63206"},{"taxonomy":"post_tag","embeddable":true,"href":"https:\/\/radiorevelacionfm.cl\/index.php?rest_route=%2Fwp%2Fv2%2Ftags&post=63206"}],"curies":[{"name":"wp","href":"https:\/\/api.w.org\/{rel}","templated":true}]}}