{"id":63203,"date":"2026-01-12T21:26:19","date_gmt":"2026-01-13T00:26:19","guid":{"rendered":"https:\/\/radiorevelacionfm.cl\/?p=63203"},"modified":"2026-01-12T21:26:19","modified_gmt":"2026-01-13T00:26:19","slug":"servicio-de-salud-aysen-lidera-a-nivel-nacional-en-reduccion-de-tiempos-de-espera-quirurgica","status":"publish","type":"post","link":"https:\/\/radiorevelacionfm.cl\/?p=63203","title":{"rendered":"Servicio de Salud Ays\u00e9n lidera a nivel nacional en reducci\u00f3n de tiempos de espera quir\u00fargica"},"content":{"rendered":"<div class=\"flex_column av_one_full  flex_column_div av-zero-column-padding first  avia-builder-el-0  el_before_av_one_full  avia-builder-el-first  \" style='border-radius:0px; '><div  class='avia-image-container  av-styling-    avia-builder-el-1  avia-builder-el-no-sibling  avia-align-center '  itemprop=\"image\" itemscope=\"itemscope\" itemtype=\"https:\/\/schema.org\/ImageObject\"  ><div class='avia-image-container-inner'><div class='avia-image-overlay-wrap'><img decoding=\"async\" class='wp-image-63204 avia-img-lazy-loading-not-63204 avia_image' src=\"https:\/\/radiorevelacionfm.cl\/wp-content\/uploads\/2026\/01\/1-13-1-3_optimized-1.jpg\" alt='' title='1-(13)-(1)-(3)_optimized (1)' height=\"600\" width=\"1067\"  itemprop=\"thumbnailUrl\" srcset=\"https:\/\/radiorevelacionfm.cl\/wp-content\/uploads\/2026\/01\/1-13-1-3_optimized-1.jpg 1067w, https:\/\/radiorevelacionfm.cl\/wp-content\/uploads\/2026\/01\/1-13-1-3_optimized-1-300x169.jpg 300w, https:\/\/radiorevelacionfm.cl\/wp-content\/uploads\/2026\/01\/1-13-1-3_optimized-1-1030x579.jpg 1030w, https:\/\/radiorevelacionfm.cl\/wp-content\/uploads\/2026\/01\/1-13-1-3_optimized-1-768x432.jpg 768w, https:\/\/radiorevelacionfm.cl\/wp-content\/uploads\/2026\/01\/1-13-1-3_optimized-1-705x396.jpg 705w, https:\/\/radiorevelacionfm.cl\/wp-content\/uploads\/2026\/01\/1-13-1-3_optimized-1-450x253.jpg 450w, https:\/\/radiorevelacionfm.cl\/wp-content\/uploads\/2026\/01\/1-13-1-3_optimized-1-600x337.jpg 600w\" sizes=\"(max-width: 1067px) 100vw, 1067px\" \/><\/div><\/div><\/div><\/div><div class=\"flex_column av_one_full  flex_column_div av-zero-column-padding first  avia-builder-el-2  el_after_av_one_full  el_before_av_one_full  column-top-margin\" style='border-radius:0px; '><section class=\"av_textblock_section \"  itemscope=\"itemscope\" itemtype=\"https:\/\/schema.org\/BlogPosting\" itemprop=\"blogPost\" ><div class='avia_textblock  '   itemprop=\"text\" ><p style=\"text-align: center;\"><strong><span style=\"font-size: 18pt;\">Servicio de Salud Ays\u00e9n lidera a nivel nacional en reducci\u00f3n de tiempos de espera quir\u00fargica<\/span><\/strong><\/p>\n<div id=\"gtx-trans\" style=\"position: absolute; left: -50px; top: 4.31534px;\">\n<div class=\"gtx-trans-icon\"><\/div>\n<\/div>\n<\/div><\/section><\/div><div class=\"flex_column av_one_full  flex_column_div av-zero-column-padding first  avia-builder-el-4  el_after_av_one_full  el_before_av_hr  column-top-margin\" style='border-radius:0px; '><section class=\"av_textblock_section \"  itemscope=\"itemscope\" itemtype=\"https:\/\/schema.org\/BlogPosting\" itemprop=\"blogPost\" ><div class='avia_textblock  '   itemprop=\"text\" ><p style=\"font-weight: 400; text-align: justify;\"><em>Esto beneficia directamente a las y los usuarios de la regi\u00f3n, reduciendo brechas en cirug\u00edas mayores y consultas de especialidad gracias a un trabajo coordinado en red.<\/em><\/p>\n<p style=\"font-weight: 400; text-align: justify;\">El Servicio de Salud Ays\u00e9n se posicion\u00f3 en el primer lugar a nivel nacional acortando brechas en tiempos de espera quir\u00fargica, y en el segundo lugar para una consulta de especialidad m\u00e9dica, marcando un hito en la gesti\u00f3n de la red asistencial y reflejando el trabajo sostenido de los equipos de salud en todo el territorio.<\/p>\n<p style=\"font-weight: 400; text-align: justify;\">El director del Servicio de Salud Ays\u00e9n, Juan Pablo Bravo Quintana, destac\u00f3 que este resultado es fruto de un esfuerzo conjunto y de una estrategia de trabajo en red. \u201cSomos uno de los pocos servicios de salud del pa\u00eds que logr\u00f3 disminuir los 200 d\u00edas de espera en intervenciones quir\u00fargicas mayores y en consultas de especialidad m\u00e9dica. Esto nos llena de orgullo y refleja el trabajo que est\u00e1n haciendo cada uno de nuestros funcionarios, el equipo directivo y el trabajo coordinado entre nuestros establecimientos\u201d, se\u00f1al\u00f3.<\/p>\n<p style=\"font-weight: 400; text-align: justify;\">Bravo Quintana agreg\u00f3 que, estos avances han sido posible gracias a la incorporaci\u00f3n de recursos extraordinarios, el apoyo del Gobierno Regional, los planes de resoluci\u00f3n de listas de espera financiados por el Ministerio de Salud y la optimizaci\u00f3n de los procesos internos, especialmente en el uso de los pabellones quir\u00fargicos, box de atenciones disponibles y telemedicina.<\/p>\n<p style=\"font-weight: 400; text-align: justify;\">\u201cHemos mejorado los procesos y optimizado los focos de atenci\u00f3n, fortaleciendo adem\u00e1s un comit\u00e9 interhospitalario entre el Hospital de Puerto Ays\u00e9n y el Hospital Regional de Coyhaique, lo que permite tomar decisiones conjuntas y aprovechar al m\u00e1ximo la capacidad quir\u00fargica disponible\u201d, explic\u00f3 la autoridad de salud.<\/p>\n<p style=\"font-weight: 400; text-align: justify;\">Por su parte, la Dra. Viviana Sep\u00falveda Celed\u00f3n, encargada del Subdepartamento Gesti\u00f3n de Procesos Cl\u00ednicos, destac\u00f3 el impacto concreto que estos avances tienen para la comunidad.<\/p>\n<p style=\"font-weight: 400; text-align: justify;\">\u201cHoy estamos en primer lugar a nivel nacional en los tiempos de espera quir\u00fargica. Pasamos de tener en diciembre de 2024 un promedio de 263 d\u00edas de espera a 153 d\u00edas en diciembre de 2025. Esto significa que las personas hoy esperan menos tiempo para resolver su problema de salud, tanto en cirug\u00edas de menor como de mayor complejidad\u201d, indic\u00f3.<\/p>\n<p style=\"font-weight: 400; text-align: justify;\">En cuanto a las consultas de especialidad m\u00e9dica, Sep\u00falveda detall\u00f3 que la regi\u00f3n se ubica en el segundo lugar a nivel nacional, reduciendo el promedio de espera de 159 a 128 d\u00edas. \u201cEsto impacta directamente en especialidades como traumatolog\u00eda, pediatr\u00eda, neurolog\u00eda, entre otras, beneficiando de manera transversal a nuestros usuarios y usuarias\u201d, subray\u00f3.<\/p>\n<p style=\"font-weight: 400; text-align: justify;\">Tambi\u00e9n, Natalie Duffau Alvear, Subdirectora de Gesti\u00f3n Asistencial del Servicio, detall\u00f3 \u201cesta disminuci\u00f3n en los tiempos de espera adem\u00e1s, viene acompa\u00f1ada de un aumento de las personas que acceden a atenci\u00f3n en nuestra red. Los resultados refuerzan el compromiso de seguir mejorando el acceso a la atenci\u00f3n, en menor tiempo y con mayor equidad territorial\u201d.<\/p>\n<p style=\"font-weight: 400; text-align: justify;\">De esta manera, considerando todas las listas de espera quir\u00fargica, m\u00e9dica y odontol\u00f3gica, el promedio regional pas\u00f3 de 197 a 164 d\u00edas en el \u00faltimo a\u00f1o, lo que representa una disminuci\u00f3n global del 17%.<\/p>\n<\/div><\/section><\/div><div  style='height:50px' class='hr hr-invisible   avia-builder-el-6  el_after_av_one_full  el_before_av_social_share '><span class='hr-inner ' ><span class='hr-inner-style'><\/span><\/span><\/div><\/p>\n<div  class='av-social-sharing-box  avia-builder-el-7  el_after_av_hr  el_before_av_hr  '><div class='av-share-box'><h5 class='av-share-link-description av-no-toc '>Compartir esta noticia<\/h5><ul class='av-share-box-list noLightbox'><li class='av-share-link av-social-link-facebook' ><a target=\"_blank\" aria-label=\"Compartir en Facebook\" href='https:\/\/www.facebook.com\/sharer.php?u=https:\/\/radiorevelacionfm.cl\/?p=63203&#038;t=Servicio%20de%20Salud%20Ays%C3%A9n%20lidera%20a%20nivel%20nacional%20en%20reducci%C3%B3n%20de%20tiempos%20de%20espera%20quir%C3%BArgica' aria-hidden='false' data-av_icon='\ue8f3' data-av_iconfont='entypo-fontello' title='' data-avia-related-tooltip='Compartir en Facebook' rel=\"noopener\"><span class='avia_hidden_link_text'>Compartir en Facebook<\/span><\/a><\/li><li class='av-share-link av-social-link-twitter' ><a target=\"_blank\" aria-label=\"Compartir en Twitter\" href='https:\/\/twitter.com\/share?text=Servicio%20de%20Salud%20Ays%C3%A9n%20lidera%20a%20nivel%20nacional%20en%20reducci%C3%B3n%20de%20tiempos%20de%20espera%20quir%C3%BArgica&#038;url=https:\/\/radiorevelacionfm.cl\/?p=63203' aria-hidden='false' data-av_icon='\ue8f1' data-av_iconfont='entypo-fontello' title='' data-avia-related-tooltip='Compartir en Twitter' rel=\"noopener\"><span class='avia_hidden_link_text'>Compartir en Twitter<\/span><\/a><\/li><li class='av-share-link av-social-link-whatsapp' ><a target=\"_blank\" aria-label=\"Compartir en Whatsapp\" href='https:\/\/api.whatsapp.com\/send?text=https:\/\/radiorevelacionfm.cl\/?p=63203' aria-hidden='false' data-av_icon='\uf232' data-av_iconfont='entypo-fontello' title='' data-avia-related-tooltip='Compartir en Whatsapp' rel=\"noopener\"><span class='avia_hidden_link_text'>Compartir en Whatsapp<\/span><\/a><\/li><li class='av-share-link av-social-link-linkedin' ><a target=\"_blank\" aria-label=\"Compartir en LinkedIn\" href='https:\/\/linkedin.com\/shareArticle?mini=true&#038;title=Servicio%20de%20Salud%20Ays%C3%A9n%20lidera%20a%20nivel%20nacional%20en%20reducci%C3%B3n%20de%20tiempos%20de%20espera%20quir%C3%BArgica&#038;url=https:\/\/radiorevelacionfm.cl\/?p=63203' aria-hidden='false' data-av_icon='\ue8fc' data-av_iconfont='entypo-fontello' title='' data-avia-related-tooltip='Compartir en LinkedIn' rel=\"noopener\"><span class='avia_hidden_link_text'>Compartir en LinkedIn<\/span><\/a><\/li><li class='av-share-link av-social-link-mail' ><a  aria-label=\"Compartir por correo\" href='mailto:?subject=Servicio%20de%20Salud%20Ays%C3%A9n%20lidera%20a%20nivel%20nacional%20en%20reducci%C3%B3n%20de%20tiempos%20de%20espera%20quir%C3%BArgica&#038;body=https:\/\/radiorevelacionfm.cl\/?p=63203' aria-hidden='false' data-av_icon='\ue805' data-av_iconfont='entypo-fontello' title='' data-avia-related-tooltip='Compartir por correo'><span class='avia_hidden_link_text'>Compartir por correo<\/span><\/a><\/li><\/ul><\/div><\/div>\n<div  style='height:50px' class='hr hr-invisible   avia-builder-el-8  el_after_av_social_share  el_before_av_comments_list '><span class='hr-inner ' ><span class='hr-inner-style'><\/span><\/span><\/div>\n<div  class='av-buildercomment  av-blog-meta-html-info-disabled av-blog-meta-tag-disabled  '><\/div>\n","protected":false},"excerpt":{"rendered":"","protected":false},"author":1,"featured_media":63204,"comment_status":"closed","ping_status":"closed","sticky":false,"template":"","format":"standard","meta":{"footnotes":""},"categories":[46],"tags":[],"class_list":["post-63203","post","type-post","status-publish","format-standard","has-post-thumbnail","hentry","category-salud"],"jetpack_featured_media_url":"https:\/\/radiorevelacionfm.cl\/wp-content\/uploads\/2026\/01\/1-13-1-3_optimized-1.jpg","_links":{"self":[{"href":"https:\/\/radiorevelacionfm.cl\/index.php?rest_route=\/wp\/v2\/posts\/63203","targetHints":{"allow":["GET"]}}],"collection":[{"href":"https:\/\/radiorevelacionfm.cl\/index.php?rest_route=\/wp\/v2\/posts"}],"about":[{"href":"https:\/\/radiorevelacionfm.cl\/index.php?rest_route=\/wp\/v2\/types\/post"}],"author":[{"embeddable":true,"href":"https:\/\/radiorevelacionfm.cl\/index.php?rest_route=\/wp\/v2\/users\/1"}],"replies":[{"embeddable":true,"href":"https:\/\/radiorevelacionfm.cl\/index.php?rest_route=%2Fwp%2Fv2%2Fcomments&post=63203"}],"version-history":[{"count":2,"href":"https:\/\/radiorevelacionfm.cl\/index.php?rest_route=\/wp\/v2\/posts\/63203\/revisions"}],"predecessor-version":[{"id":63217,"href":"https:\/\/radiorevelacionfm.cl\/index.php?rest_route=\/wp\/v2\/posts\/63203\/revisions\/63217"}],"wp:featuredmedia":[{"embeddable":true,"href":"https:\/\/radiorevelacionfm.cl\/index.php?rest_route=\/wp\/v2\/media\/63204"}],"wp:attachment":[{"href":"https:\/\/radiorevelacionfm.cl\/index.php?rest_route=%2Fwp%2Fv2%2Fmedia&parent=63203"}],"wp:term":[{"taxonomy":"category","embeddable":true,"href":"https:\/\/radiorevelacionfm.cl\/index.php?rest_route=%2Fwp%2Fv2%2Fcategories&post=63203"},{"taxonomy":"post_tag","embeddable":true,"href":"https:\/\/radiorevelacionfm.cl\/index.php?rest_route=%2Fwp%2Fv2%2Ftags&post=63203"}],"curies":[{"name":"wp","href":"https:\/\/api.w.org\/{rel}","templated":true}]}}