{"id":63199,"date":"2026-01-12T20:19:36","date_gmt":"2026-01-12T23:19:36","guid":{"rendered":"https:\/\/radiorevelacionfm.cl\/?p=63199"},"modified":"2026-01-12T20:19:36","modified_gmt":"2026-01-12T23:19:36","slug":"pacientes-son-beneficiados-con-protesis-modulares-de-ultima-generacion","status":"publish","type":"post","link":"https:\/\/radiorevelacionfm.cl\/?p=63199","title":{"rendered":"Pacientes son beneficiados con pr\u00f3tesis modulares de \u00faltima generaci\u00f3n"},"content":{"rendered":"<div class=\"flex_column av_one_full  flex_column_div av-zero-column-padding first  avia-builder-el-0  el_before_av_one_full  avia-builder-el-first  \" style='border-radius:0px; '><div  class='avia-image-container  av-styling-    avia-builder-el-1  avia-builder-el-no-sibling  avia-align-center '  itemprop=\"image\" itemscope=\"itemscope\" itemtype=\"https:\/\/schema.org\/ImageObject\"  ><div class='avia-image-container-inner'><div class='avia-image-overlay-wrap'><img decoding=\"async\" class='wp-image-63200 avia-img-lazy-loading-not-63200 avia_image' src=\"https:\/\/radiorevelacionfm.cl\/wp-content\/uploads\/2026\/01\/prot-4-1_optimized-1.jpg\" alt='' title='prot-4-(1)_optimized (1)' height=\"600\" width=\"840\"  itemprop=\"thumbnailUrl\" srcset=\"https:\/\/radiorevelacionfm.cl\/wp-content\/uploads\/2026\/01\/prot-4-1_optimized-1.jpg 840w, https:\/\/radiorevelacionfm.cl\/wp-content\/uploads\/2026\/01\/prot-4-1_optimized-1-300x214.jpg 300w, https:\/\/radiorevelacionfm.cl\/wp-content\/uploads\/2026\/01\/prot-4-1_optimized-1-768x549.jpg 768w, https:\/\/radiorevelacionfm.cl\/wp-content\/uploads\/2026\/01\/prot-4-1_optimized-1-260x185.jpg 260w, https:\/\/radiorevelacionfm.cl\/wp-content\/uploads\/2026\/01\/prot-4-1_optimized-1-705x504.jpg 705w, https:\/\/radiorevelacionfm.cl\/wp-content\/uploads\/2026\/01\/prot-4-1_optimized-1-450x321.jpg 450w, https:\/\/radiorevelacionfm.cl\/wp-content\/uploads\/2026\/01\/prot-4-1_optimized-1-600x429.jpg 600w\" sizes=\"(max-width: 840px) 100vw, 840px\" \/><\/div><\/div><\/div><\/div><div class=\"flex_column av_one_full  flex_column_div av-zero-column-padding first  avia-builder-el-2  el_after_av_one_full  el_before_av_one_full  column-top-margin\" style='border-radius:0px; '><section class=\"av_textblock_section \"  itemscope=\"itemscope\" itemtype=\"https:\/\/schema.org\/BlogPosting\" itemprop=\"blogPost\" ><div class='avia_textblock  '   itemprop=\"text\" ><p style=\"text-align: center;\"><strong><span style=\"font-size: 18pt;\">Pacientes son beneficiados con pr\u00f3tesis modulares de \u00faltima generaci\u00f3n<\/span><\/strong><\/p>\n<div id=\"gtx-trans\" style=\"position: absolute; left: -50px; top: 4.31534px;\">\n<div class=\"gtx-trans-icon\"><\/div>\n<\/div>\n<\/div><\/section><\/div><div class=\"flex_column av_one_full  flex_column_div av-zero-column-padding first  avia-builder-el-4  el_after_av_one_full  el_before_av_hr  column-top-margin\" style='border-radius:0px; '><section class=\"av_textblock_section \"  itemscope=\"itemscope\" itemtype=\"https:\/\/schema.org\/BlogPosting\" itemprop=\"blogPost\" ><div class='avia_textblock  '   itemprop=\"text\" ><p style=\"text-align: justify;\"><em>Se trata de 9 personas de distintos puntos de la regi\u00f3n, la mayor\u00eda pacientes diab\u00e9ticos, quienes podr\u00e1n mejorar su capacidad f\u00edsica, salud mental y calidad de vida gracias a esta indumentaria financiada a trav\u00e9s del Ministerio de Salud.<\/em><\/p>\n<p style=\"text-align: justify;\">\u201cLlevo 3 a\u00f1os esperando la pr\u00f3tesis. Un grupo de amigos me dio la plata para hac\u00e9rmela en Argentina, en Comodoro, y es esa la que ando trayendo, pero es muy pesada. La que me dieron ahora es m\u00e1s liviana y segura. Estoy bien agradecido, y creo que para todas las personas que nos toc\u00f3, es una ayuda bastante grande\u201d, cuenta don Jos\u00e9 Santos Villegas, quien viaj\u00f3 desde Chile Chico para recibir una pr\u00f3tesis modular tras haber sufrido la amputaci\u00f3n de su pierna producto de una diabetes.<\/p>\n<p style=\"text-align: justify;\">Don Jos\u00e9 fue uno de los 9 pacientes beneficiados con la entrega de pr\u00f3tesis de pierna modular gestionados por el Servicio de Salud Ays\u00e9n junto al \u00e1rea de Discapacidad del Hospital Regional Coyhaique, mediante fondos del Ministerio de Salud.<\/p>\n<p style=\"text-align: justify;\">\u201cA trav\u00e9s de la referente de Discapacidad de nuestro hospital, se canalizan los auxilios extraordinarios, donde las y los usuarios se postulan para los fondos que permitan adquirir las pr\u00f3tesis. En este caso, fueron 9 personas que llevaban un tiempo prolongado de espera para recibir este beneficio, lo que implica una mejora significativa en su calidad de vida, en desenvolverse cotidianamente y en sus trabajos\u201d, explic\u00f3 Iris Fuentealba, jefa del Depto. Integral de Apoyo al Usuario del Hospital Regional Coyhaique.<\/p>\n<p style=\"text-align: justify;\">Otro de los beneficiados con estos auxilios extraordinarios fue don Juan Hueicha, quien tras la amputaci\u00f3n de su extremidad, llevaba 2 a\u00f1os en silla de ruedas. \u201cLlevo 2 a\u00f1os esperando este momento, y hoy estoy muy contento con el establecimiento y el Gobierno de Chile, que nos dio la oportunidad de hacer esta pr\u00f3tesis. Es una tremenda felicidad, porque va a mejorar enormemente mi calidad de vida\u201d, expres\u00f3 con emoci\u00f3n.<\/p>\n<p style=\"text-align: justify;\">Para que esta iniciativa se lleve a cabo con \u00e9xito, tambi\u00e9n fue clave la visita presencial de un profesional de Ortopedia Nacional, laboratorio especializado en la elaboraci\u00f3n de pr\u00f3tesis y \u00f3rtesis, con el fin de asegurar que esta indumentaria se adapte a la perfecci\u00f3n a los requerimientos de las y los pacientes.<\/p>\n<p style=\"text-align: justify;\">\u201cVenir ac\u00e1 es muy gratificante, tanto por el paisaje, el entorno, pero sobre todo por las personas, ya que realmente les cambia la vida. Vuelven a tener vida social, no pasan tanto tiempo encerrados en sus casas y comienzan a retomar las actividades que manten\u00edan antes. Estamos muy contentos de poder ayudarlos en aquello\u201d, indic\u00f3 Juan Ignacio V\u00e1squez, profesional de Ortopedia Nacional.<\/p>\n<p style=\"text-align: justify;\">El ortopedista precis\u00f3 que los niveles de amputaci\u00f3n pueden ser muy bien asistidos por pr\u00f3tesis de \u00faltima generaci\u00f3n, y que, en este caso, las pr\u00f3tesis \u201cson modulares, de alta tecnolog\u00eda, con componentes que protegen el mu\u00f1\u00f3n de la persona, en su mayor\u00eda pacientes diab\u00e9ticos\u201d.<\/p>\n<p style=\"text-align: justify;\">Por su parte, Cael Millar, referente de rehabilitaci\u00f3n del Servicio de Salud Ays\u00e9n, destac\u00f3 que los beneficiarios fueron priorizados de acuerdo al tiempo que llevaban en lista de espera, y que durante 2026 se pretende replicar esta instancia, beneficiando a m\u00e1s usuarios y usuarias.<\/p>\n<p style=\"text-align: justify;\">\u201cEsto impacta directamente en la calidad de vida de las personas, su vida diaria, independencia, mejora su salud mental y una serie de beneficios que pueden no ser tan perceptibles con una ayuda t\u00e9cnica propiamente tal. Adem\u00e1s, demuestra la articulaci\u00f3n de la red del Servicio de Salud Ays\u00e9n, tanto de abastecimiento, finanzas, entre otros, donde hay un trabajo detr\u00e1s de m\u00faltiples profesionales que muchas veces no se visualiza, pero que contribuyen a que estos proyectos puedan llegar a cabo, lo que muestra algo muy lindo de nuestra red: que est\u00e1 muy bien articulada y fortalecida\u201d, sostuvo Cael Millar.<\/p>\n<\/div><\/section><\/div><div  style='height:50px' class='hr hr-invisible   avia-builder-el-6  el_after_av_one_full  el_before_av_social_share '><span class='hr-inner ' ><span class='hr-inner-style'><\/span><\/span><\/div><\/p>\n<div  class='av-social-sharing-box  avia-builder-el-7  el_after_av_hr  el_before_av_hr  '><div class='av-share-box'><h5 class='av-share-link-description av-no-toc '>Compartir esta noticia<\/h5><ul class='av-share-box-list noLightbox'><li class='av-share-link av-social-link-facebook' ><a target=\"_blank\" aria-label=\"Compartir en Facebook\" href='https:\/\/www.facebook.com\/sharer.php?u=https:\/\/radiorevelacionfm.cl\/?p=63199&#038;t=Pacientes%20son%20beneficiados%20con%20pr%C3%B3tesis%20modulares%20de%20%C3%BAltima%20generaci%C3%B3n' aria-hidden='false' data-av_icon='\ue8f3' data-av_iconfont='entypo-fontello' title='' data-avia-related-tooltip='Compartir en Facebook' rel=\"noopener\"><span class='avia_hidden_link_text'>Compartir en Facebook<\/span><\/a><\/li><li class='av-share-link av-social-link-twitter' ><a target=\"_blank\" aria-label=\"Compartir en Twitter\" href='https:\/\/twitter.com\/share?text=Pacientes%20son%20beneficiados%20con%20pr%C3%B3tesis%20modulares%20de%20%C3%BAltima%20generaci%C3%B3n&#038;url=https:\/\/radiorevelacionfm.cl\/?p=63199' aria-hidden='false' data-av_icon='\ue8f1' data-av_iconfont='entypo-fontello' title='' data-avia-related-tooltip='Compartir en Twitter' rel=\"noopener\"><span class='avia_hidden_link_text'>Compartir en Twitter<\/span><\/a><\/li><li class='av-share-link av-social-link-whatsapp' ><a target=\"_blank\" aria-label=\"Compartir en Whatsapp\" href='https:\/\/api.whatsapp.com\/send?text=https:\/\/radiorevelacionfm.cl\/?p=63199' aria-hidden='false' data-av_icon='\uf232' data-av_iconfont='entypo-fontello' title='' data-avia-related-tooltip='Compartir en Whatsapp' rel=\"noopener\"><span class='avia_hidden_link_text'>Compartir en Whatsapp<\/span><\/a><\/li><li class='av-share-link av-social-link-linkedin' ><a target=\"_blank\" aria-label=\"Compartir en LinkedIn\" href='https:\/\/linkedin.com\/shareArticle?mini=true&#038;title=Pacientes%20son%20beneficiados%20con%20pr%C3%B3tesis%20modulares%20de%20%C3%BAltima%20generaci%C3%B3n&#038;url=https:\/\/radiorevelacionfm.cl\/?p=63199' aria-hidden='false' data-av_icon='\ue8fc' data-av_iconfont='entypo-fontello' title='' data-avia-related-tooltip='Compartir en LinkedIn' rel=\"noopener\"><span class='avia_hidden_link_text'>Compartir en LinkedIn<\/span><\/a><\/li><li class='av-share-link av-social-link-mail' ><a  aria-label=\"Compartir por correo\" href='mailto:?subject=Pacientes%20son%20beneficiados%20con%20pr%C3%B3tesis%20modulares%20de%20%C3%BAltima%20generaci%C3%B3n&#038;body=https:\/\/radiorevelacionfm.cl\/?p=63199' aria-hidden='false' data-av_icon='\ue805' data-av_iconfont='entypo-fontello' title='' data-avia-related-tooltip='Compartir por correo'><span class='avia_hidden_link_text'>Compartir por correo<\/span><\/a><\/li><\/ul><\/div><\/div>\n<div  style='height:50px' class='hr hr-invisible   avia-builder-el-8  el_after_av_social_share  el_before_av_comments_list '><span class='hr-inner ' ><span class='hr-inner-style'><\/span><\/span><\/div>\n<div  class='av-buildercomment  av-blog-meta-html-info-disabled av-blog-meta-tag-disabled  '><\/div>\n","protected":false},"excerpt":{"rendered":"","protected":false},"author":1,"featured_media":63200,"comment_status":"closed","ping_status":"closed","sticky":false,"template":"","format":"standard","meta":{"footnotes":""},"categories":[46],"tags":[],"class_list":["post-63199","post","type-post","status-publish","format-standard","has-post-thumbnail","hentry","category-salud"],"jetpack_featured_media_url":"https:\/\/radiorevelacionfm.cl\/wp-content\/uploads\/2026\/01\/prot-4-1_optimized-1.jpg","_links":{"self":[{"href":"https:\/\/radiorevelacionfm.cl\/index.php?rest_route=\/wp\/v2\/posts\/63199","targetHints":{"allow":["GET"]}}],"collection":[{"href":"https:\/\/radiorevelacionfm.cl\/index.php?rest_route=\/wp\/v2\/posts"}],"about":[{"href":"https:\/\/radiorevelacionfm.cl\/index.php?rest_route=\/wp\/v2\/types\/post"}],"author":[{"embeddable":true,"href":"https:\/\/radiorevelacionfm.cl\/index.php?rest_route=\/wp\/v2\/users\/1"}],"replies":[{"embeddable":true,"href":"https:\/\/radiorevelacionfm.cl\/index.php?rest_route=%2Fwp%2Fv2%2Fcomments&post=63199"}],"version-history":[{"count":2,"href":"https:\/\/radiorevelacionfm.cl\/index.php?rest_route=\/wp\/v2\/posts\/63199\/revisions"}],"predecessor-version":[{"id":63202,"href":"https:\/\/radiorevelacionfm.cl\/index.php?rest_route=\/wp\/v2\/posts\/63199\/revisions\/63202"}],"wp:featuredmedia":[{"embeddable":true,"href":"https:\/\/radiorevelacionfm.cl\/index.php?rest_route=\/wp\/v2\/media\/63200"}],"wp:attachment":[{"href":"https:\/\/radiorevelacionfm.cl\/index.php?rest_route=%2Fwp%2Fv2%2Fmedia&parent=63199"}],"wp:term":[{"taxonomy":"category","embeddable":true,"href":"https:\/\/radiorevelacionfm.cl\/index.php?rest_route=%2Fwp%2Fv2%2Fcategories&post=63199"},{"taxonomy":"post_tag","embeddable":true,"href":"https:\/\/radiorevelacionfm.cl\/index.php?rest_route=%2Fwp%2Fv2%2Ftags&post=63199"}],"curies":[{"name":"wp","href":"https:\/\/api.w.org\/{rel}","templated":true}]}}