{"id":63195,"date":"2026-01-12T19:50:34","date_gmt":"2026-01-12T22:50:34","guid":{"rendered":"https:\/\/radiorevelacionfm.cl\/?p=63195"},"modified":"2026-01-12T19:50:34","modified_gmt":"2026-01-12T22:50:34","slug":"diputada-marcia-raphael-desmiente-haber-votado-o-presentado-indicaciones-de-ley-energetica-se-inhabilito-del-proceso","status":"publish","type":"post","link":"https:\/\/radiorevelacionfm.cl\/?p=63195","title":{"rendered":"Diputada Marcia Raphael desmiente haber votado o presentado indicaciones de ley energ\u00e9tica: Se inhabilit\u00f3 del proceso"},"content":{"rendered":"<div class=\"flex_column av_one_full  flex_column_div av-zero-column-padding first  avia-builder-el-0  el_before_av_one_full  avia-builder-el-first  \" style='border-radius:0px; '><div  class='avia-image-container  av-styling-    avia-builder-el-1  avia-builder-el-no-sibling  avia-align-center '  itemprop=\"image\" itemscope=\"itemscope\" itemtype=\"https:\/\/schema.org\/ImageObject\"  ><div class='avia-image-container-inner'><div class='avia-image-overlay-wrap'><img decoding=\"async\" class='wp-image-63196 avia-img-lazy-loading-not-63196 avia_image' src=\"https:\/\/radiorevelacionfm.cl\/wp-content\/uploads\/2026\/01\/DipRaphael-1-1-1.jpeg\" alt='' title='DipRaphael-1-1 (1)' height=\"600\" width=\"899\"  itemprop=\"thumbnailUrl\" srcset=\"https:\/\/radiorevelacionfm.cl\/wp-content\/uploads\/2026\/01\/DipRaphael-1-1-1.jpeg 899w, https:\/\/radiorevelacionfm.cl\/wp-content\/uploads\/2026\/01\/DipRaphael-1-1-1-300x200.jpeg 300w, https:\/\/radiorevelacionfm.cl\/wp-content\/uploads\/2026\/01\/DipRaphael-1-1-1-768x513.jpeg 768w, https:\/\/radiorevelacionfm.cl\/wp-content\/uploads\/2026\/01\/DipRaphael-1-1-1-705x471.jpeg 705w, https:\/\/radiorevelacionfm.cl\/wp-content\/uploads\/2026\/01\/DipRaphael-1-1-1-450x300.jpeg 450w, https:\/\/radiorevelacionfm.cl\/wp-content\/uploads\/2026\/01\/DipRaphael-1-1-1-600x400.jpeg 600w\" sizes=\"(max-width: 899px) 100vw, 899px\" \/><\/div><\/div><\/div><\/div><div class=\"flex_column av_one_full  flex_column_div av-zero-column-padding first  avia-builder-el-2  el_after_av_one_full  el_before_av_one_full  column-top-margin\" style='border-radius:0px; '><section class=\"av_textblock_section \"  itemscope=\"itemscope\" itemtype=\"https:\/\/schema.org\/BlogPosting\" itemprop=\"blogPost\" ><div class='avia_textblock  '   itemprop=\"text\" ><p style=\"text-align: center;\"><strong><span style=\"font-size: 18pt;\">Diputada Marcia Raphael desmiente haber votado o presentado indicaciones de ley energ\u00e9tica: Se inhabilit\u00f3 del proceso<\/span><\/strong><\/p>\n<div id=\"gtx-trans\" style=\"position: absolute; left: -50px; top: 4.31534px;\">\n<div class=\"gtx-trans-icon\"><\/div>\n<\/div>\n<\/div><\/section><\/div><div class=\"flex_column av_one_full  flex_column_div av-zero-column-padding first  avia-builder-el-4  el_after_av_one_full  el_before_av_hr  column-top-margin\" style='border-radius:0px; '><section class=\"av_textblock_section \"  itemscope=\"itemscope\" itemtype=\"https:\/\/schema.org\/BlogPosting\" itemprop=\"blogPost\" ><div class='avia_textblock  '   itemprop=\"text\" ><p style=\"font-weight: 400; text-align: justify;\">La parlamentaria se inhabilit\u00f3 formalmente antes del inicio de la discusi\u00f3n legislativa por eventual conflicto de inter\u00e9s, figurando efectivamente como\u00a0inhabilitada en todas las votaciones\u00a0en Sala, no presentando tampoco indicaciones en la Comisi\u00f3n de Zonas Extremas,\u00a0seg\u00fan registros oficiales de la C\u00e1mara de Diputados.<\/p>\n<p style=\"font-weight: 400; text-align: justify;\">La diputada por la Regi\u00f3n de Ays\u00e9n,\u00a0Marcia Raphael Mora, ejerci\u00f3\u00a0su\u00a0derecho a r\u00e9plica\u00a0frente a la nota publicada por\u00a0<em>Radio Revelaci\u00f3n FM <\/em>titulada\u00a0<em>\u201cDiputada Marcia Raphael legisl\u00f3 ley energ\u00e9tica mientras su familia hac\u00eda lobby por proyecto e\u00f3lico millonario en Ays\u00e9n\u201d<\/em>, por contener afirmaciones que no se condicen con los antecedentes oficiales ni con su actuaci\u00f3n parlamentaria, ratificando que se inhabilit\u00f3 en las instancias en las que se discuti\u00f3 el proyecto, y lamentando por ende, que no fuera contactada a fin de contrastar fuentes ante dicha publicaci\u00f3n de prensa, afect\u00e1ndose\u00a0su honra y la fe p\u00fablica.<\/p>\n<p style=\"font-weight: 400; text-align: justify;\">Es importante se\u00f1alar que previo al inicio de la discusi\u00f3n del proyecto de ley que perfecciona los sistemas medianos en la Ley General de Servicios El\u00e9ctricos, la diputada\u00a0ingres\u00f3 formalmente un oficio de inhabilitaci\u00f3n\u00a0a la C\u00e1mara de Diputados, anticip\u00e1ndose a cualquier eventual conflicto de inter\u00e9s, debido a que su c\u00f3nyuge es parte del proyecto\u00a0Kosten Aike, iniciativa de energ\u00eda e\u00f3lica que\u00a0lleva m\u00e1s de 17 a\u00f1os\u00a0en distintas etapas t\u00e9cnicas, econ\u00f3micas y de permisos ambientales, muy anteriores a la tramitaci\u00f3n de la norma en cuesti\u00f3n.<\/p>\n<p style=\"font-weight: 400; text-align: justify;\">Durante el proceso legislativo, y seg\u00fan consta en el\u00a0sitio web oficial de la C\u00e1mara de Diputados, el proyecto tuvo\u00a0una votaci\u00f3n general y cinco votaciones en particular. En\u00a0todas ellas, la diputada,\u00a0Marcia Raphael,\u00a0figura\u00a0como la \u00fanica parlamentaria inhabilitada, en estricto cumplimiento del\u00a0art\u00edculo 5\u00b0B de la Ley Org\u00e1nica Constitucional del Congreso Nacional.<\/p>\n<p style=\"font-weight: 400; text-align: justify;\">Asimismo, y precisamente por encontrarse inhabilitada, la parlamentaria no present\u00f3 indicaciones\u00a0al\u00a0proyecto\u00a0cuando este fue revisado en la\u00a0Comisi\u00f3n de Zonas Extremas, instancia en la que tambi\u00e9n se inhabilit\u00f3 en julio de 2024 ante la revisi\u00f3n de esta normativa. En consecuencia,\u00a0no existen registros\u00a0de indicaciones\u00a0que respalden las afirmaciones contenidas en el art\u00edculo publicado por Radio Revelaci\u00f3n FM<em>.<\/em><\/p>\n<p style=\"font-weight: 400; text-align: justify;\">En esa l\u00ednea, la diputada Raphael, enfatiz\u00f3 que\u00a0\u201che\u00a0actuado de manera\u00a0preventiva, transparente y conforme a la ley\u00a0en la discusi\u00f3n de este proyecto,\u00a0por ende,\u00a0las\u00a0afirmaciones\u00a0que utilizaron en la nota de prensa, indicando\u00a0que \u201clegisl\u00e9\u201d en beneficio de intereses particulares\u00a0carecen\u00a0totalmente de sustento, por lo que lamento la afectaci\u00f3n a la honra y la fe p\u00fablica,\u00a0puesto que durante toda mi vida p\u00fablica he velado por ejercer mi labor con probidad y cuidando la confianza que nos ha entregado la gente de nuestra regi\u00f3n\u201d.<\/p>\n<p style=\"font-weight: 400; text-align: justify;\">\u201cEl proyecto de ley que regula la normativa de los sistemas medianos es una iniciativa presentada por el gobierno y traer\u00e1 como consecuencia una apertura en la competencia, disminuci\u00f3n de la tarifa que hoy pagamos, da certezas a la inversi\u00f3n para incorporar energ\u00edas renovables no convencionales y permitir\u00e1 una transformaci\u00f3n de la matriz energ\u00e9tica para avanzar en la descontaminaci\u00f3n de las ciudades que est\u00e1 afectando gravemente la salud de los Ayseninos, es decir, el impacto que generar\u00eda ser\u00edan beneficios de bien com\u00fan. Por lo que\u00a0los parlamentarios de la zona tambi\u00e9n han manifestado su respaldo a la iniciativa, y en lo particular, he tomado todas las prevenciones para que no se me acuse de un eventual conflicto\u201d, agreg\u00f3 Marcia Raphael.<\/p>\n<p style=\"font-weight: 400; text-align: justify;\">Finalmente, la diputada, inst\u00f3 a revisar las fuentes de informaci\u00f3n del Congreso Nacional ya que son de p\u00fablico conocimiento y la ciudadan\u00eda tambi\u00e9n puede acceder a ella. Evit\u00e1ndose as\u00ed la emisi\u00f3n de informaci\u00f3n\u00a0incompleta y err\u00f3nea, sin contraste con fuentes oficiales disponibles, lo que contribuye a la desinformaci\u00f3n de las personas.<\/p>\n<p style=\"font-weight: 400; text-align: justify;\">A su vez, la diputada, Marcia Raphael, reiter\u00f3 su compromiso\u00a0con el\u00a0desarrollo energ\u00e9tico sustentable\u00a0de\u00a0la regi\u00f3n y la demanda de la rebaja de las tarifas el\u00e9ctricas que contin\u00faan afectando el bolsillo de los Ayseninos.<\/p>\n<\/div><\/section><\/div><div  style='height:50px' class='hr hr-invisible   avia-builder-el-6  el_after_av_one_full  el_before_av_social_share '><span class='hr-inner ' ><span class='hr-inner-style'><\/span><\/span><\/div><\/p>\n<div  class='av-social-sharing-box  avia-builder-el-7  el_after_av_hr  el_before_av_hr  '><div class='av-share-box'><h5 class='av-share-link-description av-no-toc '>Compartir esta noticia<\/h5><ul class='av-share-box-list noLightbox'><li class='av-share-link av-social-link-facebook' ><a target=\"_blank\" aria-label=\"Compartir en Facebook\" href='https:\/\/www.facebook.com\/sharer.php?u=https:\/\/radiorevelacionfm.cl\/?p=63195&#038;t=Diputada%20Marcia%20Raphael%20desmiente%20haber%20votado%20o%20presentado%20indicaciones%20de%20ley%20energ%C3%A9tica%3A%20Se%20inhabilit%C3%B3%20del%20proceso' aria-hidden='false' data-av_icon='\ue8f3' data-av_iconfont='entypo-fontello' title='' data-avia-related-tooltip='Compartir en Facebook' rel=\"noopener\"><span class='avia_hidden_link_text'>Compartir en Facebook<\/span><\/a><\/li><li class='av-share-link av-social-link-twitter' ><a target=\"_blank\" aria-label=\"Compartir en Twitter\" href='https:\/\/twitter.com\/share?text=Diputada%20Marcia%20Raphael%20desmiente%20haber%20votado%20o%20presentado%20indicaciones%20de%20ley%20energ%C3%A9tica%3A%20Se%20inhabilit%C3%B3%20del%20proceso&#038;url=https:\/\/radiorevelacionfm.cl\/?p=63195' aria-hidden='false' data-av_icon='\ue8f1' data-av_iconfont='entypo-fontello' title='' data-avia-related-tooltip='Compartir en Twitter' rel=\"noopener\"><span class='avia_hidden_link_text'>Compartir en Twitter<\/span><\/a><\/li><li class='av-share-link av-social-link-whatsapp' ><a target=\"_blank\" aria-label=\"Compartir en Whatsapp\" href='https:\/\/api.whatsapp.com\/send?text=https:\/\/radiorevelacionfm.cl\/?p=63195' aria-hidden='false' data-av_icon='\uf232' data-av_iconfont='entypo-fontello' title='' data-avia-related-tooltip='Compartir en Whatsapp' rel=\"noopener\"><span class='avia_hidden_link_text'>Compartir en Whatsapp<\/span><\/a><\/li><li class='av-share-link av-social-link-linkedin' ><a target=\"_blank\" aria-label=\"Compartir en LinkedIn\" href='https:\/\/linkedin.com\/shareArticle?mini=true&#038;title=Diputada%20Marcia%20Raphael%20desmiente%20haber%20votado%20o%20presentado%20indicaciones%20de%20ley%20energ%C3%A9tica%3A%20Se%20inhabilit%C3%B3%20del%20proceso&#038;url=https:\/\/radiorevelacionfm.cl\/?p=63195' aria-hidden='false' data-av_icon='\ue8fc' data-av_iconfont='entypo-fontello' title='' data-avia-related-tooltip='Compartir en LinkedIn' rel=\"noopener\"><span class='avia_hidden_link_text'>Compartir en LinkedIn<\/span><\/a><\/li><li class='av-share-link av-social-link-mail' ><a  aria-label=\"Compartir por correo\" href='mailto:?subject=Diputada%20Marcia%20Raphael%20desmiente%20haber%20votado%20o%20presentado%20indicaciones%20de%20ley%20energ%C3%A9tica%3A%20Se%20inhabilit%C3%B3%20del%20proceso&#038;body=https:\/\/radiorevelacionfm.cl\/?p=63195' aria-hidden='false' data-av_icon='\ue805' data-av_iconfont='entypo-fontello' title='' data-avia-related-tooltip='Compartir por correo'><span class='avia_hidden_link_text'>Compartir por correo<\/span><\/a><\/li><\/ul><\/div><\/div>\n<div  style='height:50px' class='hr hr-invisible   avia-builder-el-8  el_after_av_social_share  el_before_av_comments_list '><span class='hr-inner ' ><span class='hr-inner-style'><\/span><\/span><\/div>\n<div  class='av-buildercomment  av-blog-meta-html-info-disabled av-blog-meta-tag-disabled  '><\/div>\n","protected":false},"excerpt":{"rendered":"","protected":false},"author":1,"featured_media":63196,"comment_status":"closed","ping_status":"closed","sticky":false,"template":"","format":"standard","meta":{"footnotes":""},"categories":[35],"tags":[],"class_list":["post-63195","post","type-post","status-publish","format-standard","has-post-thumbnail","hentry","category-politica"],"jetpack_featured_media_url":"https:\/\/radiorevelacionfm.cl\/wp-content\/uploads\/2026\/01\/DipRaphael-1-1-1.jpeg","_links":{"self":[{"href":"https:\/\/radiorevelacionfm.cl\/index.php?rest_route=\/wp\/v2\/posts\/63195","targetHints":{"allow":["GET"]}}],"collection":[{"href":"https:\/\/radiorevelacionfm.cl\/index.php?rest_route=\/wp\/v2\/posts"}],"about":[{"href":"https:\/\/radiorevelacionfm.cl\/index.php?rest_route=\/wp\/v2\/types\/post"}],"author":[{"embeddable":true,"href":"https:\/\/radiorevelacionfm.cl\/index.php?rest_route=\/wp\/v2\/users\/1"}],"replies":[{"embeddable":true,"href":"https:\/\/radiorevelacionfm.cl\/index.php?rest_route=%2Fwp%2Fv2%2Fcomments&post=63195"}],"version-history":[{"count":2,"href":"https:\/\/radiorevelacionfm.cl\/index.php?rest_route=\/wp\/v2\/posts\/63195\/revisions"}],"predecessor-version":[{"id":63198,"href":"https:\/\/radiorevelacionfm.cl\/index.php?rest_route=\/wp\/v2\/posts\/63195\/revisions\/63198"}],"wp:featuredmedia":[{"embeddable":true,"href":"https:\/\/radiorevelacionfm.cl\/index.php?rest_route=\/wp\/v2\/media\/63196"}],"wp:attachment":[{"href":"https:\/\/radiorevelacionfm.cl\/index.php?rest_route=%2Fwp%2Fv2%2Fmedia&parent=63195"}],"wp:term":[{"taxonomy":"category","embeddable":true,"href":"https:\/\/radiorevelacionfm.cl\/index.php?rest_route=%2Fwp%2Fv2%2Fcategories&post=63195"},{"taxonomy":"post_tag","embeddable":true,"href":"https:\/\/radiorevelacionfm.cl\/index.php?rest_route=%2Fwp%2Fv2%2Ftags&post=63195"}],"curies":[{"name":"wp","href":"https:\/\/api.w.org\/{rel}","templated":true}]}}