{"id":63191,"date":"2026-01-12T19:37:43","date_gmt":"2026-01-12T22:37:43","guid":{"rendered":"https:\/\/radiorevelacionfm.cl\/?p=63191"},"modified":"2026-01-12T19:37:43","modified_gmt":"2026-01-12T22:37:43","slug":"inauguran-punto-de-hidratacion-en-plaza-de-coyhaique","status":"publish","type":"post","link":"https:\/\/radiorevelacionfm.cl\/?p=63191","title":{"rendered":"Inauguran punto de hidrataci\u00f3n en plaza de Coyhaique"},"content":{"rendered":"<div class=\"flex_column av_one_full  flex_column_div av-zero-column-padding first  avia-builder-el-0  el_before_av_one_full  avia-builder-el-first  \" style='border-radius:0px; '><div  class='avia-image-container  av-styling-    avia-builder-el-1  avia-builder-el-no-sibling  avia-align-center '  itemprop=\"image\" itemscope=\"itemscope\" itemtype=\"https:\/\/schema.org\/ImageObject\"  ><div class='avia-image-container-inner'><div class='avia-image-overlay-wrap'><img decoding=\"async\" class='wp-image-63192 avia-img-lazy-loading-not-63192 avia_image' src=\"https:\/\/radiorevelacionfm.cl\/wp-content\/uploads\/2026\/01\/punto-de-hidratacion-1_optimized.jpeg\" alt='' title='punto-de-hidrataci\u00f3n-(1)_optimized' height=\"600\" width=\"1067\"  itemprop=\"thumbnailUrl\" srcset=\"https:\/\/radiorevelacionfm.cl\/wp-content\/uploads\/2026\/01\/punto-de-hidratacion-1_optimized.jpeg 1067w, https:\/\/radiorevelacionfm.cl\/wp-content\/uploads\/2026\/01\/punto-de-hidratacion-1_optimized-300x169.jpeg 300w, https:\/\/radiorevelacionfm.cl\/wp-content\/uploads\/2026\/01\/punto-de-hidratacion-1_optimized-1030x579.jpeg 1030w, https:\/\/radiorevelacionfm.cl\/wp-content\/uploads\/2026\/01\/punto-de-hidratacion-1_optimized-768x432.jpeg 768w, https:\/\/radiorevelacionfm.cl\/wp-content\/uploads\/2026\/01\/punto-de-hidratacion-1_optimized-705x396.jpeg 705w, https:\/\/radiorevelacionfm.cl\/wp-content\/uploads\/2026\/01\/punto-de-hidratacion-1_optimized-450x253.jpeg 450w, https:\/\/radiorevelacionfm.cl\/wp-content\/uploads\/2026\/01\/punto-de-hidratacion-1_optimized-600x337.jpeg 600w\" sizes=\"(max-width: 1067px) 100vw, 1067px\" \/><\/div><\/div><\/div><\/div><div class=\"flex_column av_one_full  flex_column_div av-zero-column-padding first  avia-builder-el-2  el_after_av_one_full  el_before_av_one_full  column-top-margin\" style='border-radius:0px; '><section class=\"av_textblock_section \"  itemscope=\"itemscope\" itemtype=\"https:\/\/schema.org\/BlogPosting\" itemprop=\"blogPost\" ><div class='avia_textblock  '   itemprop=\"text\" ><p style=\"text-align: center;\"><strong><span style=\"font-size: 18pt;\">Inauguran punto de hidrataci\u00f3n en plaza de Coyhaique <\/span><\/strong><\/p>\n<div id=\"gtx-trans\" style=\"position: absolute; left: -50px; top: 4.31534px;\">\n<div class=\"gtx-trans-icon\"><\/div>\n<\/div>\n<\/div><\/section><\/div><div class=\"flex_column av_one_full  flex_column_div av-zero-column-padding first  avia-builder-el-4  el_after_av_one_full  el_before_av_hr  column-top-margin\" style='border-radius:0px; '><section class=\"av_textblock_section \"  itemscope=\"itemscope\" itemtype=\"https:\/\/schema.org\/BlogPosting\" itemprop=\"blogPost\" ><div class='avia_textblock  '   itemprop=\"text\" ><p style=\"text-align: justify;\"><em>Esta iniciativa permitir\u00e1 a transe\u00fantes el consumo de agua potable durante esta temporada estival, contribuyendo a la creaci\u00f3n de entornos m\u00e1s saludables, como la opci\u00f3n preferida frente a las bebidas azucaradas. <\/em><\/p>\n<p style=\"text-align: justify;\">Con la llegada de la \u00e9poca estival y las altas temperaturas, recientemente se logr\u00f3 el mejoramiento de un bebedero p\u00fablico de agua potable en la Plaza de Armas de la ciudad de Coyhaique, iniciativa que fue financiada con fondos del plan regional de promoci\u00f3n de la salud y en el marco de la estrategia nacional para detener la aceleraci\u00f3n del sobrepeso y obesidad de los ni\u00f1os, ni\u00f1as y adolescentes, con el objetivo de construir entornos m\u00e1s saludables y aumentar el consumo de agua en la poblaci\u00f3n.<\/p>\n<p style=\"text-align: justify;\">En este sentido, la Seremi de Salud, Gloria \u00c1guila Schemeisser, destac\u00f3 la puesta en funcionamiento de este bebedero, con lo cual se busca adem\u00e1s impulsar el consumo de agua por sobre bebidas azucaradas. \u201cEstamos ac\u00e1 inaugurando este punto de hidrataci\u00f3n en conjunto con la Municipalidad de Coyhaique. Creemos que es muy importante este punto de hidrataci\u00f3n, especialmente ante las altas temperaturas. Y es lo m\u00e1s importante en estos momentos hidratarse bien con esta agua pura e idealmente no tomar agua azucarada como estamos com\u00fanmente acostumbrados. As\u00ed es que los insto a tomar agua pura para mejor salud, para cuidarnos. Todo nuestro organismo funciona con el agua y es lo m\u00e1s importante para iniciar un cuidado de nuestra salud\u201d.<\/p>\n<p style=\"text-align: justify;\">Por su parte, el director de la Corporaci\u00f3n de Deporte de la Municipalidad de Coyhaique, Claudio Mu\u00f1oz, valor\u00f3 esta iniciativa coordinada entre ambos servicios p\u00fablicos e hizo un llamado a la ciudadan\u00eda a cuidar esta infraestructura. \u201cImportante se\u00f1alar que cuando hay un trabajo intersectorial, como se hace a trav\u00e9s de la Seremi de Salud, junto al municipio, estos son los resultados. Sabemos lo importante que es hoy en d\u00eda tener distintos puntos de hidrataci\u00f3n en nuestra comuna, y qu\u00e9 mejor que tambi\u00e9n tenerlo en nuestra Plaza de Armas, donde nuestra comunidad tambi\u00e9n va a poder disfrutar de esto, as\u00ed que felices de este trabajo, obviamente tambi\u00e9n aqu\u00ed hay un trabajo t\u00e9cnico que se realiza sobre este bebedero. De igual modo, invitamos a nuestra comunidad a que pueda tambi\u00e9n cuidar este bebedero en un espacio tan importante como en la Plaza de Armas, que va directamente en beneficio de ella. As\u00ed que invitar a cuidar a toda nuestra comunidad para que esto tambi\u00e9n pueda perdurar en el tiempo.\u201d<\/p>\n<p style=\"text-align: justify;\">Finalmente, en el marco de la Campa\u00f1a de Verano que impulsa el Ministerio de Salud, en estos meses de verano, se refuerza a la comunidad que, junto a una adecuada hidrataci\u00f3n, se recomienda utilizar bloqueador solar y evitar exponerse a los golpes de calor.<\/p>\n<\/div><\/section><\/div><div  style='height:50px' class='hr hr-invisible   avia-builder-el-6  el_after_av_one_full  el_before_av_social_share '><span class='hr-inner ' ><span class='hr-inner-style'><\/span><\/span><\/div><\/p>\n<div  class='av-social-sharing-box  avia-builder-el-7  el_after_av_hr  el_before_av_hr  '><div class='av-share-box'><h5 class='av-share-link-description av-no-toc '>Compartir esta noticia<\/h5><ul class='av-share-box-list noLightbox'><li class='av-share-link av-social-link-facebook' ><a target=\"_blank\" aria-label=\"Compartir en Facebook\" href='https:\/\/www.facebook.com\/sharer.php?u=https:\/\/radiorevelacionfm.cl\/?p=63191&#038;t=Inauguran%20punto%20de%20hidrataci%C3%B3n%20en%20plaza%20de%20Coyhaique' aria-hidden='false' data-av_icon='\ue8f3' data-av_iconfont='entypo-fontello' title='' data-avia-related-tooltip='Compartir en Facebook' rel=\"noopener\"><span class='avia_hidden_link_text'>Compartir en Facebook<\/span><\/a><\/li><li class='av-share-link av-social-link-twitter' ><a target=\"_blank\" aria-label=\"Compartir en Twitter\" href='https:\/\/twitter.com\/share?text=Inauguran%20punto%20de%20hidrataci%C3%B3n%20en%20plaza%20de%20Coyhaique&#038;url=https:\/\/radiorevelacionfm.cl\/?p=63191' aria-hidden='false' data-av_icon='\ue8f1' data-av_iconfont='entypo-fontello' title='' data-avia-related-tooltip='Compartir en Twitter' rel=\"noopener\"><span class='avia_hidden_link_text'>Compartir en Twitter<\/span><\/a><\/li><li class='av-share-link av-social-link-whatsapp' ><a target=\"_blank\" aria-label=\"Compartir en Whatsapp\" href='https:\/\/api.whatsapp.com\/send?text=https:\/\/radiorevelacionfm.cl\/?p=63191' aria-hidden='false' data-av_icon='\uf232' data-av_iconfont='entypo-fontello' title='' data-avia-related-tooltip='Compartir en Whatsapp' rel=\"noopener\"><span class='avia_hidden_link_text'>Compartir en Whatsapp<\/span><\/a><\/li><li class='av-share-link av-social-link-linkedin' ><a target=\"_blank\" aria-label=\"Compartir en LinkedIn\" href='https:\/\/linkedin.com\/shareArticle?mini=true&#038;title=Inauguran%20punto%20de%20hidrataci%C3%B3n%20en%20plaza%20de%20Coyhaique&#038;url=https:\/\/radiorevelacionfm.cl\/?p=63191' aria-hidden='false' data-av_icon='\ue8fc' data-av_iconfont='entypo-fontello' title='' data-avia-related-tooltip='Compartir en LinkedIn' rel=\"noopener\"><span class='avia_hidden_link_text'>Compartir en LinkedIn<\/span><\/a><\/li><li class='av-share-link av-social-link-mail' ><a  aria-label=\"Compartir por correo\" href='mailto:?subject=Inauguran%20punto%20de%20hidrataci%C3%B3n%20en%20plaza%20de%20Coyhaique&#038;body=https:\/\/radiorevelacionfm.cl\/?p=63191' aria-hidden='false' data-av_icon='\ue805' data-av_iconfont='entypo-fontello' title='' data-avia-related-tooltip='Compartir por correo'><span class='avia_hidden_link_text'>Compartir por correo<\/span><\/a><\/li><\/ul><\/div><\/div>\n<div  style='height:50px' class='hr hr-invisible   avia-builder-el-8  el_after_av_social_share  el_before_av_comments_list '><span class='hr-inner ' ><span class='hr-inner-style'><\/span><\/span><\/div>\n<div  class='av-buildercomment  av-blog-meta-html-info-disabled av-blog-meta-tag-disabled  '><\/div>\n","protected":false},"excerpt":{"rendered":"","protected":false},"author":1,"featured_media":63192,"comment_status":"closed","ping_status":"closed","sticky":false,"template":"","format":"standard","meta":{"footnotes":""},"categories":[38],"tags":[],"class_list":["post-63191","post","type-post","status-publish","format-standard","has-post-thumbnail","hentry","category-regional"],"jetpack_featured_media_url":"https:\/\/radiorevelacionfm.cl\/wp-content\/uploads\/2026\/01\/punto-de-hidratacion-1_optimized.jpeg","_links":{"self":[{"href":"https:\/\/radiorevelacionfm.cl\/index.php?rest_route=\/wp\/v2\/posts\/63191","targetHints":{"allow":["GET"]}}],"collection":[{"href":"https:\/\/radiorevelacionfm.cl\/index.php?rest_route=\/wp\/v2\/posts"}],"about":[{"href":"https:\/\/radiorevelacionfm.cl\/index.php?rest_route=\/wp\/v2\/types\/post"}],"author":[{"embeddable":true,"href":"https:\/\/radiorevelacionfm.cl\/index.php?rest_route=\/wp\/v2\/users\/1"}],"replies":[{"embeddable":true,"href":"https:\/\/radiorevelacionfm.cl\/index.php?rest_route=%2Fwp%2Fv2%2Fcomments&post=63191"}],"version-history":[{"count":2,"href":"https:\/\/radiorevelacionfm.cl\/index.php?rest_route=\/wp\/v2\/posts\/63191\/revisions"}],"predecessor-version":[{"id":63194,"href":"https:\/\/radiorevelacionfm.cl\/index.php?rest_route=\/wp\/v2\/posts\/63191\/revisions\/63194"}],"wp:featuredmedia":[{"embeddable":true,"href":"https:\/\/radiorevelacionfm.cl\/index.php?rest_route=\/wp\/v2\/media\/63192"}],"wp:attachment":[{"href":"https:\/\/radiorevelacionfm.cl\/index.php?rest_route=%2Fwp%2Fv2%2Fmedia&parent=63191"}],"wp:term":[{"taxonomy":"category","embeddable":true,"href":"https:\/\/radiorevelacionfm.cl\/index.php?rest_route=%2Fwp%2Fv2%2Fcategories&post=63191"},{"taxonomy":"post_tag","embeddable":true,"href":"https:\/\/radiorevelacionfm.cl\/index.php?rest_route=%2Fwp%2Fv2%2Ftags&post=63191"}],"curies":[{"name":"wp","href":"https:\/\/api.w.org\/{rel}","templated":true}]}}