{"id":6319,"date":"2021-07-15T18:25:50","date_gmt":"2021-07-15T21:25:50","guid":{"rendered":"https:\/\/radiorevelacionfm.cl\/?p=6319"},"modified":"2021-07-16T23:21:39","modified_gmt":"2021-07-17T02:21:39","slug":"hoy-comienzan-a-regir-cambios-del-plan-paso-a-paso-nos-cuidamos-que-entrega-mayores-libertades-a-personas-que-completaron-su-vacunacion","status":"publish","type":"post","link":"https:\/\/radiorevelacionfm.cl\/?p=6319","title":{"rendered":"Comienzan a regir cambios del plan \u00abPaso a Paso\u00bb que entrega mayores libertades a personas que completaron su vacunaci\u00f3n"},"content":{"rendered":"<div class=\"flex_column av_one_full  flex_column_div av-zero-column-padding first  avia-builder-el-0  el_before_av_one_full  avia-builder-el-first  \" style='border-radius:0px; '><div  class='avia-image-container  av-styling-    avia-builder-el-1  avia-builder-el-no-sibling  avia-align-center '  itemprop=\"image\" itemscope=\"itemscope\" itemtype=\"https:\/\/schema.org\/ImageObject\"  ><div class='avia-image-container-inner'><div class='avia-image-overlay-wrap'><img decoding=\"async\" class='wp-image-6320 avia-img-lazy-loading-not-6320 avia_image' src=\"https:\/\/radiorevelacionfm.cl\/wp-content\/uploads\/2021\/07\/pasedemovilidad1.jpg\" alt='' title='pasedemovilidad(1)' height=\"600\" width=\"1068\"  itemprop=\"thumbnailUrl\" srcset=\"https:\/\/radiorevelacionfm.cl\/wp-content\/uploads\/2021\/07\/pasedemovilidad1.jpg 1068w, https:\/\/radiorevelacionfm.cl\/wp-content\/uploads\/2021\/07\/pasedemovilidad1-300x169.jpg 300w, https:\/\/radiorevelacionfm.cl\/wp-content\/uploads\/2021\/07\/pasedemovilidad1-1030x579.jpg 1030w, https:\/\/radiorevelacionfm.cl\/wp-content\/uploads\/2021\/07\/pasedemovilidad1-768x431.jpg 768w, https:\/\/radiorevelacionfm.cl\/wp-content\/uploads\/2021\/07\/pasedemovilidad1-705x396.jpg 705w, https:\/\/radiorevelacionfm.cl\/wp-content\/uploads\/2021\/07\/pasedemovilidad1-600x337.jpg 600w\" sizes=\"(max-width: 1068px) 100vw, 1068px\" \/><\/div><\/div><\/div><\/div>\n<div class=\"flex_column av_one_full  flex_column_div av-zero-column-padding first  avia-builder-el-2  el_after_av_one_full  el_before_av_one_full  column-top-margin\" style='border-radius:0px; '><section class=\"av_textblock_section \"  itemscope=\"itemscope\" itemtype=\"https:\/\/schema.org\/BlogPosting\" itemprop=\"blogPost\" ><div class='avia_textblock  '   itemprop=\"text\" ><p style=\"text-align: center;\"><strong><span style=\"font-size: 18pt;\">Comienzan a regir cambios del plan \u00abPaso a Paso\u00bb que entrega mayores libertades a personas que completaron su vacunaci\u00f3n<\/span><\/strong><\/p>\n<div id=\"gtx-trans\" style=\"position: absolute; left: -50px; top: 4.31534px;\">\n<div class=\"gtx-trans-icon\"><\/div>\n<\/div>\n<\/div><\/section><\/div>\n<div class=\"flex_column av_one_full  flex_column_div av-zero-column-padding first  avia-builder-el-4  el_after_av_one_full  el_before_av_hr  column-top-margin\" style='border-radius:0px; '><section class=\"av_textblock_section \"  itemscope=\"itemscope\" itemtype=\"https:\/\/schema.org\/BlogPosting\" itemprop=\"blogPost\" ><div class='avia_textblock  '   itemprop=\"text\" ><p style=\"text-align: justify;\">Hoy -jueves 15 de julio- comienzan a regir los cambios, que entregan mayores beneficios a quienes cumplieron con su esquema de vacunaci\u00f3n completo, pero al mismo tiempo implica actuar con mayor responsabilidad. El nuevo plan:<\/p>\n<p style=\"text-align: justify;\">&#8211; Reconoce a quienes de forma responsable y solidaria completaron su vacunaci\u00f3n entregando nuevas libertades mediante el Pase de Movilidad.<br \/>\n&#8211; Se hace cargo de la diversidad geogr\u00e1fica y regional en la toma de decisiones.<br \/>\n&#8211; Da cuenta de la importancia de la presencialidad en la educaci\u00f3n de ni\u00f1os y j\u00f3venes (se permite la apertura de establecimientos escolares en Cuarentena).<br \/>\n&#8211; Se privilegian las actividades al aire libre que son las que menor riesgo de contagio tienen.<br \/>\n&#8211; Mantiene la importancia de las medidas de autocuidado, como la obligatoriedad del uso de mascarilla, lavado de manos, distanciamiento f\u00edsico y ventilaci\u00f3n de espacios.<\/p>\n<p style=\"text-align: justify;\"><strong>\u00bfQu\u00e9 se podr\u00e1 hacer con Pase de Movilidad?<\/strong><\/p>\n<p style=\"text-align: justify;\">Desplazamiento: en Cuarentena permite el libre desplazamiento por la comuna y en Transici\u00f3n permite los viajes interregionales a comunas en Transici\u00f3n, Preparaci\u00f3n o Apertura.<\/p>\n<p style=\"text-align: justify;\">Reuniones particulares:\u00a0aumenta a 10 el aforo total en Transici\u00f3n, en reuniones sociales de lunes a viernes. En Apertura aumenta el aforo a 20 personas en total y Apertura, 40 m\u00e1ximo.<\/p>\n<p style=\"text-align: justify;\">Restaurantes, casinos y gimnasios:\u00a0permite acudir a lugares abiertos y cerrados.<\/p>\n<p style=\"text-align: justify;\">Eventos con p\u00fablico sin interacci\u00f3n:\u00a0permite asistir a eventos con aforo de 50 personas en espacios cerrados y 100 en abiertos como cines y teatros.<\/p>\n<p style=\"text-align: justify;\">Eventos con p\u00fablico que interact\u00faa: permite asistir a eventos como fiestas, que est\u00e1n prohibidos sin pase. El aforo es de 25 personas en total en espacio cerrado y 50 en espacios abiertos.<\/p>\n<p style=\"text-align: justify;\">El horario del toque de queda ser\u00e1 regional y se establecer\u00e1 en base a que la regi\u00f3n tenga al menos el 80% de su poblaci\u00f3n vacunada completamente y que la tasa de casos activos sea menor a 150.<\/p>\n<p class=\"text-center\" style=\"text-align: justify;\">Esta actualizaci\u00f3n del Plan entrega\u00a0<b>beneficios en t\u00e9rminos de desplazamiento y aforo<\/b>\u00a0a trav\u00e9s del\u00a0<b>Pase de Movilidad<\/b>\u00a0que se obtiene en\u00a0<a href=\"http:\/\/mevacuno.gob.cl\/\" target=\"_blank\" rel=\"noopener noreferrer\">mevacuno.gob.cl<\/a>\u00a0y mantiene las medidas de autocuidado como: uso de mascarilla, lavado de manos, distanciamiento f\u00edsico y ventilaci\u00f3n de espacios.<\/p>\n<p>M\u00e1s detalles en <b><a class=\"oajrlxb2 g5ia77u1 qu0x051f esr5mh6w e9989ue4 r7d6kgcz rq0escxv nhd2j8a9 nc684nl6 p7hjln8o kvgmc6g5 cxmmr5t8 oygrvhab hcukyx3x jb3vyjys rz4wbd8a qt6c0cv9 a8nywdso i1ao9s8h esuyzwwr f1sip0of lzcic4wl py34i1dx gpro0wi8\" tabindex=\"0\" role=\"link\" href=\"https:\/\/l.facebook.com\/l.php?u=http%3A%2F%2Fgob.cl%2Fpasoapaso%3Ffbclid%3DIwAR3sKRsBKXrdHf8EJPV8PU4utrf_CpNKewm2fqDO-1DucG6wJ8EMq1rPeug&amp;h=AT2GrO-PqgxnnNmV7w-mUV8szLTERzH0hObjbKubR1Jt39GKbrxlzm0mRarvrrna9WhaFvtNRzPSExqvj7eOjbvIO9njqlNro6Vc6AMoXvDJ8ZpO5KE8WTBQ1oCzdvqoLNo&amp;__tn__=-UK-R&amp;c&#091;0&#093;=AT0DKzW6jcc9J36YLDXoZRKOXlz1uf7-ROEvFmiycarOZYUJmuAt3iVEXL6sXvv40i6Df3pNxvwTdYoEh2_MfFVrw-Pq7ZbnnGn7DCX6QVr5oMjOew7hUQ5AoTdzsgq_Zz7sN2xHjk9XAImrpc8AdnBjc-DdRCZRvWzxcb9-X23wz7k\" target=\"_blank\" rel=\"nofollow noopener\">gob.cl\/pasoapaso<\/a><\/b><\/p>\n<\/div><\/section><\/div><div  style='height:50px' class='hr hr-invisible   avia-builder-el-6  el_after_av_one_full  el_before_av_social_share '><span class='hr-inner ' ><span class='hr-inner-style'><\/span><\/span><\/div><\/p>\n<div  class='av-social-sharing-box  avia-builder-el-7  el_after_av_hr  el_before_av_hr  '><div class='av-share-box'><h5 class='av-share-link-description av-no-toc '>Compartir esta noticia<\/h5><ul class='av-share-box-list noLightbox'><li class='av-share-link av-social-link-facebook' ><a target=\"_blank\" aria-label=\"Compartir en Facebook\" href='https:\/\/www.facebook.com\/sharer.php?u=https:\/\/radiorevelacionfm.cl\/?p=6319&#038;t=Comienzan%20a%20regir%20cambios%20del%20plan%20%C2%ABPaso%20a%20Paso%C2%BB%20que%20entrega%20mayores%20libertades%20a%20personas%20que%20completaron%20su%20vacunaci%C3%B3n' aria-hidden='false' data-av_icon='\ue8f3' data-av_iconfont='entypo-fontello' title='' data-avia-related-tooltip='Compartir en Facebook' rel=\"noopener\"><span class='avia_hidden_link_text'>Compartir en Facebook<\/span><\/a><\/li><li class='av-share-link av-social-link-twitter' ><a target=\"_blank\" aria-label=\"Compartir en Twitter\" href='https:\/\/twitter.com\/share?text=Comienzan%20a%20regir%20cambios%20del%20plan%20%C2%ABPaso%20a%20Paso%C2%BB%20que%20entrega%20mayores%20libertades%20a%20personas%20que%20completaron%20su%20vacunaci%C3%B3n&#038;url=https:\/\/radiorevelacionfm.cl\/?p=6319' aria-hidden='false' data-av_icon='\ue8f1' data-av_iconfont='entypo-fontello' title='' data-avia-related-tooltip='Compartir en Twitter' rel=\"noopener\"><span class='avia_hidden_link_text'>Compartir en Twitter<\/span><\/a><\/li><li class='av-share-link av-social-link-whatsapp' ><a target=\"_blank\" aria-label=\"Compartir en Whatsapp\" href='https:\/\/api.whatsapp.com\/send?text=https:\/\/radiorevelacionfm.cl\/?p=6319' aria-hidden='false' data-av_icon='\uf232' data-av_iconfont='entypo-fontello' title='' data-avia-related-tooltip='Compartir en Whatsapp' rel=\"noopener\"><span class='avia_hidden_link_text'>Compartir en Whatsapp<\/span><\/a><\/li><li class='av-share-link av-social-link-linkedin' ><a target=\"_blank\" aria-label=\"Compartir en LinkedIn\" href='https:\/\/linkedin.com\/shareArticle?mini=true&#038;title=Comienzan%20a%20regir%20cambios%20del%20plan%20%C2%ABPaso%20a%20Paso%C2%BB%20que%20entrega%20mayores%20libertades%20a%20personas%20que%20completaron%20su%20vacunaci%C3%B3n&#038;url=https:\/\/radiorevelacionfm.cl\/?p=6319' aria-hidden='false' data-av_icon='\ue8fc' data-av_iconfont='entypo-fontello' title='' data-avia-related-tooltip='Compartir en LinkedIn' rel=\"noopener\"><span class='avia_hidden_link_text'>Compartir en LinkedIn<\/span><\/a><\/li><li class='av-share-link av-social-link-mail' ><a  aria-label=\"Compartir por correo\" href='mailto:?subject=Comienzan%20a%20regir%20cambios%20del%20plan%20%C2%ABPaso%20a%20Paso%C2%BB%20que%20entrega%20mayores%20libertades%20a%20personas%20que%20completaron%20su%20vacunaci%C3%B3n&#038;body=https:\/\/radiorevelacionfm.cl\/?p=6319' aria-hidden='false' data-av_icon='\ue805' data-av_iconfont='entypo-fontello' title='' data-avia-related-tooltip='Compartir por correo'><span class='avia_hidden_link_text'>Compartir por correo<\/span><\/a><\/li><\/ul><\/div><\/div>\n<div  style='height:50px' class='hr hr-invisible   avia-builder-el-8  el_after_av_social_share  el_before_av_comments_list '><span class='hr-inner ' ><span class='hr-inner-style'><\/span><\/span><\/div>\n<div  class='av-buildercomment  av-blog-meta-html-info-disabled av-blog-meta-tag-disabled  '><\/div>\n","protected":false},"excerpt":{"rendered":"","protected":false},"author":1,"featured_media":6320,"comment_status":"open","ping_status":"open","sticky":false,"template":"","format":"standard","meta":{"footnotes":""},"categories":[46],"tags":[],"class_list":["post-6319","post","type-post","status-publish","format-standard","has-post-thumbnail","hentry","category-salud"],"jetpack_featured_media_url":"https:\/\/radiorevelacionfm.cl\/wp-content\/uploads\/2021\/07\/pasedemovilidad1.jpg","_links":{"self":[{"href":"https:\/\/radiorevelacionfm.cl\/index.php?rest_route=\/wp\/v2\/posts\/6319","targetHints":{"allow":["GET"]}}],"collection":[{"href":"https:\/\/radiorevelacionfm.cl\/index.php?rest_route=\/wp\/v2\/posts"}],"about":[{"href":"https:\/\/radiorevelacionfm.cl\/index.php?rest_route=\/wp\/v2\/types\/post"}],"author":[{"embeddable":true,"href":"https:\/\/radiorevelacionfm.cl\/index.php?rest_route=\/wp\/v2\/users\/1"}],"replies":[{"embeddable":true,"href":"https:\/\/radiorevelacionfm.cl\/index.php?rest_route=%2Fwp%2Fv2%2Fcomments&post=6319"}],"version-history":[{"count":5,"href":"https:\/\/radiorevelacionfm.cl\/index.php?rest_route=\/wp\/v2\/posts\/6319\/revisions"}],"predecessor-version":[{"id":6373,"href":"https:\/\/radiorevelacionfm.cl\/index.php?rest_route=\/wp\/v2\/posts\/6319\/revisions\/6373"}],"wp:featuredmedia":[{"embeddable":true,"href":"https:\/\/radiorevelacionfm.cl\/index.php?rest_route=\/wp\/v2\/media\/6320"}],"wp:attachment":[{"href":"https:\/\/radiorevelacionfm.cl\/index.php?rest_route=%2Fwp%2Fv2%2Fmedia&parent=6319"}],"wp:term":[{"taxonomy":"category","embeddable":true,"href":"https:\/\/radiorevelacionfm.cl\/index.php?rest_route=%2Fwp%2Fv2%2Fcategories&post=6319"},{"taxonomy":"post_tag","embeddable":true,"href":"https:\/\/radiorevelacionfm.cl\/index.php?rest_route=%2Fwp%2Fv2%2Ftags&post=6319"}],"curies":[{"name":"wp","href":"https:\/\/api.w.org\/{rel}","templated":true}]}}