{"id":63186,"date":"2026-01-12T19:27:25","date_gmt":"2026-01-12T22:27:25","guid":{"rendered":"https:\/\/radiorevelacionfm.cl\/?p=63186"},"modified":"2026-01-12T19:27:25","modified_gmt":"2026-01-12T22:27:25","slug":"estudiantes-de-coyhaique-y-puerto-aysen-fueron-protagonistas-de-los-campamentos-de-verano-en-ingles-2026","status":"publish","type":"post","link":"https:\/\/radiorevelacionfm.cl\/?p=63186","title":{"rendered":"Estudiantes de Coyhaique y Puerto Ays\u00e9n fueron protagonistas de los campamentos de verano en ingl\u00e9s 2026"},"content":{"rendered":"<div class=\"flex_column av_one_full  flex_column_div av-zero-column-padding first  avia-builder-el-0  el_before_av_one_full  avia-builder-el-first  \" style='border-radius:0px; '><div  class='avia-image-container  av-styling-    avia-builder-el-1  avia-builder-el-no-sibling  avia-align-center '  itemprop=\"image\" itemscope=\"itemscope\" itemtype=\"https:\/\/schema.org\/ImageObject\"  ><div class='avia-image-container-inner'><div class='avia-image-overlay-wrap'><img decoding=\"async\" class='wp-image-63187 avia-img-lazy-loading-not-63187 avia_image' src=\"https:\/\/radiorevelacionfm.cl\/wp-content\/uploads\/2026\/01\/summer-camp-coyhaique-1_optimized.jpeg\" alt='' title='summer-camp-coyhaique-(1)_optimized' height=\"600\" width=\"900\"  itemprop=\"thumbnailUrl\" srcset=\"https:\/\/radiorevelacionfm.cl\/wp-content\/uploads\/2026\/01\/summer-camp-coyhaique-1_optimized.jpeg 900w, https:\/\/radiorevelacionfm.cl\/wp-content\/uploads\/2026\/01\/summer-camp-coyhaique-1_optimized-300x200.jpeg 300w, https:\/\/radiorevelacionfm.cl\/wp-content\/uploads\/2026\/01\/summer-camp-coyhaique-1_optimized-768x512.jpeg 768w, https:\/\/radiorevelacionfm.cl\/wp-content\/uploads\/2026\/01\/summer-camp-coyhaique-1_optimized-705x470.jpeg 705w, https:\/\/radiorevelacionfm.cl\/wp-content\/uploads\/2026\/01\/summer-camp-coyhaique-1_optimized-450x300.jpeg 450w, https:\/\/radiorevelacionfm.cl\/wp-content\/uploads\/2026\/01\/summer-camp-coyhaique-1_optimized-600x400.jpeg 600w\" sizes=\"(max-width: 900px) 100vw, 900px\" \/><\/div><\/div><\/div><\/div><div class=\"flex_column av_one_full  flex_column_div av-zero-column-padding first  avia-builder-el-2  el_after_av_one_full  el_before_av_one_full  column-top-margin\" style='border-radius:0px; '><section class=\"av_textblock_section \"  itemscope=\"itemscope\" itemtype=\"https:\/\/schema.org\/BlogPosting\" itemprop=\"blogPost\" ><div class='avia_textblock  '   itemprop=\"text\" ><p style=\"text-align: center;\"><span style=\"font-size: 18pt;\"><b>Estudiantes de Coyhaique y Puerto Ays\u00e9n fueron protagonistas de los campamentos de verano en ingl\u00e9s 2026<\/b><\/span><\/p>\n<div id=\"gtx-trans\" style=\"position: absolute; left: -50px; top: 4.31534px;\">\n<div class=\"gtx-trans-icon\"><\/div>\n<\/div>\n<\/div><\/section><\/div><div class=\"flex_column av_one_full  flex_column_div av-zero-column-padding first  avia-builder-el-4  el_after_av_one_full  el_before_av_hr  column-top-margin\" style='border-radius:0px; '><section class=\"av_textblock_section \"  itemscope=\"itemscope\" itemtype=\"https:\/\/schema.org\/BlogPosting\" itemprop=\"blogPost\" ><div class='avia_textblock  '   itemprop=\"text\" ><p style=\"font-weight: 400; text-align: justify;\">El viernes en la Escuela V\u00edctor Domingo Silva de Coyhaique nuestra Seremi Katherine Miqueles particip\u00f3 en la actividad de cierre del Campamento de Verano en Ingl\u00e9s, English Summer Camp 2026, que bajo el lema: \u201cThink global, act local!\u201d invit\u00f3 a estudiantes de Quinto B\u00e1sico a IV Medio a comprender que los grandes desaf\u00edos del mundo, como el cambio clim\u00e1tico, la energ\u00eda o la sostenibilidad- se viven tambi\u00e9n en su propia comunidad.<\/p>\n<p style=\"font-weight: 400; text-align: justify;\">En la regi\u00f3n de Ays\u00e9n el campamento se desarroll\u00f3 simult\u00e1neamente en dos sedes, una en la Escuela V\u00edctor Domingo Silva de la capital regional que recibi\u00f3 a 15 estudiantes y otra en la Escuela Poetisa Gabriela Mistral de Puerto Ays\u00e9n con 32 participantes, sumando en total m\u00e1s de 60 ni\u00f1os, ni\u00f1as y j\u00f3venes beneficiados.<\/p>\n<p style=\"font-weight: 400; text-align: justify;\">Durante una semana y por medio de las actividades interactivas, los estudiantes\u00a0 exploraron c\u00f3mo fen\u00f3menos globales tienen expresiones locales, y c\u00f3mo las soluciones requieren tanto la creatividad individual como la colaboraci\u00f3n entre comunidades y culturas. Esta experiencia busca promover una ciudadan\u00eda global, capaz de reconocer la interdependencia entre lo cercano y lo mundial, y de transformar esa comprensi\u00f3n en acciones colectivas con impacto real.<\/p>\n<p style=\"font-weight: 400; text-align: justify;\">Los English Camps son una experiencia que promueve el desarrollo integral de los y las estudiantes. No solo mejoran las habilidades comunicativas en ingl\u00e9s de los estudiantes, sino que tambi\u00e9n promueven su crecimiento personal, social y emocional. Asimismo, ofrecen un entorno seguro y enriquecedor donde pueden explorar sus intereses, fortalecer su autoestima y desarrollar una mentalidad positiva hacia el aprendizaje y la vida en general.<\/p>\n<p style=\"font-weight: 400; text-align: justify;\">As\u00ed lo destac\u00f3 la Seremi de Educaci\u00f3n Katherine Miqueles quien se\u00f1al\u00f3: \u00abEstamos contentos ya que como Ministerio de Educaci\u00f3n nos interesa no solo el aprendizaje y pr\u00e1ctica del ingl\u00e9s sino lo que rodea a un campamento, el conocer nuevas personas, intercambio de experiencias y eso hemos visto que ha sucedido durante esta semana, desarrollando no solo habilidades ling\u00fc\u00edsticas sino talentos art\u00edsticos e inter\u00e9s por lo que ocurre en el mundo. Los campamentos en ingl\u00e9s forman parte del programa Ingl\u00e9s Abre Puertas de larga data y que ha tenido un impacto positivo en las comunidades educativas\u201d.<\/p>\n<p style=\"font-weight: 400; text-align: justify;\">Mar\u00eda Fernanda \u00c1vila facilitadora del campamento destac\u00f3 el nivel de ingl\u00e9s de los estudiantes de educaci\u00f3n media a los que acompa\u00f1\u00f3 durante la semana en Coyhaique. \u201cMe sorprendi\u00f3 de grata manera el gran nivel de ingl\u00e9s que tienen algunos estudiantes, que son de distintos liceos y que en algunos casos supera la media lo que nos permiti\u00f3 realizar actividades completamente en ingl\u00e9s\u00a0 y los chicos demostraron una tremenda disposici\u00f3n integr\u00e1ndose a todas las actividades y trabajando en equipo y aportando a la tem\u00e1tica central del campamento que este a\u00f1o es el cambio clim\u00e1tico y la acci\u00f3n local\u201d.<\/p>\n<p style=\"font-weight: 400; text-align: justify;\">Sof\u00eda Cisternas Manzur se mostr\u00f3 feliz con la experiencia. \u00abMe gust\u00f3 mucho, pude practicar bastante mi ingl\u00e9s y pude conocer, conoc\u00ed nuevas personas y compartir sobre el tema del campamento que fue el cambio clim\u00e1tico\u201d.<\/p>\n<p style=\"font-weight: 400; text-align: justify;\">Los campamentos proporcionan una experiencia educativa inmersiva que trasciende el aula tradicional. A trav\u00e9s de actividades interactivas y pr\u00e1cticas, los y las estudiantes aplican el ingl\u00e9s en situaciones reales, lo que facilita un aprendizaje m\u00e1s profundo y duradero. Adem\u00e1s, el enfoque interdisciplinario permite integrar conocimientos de diversas \u00e1reas del Curr\u00edculum Nacional, enriqueciendo el proceso educativo.<\/p>\n<\/div><\/section><\/div><div  style='height:50px' class='hr hr-invisible   avia-builder-el-6  el_after_av_one_full  el_before_av_social_share '><span class='hr-inner ' ><span class='hr-inner-style'><\/span><\/span><\/div><\/p>\n<div  class='av-social-sharing-box  avia-builder-el-7  el_after_av_hr  el_before_av_hr  '><div class='av-share-box'><h5 class='av-share-link-description av-no-toc '>Compartir esta noticia<\/h5><ul class='av-share-box-list noLightbox'><li class='av-share-link av-social-link-facebook' ><a target=\"_blank\" aria-label=\"Compartir en Facebook\" href='https:\/\/www.facebook.com\/sharer.php?u=https:\/\/radiorevelacionfm.cl\/?p=63186&#038;t=Estudiantes%20de%20Coyhaique%20y%20Puerto%20Ays%C3%A9n%20fueron%20protagonistas%20de%20los%20campamentos%20de%20verano%20en%20ingl%C3%A9s%202026' aria-hidden='false' data-av_icon='\ue8f3' data-av_iconfont='entypo-fontello' title='' data-avia-related-tooltip='Compartir en Facebook' rel=\"noopener\"><span class='avia_hidden_link_text'>Compartir en Facebook<\/span><\/a><\/li><li class='av-share-link av-social-link-twitter' ><a target=\"_blank\" aria-label=\"Compartir en Twitter\" href='https:\/\/twitter.com\/share?text=Estudiantes%20de%20Coyhaique%20y%20Puerto%20Ays%C3%A9n%20fueron%20protagonistas%20de%20los%20campamentos%20de%20verano%20en%20ingl%C3%A9s%202026&#038;url=https:\/\/radiorevelacionfm.cl\/?p=63186' aria-hidden='false' data-av_icon='\ue8f1' data-av_iconfont='entypo-fontello' title='' data-avia-related-tooltip='Compartir en Twitter' rel=\"noopener\"><span class='avia_hidden_link_text'>Compartir en Twitter<\/span><\/a><\/li><li class='av-share-link av-social-link-whatsapp' ><a target=\"_blank\" aria-label=\"Compartir en Whatsapp\" href='https:\/\/api.whatsapp.com\/send?text=https:\/\/radiorevelacionfm.cl\/?p=63186' aria-hidden='false' data-av_icon='\uf232' data-av_iconfont='entypo-fontello' title='' data-avia-related-tooltip='Compartir en Whatsapp' rel=\"noopener\"><span class='avia_hidden_link_text'>Compartir en Whatsapp<\/span><\/a><\/li><li class='av-share-link av-social-link-linkedin' ><a target=\"_blank\" aria-label=\"Compartir en LinkedIn\" href='https:\/\/linkedin.com\/shareArticle?mini=true&#038;title=Estudiantes%20de%20Coyhaique%20y%20Puerto%20Ays%C3%A9n%20fueron%20protagonistas%20de%20los%20campamentos%20de%20verano%20en%20ingl%C3%A9s%202026&#038;url=https:\/\/radiorevelacionfm.cl\/?p=63186' aria-hidden='false' data-av_icon='\ue8fc' data-av_iconfont='entypo-fontello' title='' data-avia-related-tooltip='Compartir en LinkedIn' rel=\"noopener\"><span class='avia_hidden_link_text'>Compartir en LinkedIn<\/span><\/a><\/li><li class='av-share-link av-social-link-mail' ><a  aria-label=\"Compartir por correo\" href='mailto:?subject=Estudiantes%20de%20Coyhaique%20y%20Puerto%20Ays%C3%A9n%20fueron%20protagonistas%20de%20los%20campamentos%20de%20verano%20en%20ingl%C3%A9s%202026&#038;body=https:\/\/radiorevelacionfm.cl\/?p=63186' aria-hidden='false' data-av_icon='\ue805' data-av_iconfont='entypo-fontello' title='' data-avia-related-tooltip='Compartir por correo'><span class='avia_hidden_link_text'>Compartir por correo<\/span><\/a><\/li><\/ul><\/div><\/div>\n<div  style='height:50px' class='hr hr-invisible   avia-builder-el-8  el_after_av_social_share  el_before_av_comments_list '><span class='hr-inner ' ><span class='hr-inner-style'><\/span><\/span><\/div>\n<div  class='av-buildercomment  av-blog-meta-html-info-disabled av-blog-meta-tag-disabled  '><\/div>\n","protected":false},"excerpt":{"rendered":"","protected":false},"author":1,"featured_media":63187,"comment_status":"closed","ping_status":"closed","sticky":false,"template":"","format":"standard","meta":{"footnotes":""},"categories":[49],"tags":[],"class_list":["post-63186","post","type-post","status-publish","format-standard","has-post-thumbnail","hentry","category-educacion"],"jetpack_featured_media_url":"https:\/\/radiorevelacionfm.cl\/wp-content\/uploads\/2026\/01\/summer-camp-coyhaique-1_optimized.jpeg","_links":{"self":[{"href":"https:\/\/radiorevelacionfm.cl\/index.php?rest_route=\/wp\/v2\/posts\/63186","targetHints":{"allow":["GET"]}}],"collection":[{"href":"https:\/\/radiorevelacionfm.cl\/index.php?rest_route=\/wp\/v2\/posts"}],"about":[{"href":"https:\/\/radiorevelacionfm.cl\/index.php?rest_route=\/wp\/v2\/types\/post"}],"author":[{"embeddable":true,"href":"https:\/\/radiorevelacionfm.cl\/index.php?rest_route=\/wp\/v2\/users\/1"}],"replies":[{"embeddable":true,"href":"https:\/\/radiorevelacionfm.cl\/index.php?rest_route=%2Fwp%2Fv2%2Fcomments&post=63186"}],"version-history":[{"count":2,"href":"https:\/\/radiorevelacionfm.cl\/index.php?rest_route=\/wp\/v2\/posts\/63186\/revisions"}],"predecessor-version":[{"id":63190,"href":"https:\/\/radiorevelacionfm.cl\/index.php?rest_route=\/wp\/v2\/posts\/63186\/revisions\/63190"}],"wp:featuredmedia":[{"embeddable":true,"href":"https:\/\/radiorevelacionfm.cl\/index.php?rest_route=\/wp\/v2\/media\/63187"}],"wp:attachment":[{"href":"https:\/\/radiorevelacionfm.cl\/index.php?rest_route=%2Fwp%2Fv2%2Fmedia&parent=63186"}],"wp:term":[{"taxonomy":"category","embeddable":true,"href":"https:\/\/radiorevelacionfm.cl\/index.php?rest_route=%2Fwp%2Fv2%2Fcategories&post=63186"},{"taxonomy":"post_tag","embeddable":true,"href":"https:\/\/radiorevelacionfm.cl\/index.php?rest_route=%2Fwp%2Fv2%2Ftags&post=63186"}],"curies":[{"name":"wp","href":"https:\/\/api.w.org\/{rel}","templated":true}]}}