{"id":63182,"date":"2026-01-12T19:16:08","date_gmt":"2026-01-12T22:16:08","guid":{"rendered":"https:\/\/radiorevelacionfm.cl\/?p=63182"},"modified":"2026-01-12T19:16:08","modified_gmt":"2026-01-12T22:16:08","slug":"artes-escenicas-itinerantes-regionales-abre-convocatoria-para-giras-en-todo-chile","status":"publish","type":"post","link":"https:\/\/radiorevelacionfm.cl\/?p=63182","title":{"rendered":"Artes Esc\u00e9nicas Itinerantes Regionales abre convocatoria para giras en todo Chile"},"content":{"rendered":"<div class=\"flex_column av_one_full  flex_column_div av-zero-column-padding first  avia-builder-el-0  el_before_av_one_full  avia-builder-el-first  \" style='border-radius:0px; '><div  class='avia-image-container  av-styling-    avia-builder-el-1  avia-builder-el-no-sibling  avia-align-center '  itemprop=\"image\" itemscope=\"itemscope\" itemtype=\"https:\/\/schema.org\/ImageObject\"  ><div class='avia-image-container-inner'><div class='avia-image-overlay-wrap'><img decoding=\"async\" class='wp-image-63183 avia-img-lazy-loading-not-63183 avia_image' src=\"https:\/\/radiorevelacionfm.cl\/wp-content\/uploads\/2026\/01\/bry09781-opcioin-1-1_optimized.jpg\" alt='' title='bry09781 - -opcio\u00ecn-1-(1)_optimized' height=\"600\" width=\"898\"  itemprop=\"thumbnailUrl\" srcset=\"https:\/\/radiorevelacionfm.cl\/wp-content\/uploads\/2026\/01\/bry09781-opcioin-1-1_optimized.jpg 898w, https:\/\/radiorevelacionfm.cl\/wp-content\/uploads\/2026\/01\/bry09781-opcioin-1-1_optimized-300x200.jpg 300w, https:\/\/radiorevelacionfm.cl\/wp-content\/uploads\/2026\/01\/bry09781-opcioin-1-1_optimized-768x513.jpg 768w, https:\/\/radiorevelacionfm.cl\/wp-content\/uploads\/2026\/01\/bry09781-opcioin-1-1_optimized-705x471.jpg 705w, https:\/\/radiorevelacionfm.cl\/wp-content\/uploads\/2026\/01\/bry09781-opcioin-1-1_optimized-450x301.jpg 450w, https:\/\/radiorevelacionfm.cl\/wp-content\/uploads\/2026\/01\/bry09781-opcioin-1-1_optimized-600x401.jpg 600w\" sizes=\"(max-width: 898px) 100vw, 898px\" \/><\/div><\/div><\/div><\/div><div class=\"flex_column av_one_full  flex_column_div av-zero-column-padding first  avia-builder-el-2  el_after_av_one_full  el_before_av_one_full  column-top-margin\" style='border-radius:0px; '><section class=\"av_textblock_section \"  itemscope=\"itemscope\" itemtype=\"https:\/\/schema.org\/BlogPosting\" itemprop=\"blogPost\" ><div class='avia_textblock  '   itemprop=\"text\" ><p style=\"text-align: center;\"><span style=\"font-size: 18pt;\"><b>Artes Esc\u00e9nicas Itinerantes Regionales abre convocatoria para giras en todo Chile<\/b><\/span><\/p>\n<div id=\"gtx-trans\" style=\"position: absolute; left: -50px; top: 4.31534px;\">\n<div class=\"gtx-trans-icon\"><\/div>\n<\/div>\n<\/div><\/section><\/div><div class=\"flex_column av_one_full  flex_column_div av-zero-column-padding first  avia-builder-el-4  el_after_av_one_full  el_before_av_hr  column-top-margin\" style='border-radius:0px; '><section class=\"av_textblock_section \"  itemscope=\"itemscope\" itemtype=\"https:\/\/schema.org\/BlogPosting\" itemprop=\"blogPost\" ><div class='avia_textblock  '   itemprop=\"text\" ><p style=\"text-align: justify;\">Con un incremento de $84 millones para esta versi\u00f3n, la convocatoria del Ministerio de las Culturas, las Artes y el Patrimonio, financiar\u00e1 16 proyectos de todas las regiones del pa\u00eds, promoviendo el acceso de la ciudadan\u00eda a montajes en distintas regiones del pa\u00eds.<\/p>\n<p style=\"text-align: justify;\">Hasta el viernes 27 de febrero de 2026 estar\u00e1n abiertas las postulaciones al\u00a0<a href=\"https:\/\/www.fondosdecultura.cl\/convocatoria-programa-artes-escenicas-itinerantes-regionales-2026\/\">Programa de Artes Esc\u00e9nicas Itinerantes Regionales<\/a>, dirigido a artistas, compa\u00f1\u00edas y agrupaciones de las artes esc\u00e9nicas nacionales, que podr\u00e1n postular con iniciativas que desarrollen la itinerancia dentro de sus regiones de residencia de obras de teatro, danza, circo, \u00f3pera, narraci\u00f3n oral, t\u00edteres y del \u00e1mbito interdisciplinario.<\/p>\n<p style=\"text-align: justify;\">Este programa es una iniciativa de la Secretar\u00eda Ejecutiva de Artes Esc\u00e9nicas, del Ministerio de las Culturas, las Artes y el Patrimonio y tienen por objetivo promover la oferta de espect\u00e1culos en diversos territorios del pa\u00eds, fomentando la participaci\u00f3n y vinculaci\u00f3n de los p\u00fablicos con el trabajo de artistas y sus obras a nivel local.<\/p>\n<p style=\"text-align: justify;\">Para el a\u00f1o 2026, el Programa de Artes Esc\u00e9nicas Itinerantes Regionales contar\u00e1 con un presupuesto total de $401 millones de pesos, que se distribuir\u00e1 entre 16 proyectos seleccionados, uno por cada regi\u00f3n del pa\u00eds.<\/p>\n<p style=\"text-align: justify;\">El seremi de Culturas Ays\u00e9n, Felipe Quiroz, coment\u00f3 que \u201ces este programa fortalece el impacto territorial de las artes esc\u00e9nicas al incorporar una exigencia de provincias m\u00ednimas para programar funciones de actividades. De este modo estamos cumpliendo con un objetivo primordial de este ministerio que es el acceso para todos y todas a las expresiones culturales\u201d. En su versi\u00f3n 2025, el programa Artes Esc\u00e9nicas Itinerantes Regionales permiti\u00f3 la selecci\u00f3n de 16 proyectos que abarcaron la totalidad de las regiones del pa\u00eds, beneficiando con el desarrollo de sus actividades a 77 comunas. Adem\u00e1s, se realizaron m\u00e1s de 800 funciones que convocaron a m\u00e1s de 40.000 personas y beneficiaron a m\u00e1s de 300 compa\u00f1\u00edas y agrupaciones de artes esc\u00e9nicas a nivel nacional. Asimismo, esta versi\u00f3n consider\u00f3 por primera vez el financiamiento de labores de cuidado como gasto elegible, fortaleciendo las condiciones de trabajo de los equipos art\u00edsticos involucrados. equipos art\u00edsticos, lo cual ser\u00e1 replicado para su versi\u00f3n 2026.<\/p>\n<p style=\"text-align: justify;\">Al igual que en versiones anteriores, esta convocatoria seleccionar\u00e1 una iniciativa por regi\u00f3n, cuyos proyectos adjudicados contar\u00e1n con un plazo m\u00e1ximo de ocho meses para la ejecuci\u00f3n de la itinerancia, considerando el inicio de sus actividades durante el a\u00f1o 2026. Asimismo, las propuestas deber\u00e1n contemplar un plan de vinculaci\u00f3n con comunidades y p\u00fablicos, que incorpore acciones de mediaci\u00f3n, participaci\u00f3n y\/o transferencia de conocimientos junto a agentes culturales locales.<\/p>\n<p style=\"text-align: justify;\">Las\u00a0<a href=\"https:\/\/www.fondosdecultura.cl\/convocatoria-programa-artes-escenicas-itinerantes-regionales-2026\/\">postulaciones<\/a>\u00a0estar\u00e1n abiertas hasta el\u00a0viernes 27 de febrero, a las 15:00 horas.<\/p>\n<\/div><\/section><\/div><div  style='height:50px' class='hr hr-invisible   avia-builder-el-6  el_after_av_one_full  el_before_av_social_share '><span class='hr-inner ' ><span class='hr-inner-style'><\/span><\/span><\/div><\/p>\n<div  class='av-social-sharing-box  avia-builder-el-7  el_after_av_hr  el_before_av_hr  '><div class='av-share-box'><h5 class='av-share-link-description av-no-toc '>Compartir esta noticia<\/h5><ul class='av-share-box-list noLightbox'><li class='av-share-link av-social-link-facebook' ><a target=\"_blank\" aria-label=\"Compartir en Facebook\" href='https:\/\/www.facebook.com\/sharer.php?u=https:\/\/radiorevelacionfm.cl\/?p=63182&#038;t=Artes%20Esc%C3%A9nicas%20Itinerantes%20Regionales%20abre%20convocatoria%20para%20giras%20en%20todo%20Chile' aria-hidden='false' data-av_icon='\ue8f3' data-av_iconfont='entypo-fontello' title='' data-avia-related-tooltip='Compartir en Facebook' rel=\"noopener\"><span class='avia_hidden_link_text'>Compartir en Facebook<\/span><\/a><\/li><li class='av-share-link av-social-link-twitter' ><a target=\"_blank\" aria-label=\"Compartir en Twitter\" href='https:\/\/twitter.com\/share?text=Artes%20Esc%C3%A9nicas%20Itinerantes%20Regionales%20abre%20convocatoria%20para%20giras%20en%20todo%20Chile&#038;url=https:\/\/radiorevelacionfm.cl\/?p=63182' aria-hidden='false' data-av_icon='\ue8f1' data-av_iconfont='entypo-fontello' title='' data-avia-related-tooltip='Compartir en Twitter' rel=\"noopener\"><span class='avia_hidden_link_text'>Compartir en Twitter<\/span><\/a><\/li><li class='av-share-link av-social-link-whatsapp' ><a target=\"_blank\" aria-label=\"Compartir en Whatsapp\" href='https:\/\/api.whatsapp.com\/send?text=https:\/\/radiorevelacionfm.cl\/?p=63182' aria-hidden='false' data-av_icon='\uf232' data-av_iconfont='entypo-fontello' title='' data-avia-related-tooltip='Compartir en Whatsapp' rel=\"noopener\"><span class='avia_hidden_link_text'>Compartir en Whatsapp<\/span><\/a><\/li><li class='av-share-link av-social-link-linkedin' ><a target=\"_blank\" aria-label=\"Compartir en LinkedIn\" href='https:\/\/linkedin.com\/shareArticle?mini=true&#038;title=Artes%20Esc%C3%A9nicas%20Itinerantes%20Regionales%20abre%20convocatoria%20para%20giras%20en%20todo%20Chile&#038;url=https:\/\/radiorevelacionfm.cl\/?p=63182' aria-hidden='false' data-av_icon='\ue8fc' data-av_iconfont='entypo-fontello' title='' data-avia-related-tooltip='Compartir en LinkedIn' rel=\"noopener\"><span class='avia_hidden_link_text'>Compartir en LinkedIn<\/span><\/a><\/li><li class='av-share-link av-social-link-mail' ><a  aria-label=\"Compartir por correo\" href='mailto:?subject=Artes%20Esc%C3%A9nicas%20Itinerantes%20Regionales%20abre%20convocatoria%20para%20giras%20en%20todo%20Chile&#038;body=https:\/\/radiorevelacionfm.cl\/?p=63182' aria-hidden='false' data-av_icon='\ue805' data-av_iconfont='entypo-fontello' title='' data-avia-related-tooltip='Compartir por correo'><span class='avia_hidden_link_text'>Compartir por correo<\/span><\/a><\/li><\/ul><\/div><\/div>\n<div  style='height:50px' class='hr hr-invisible   avia-builder-el-8  el_after_av_social_share  el_before_av_comments_list '><span class='hr-inner ' ><span class='hr-inner-style'><\/span><\/span><\/div>\n<div  class='av-buildercomment  av-blog-meta-html-info-disabled av-blog-meta-tag-disabled  '><\/div>\n","protected":false},"excerpt":{"rendered":"","protected":false},"author":1,"featured_media":63183,"comment_status":"closed","ping_status":"closed","sticky":false,"template":"","format":"standard","meta":{"footnotes":""},"categories":[52],"tags":[],"class_list":["post-63182","post","type-post","status-publish","format-standard","has-post-thumbnail","hentry","category-cultura"],"jetpack_featured_media_url":"https:\/\/radiorevelacionfm.cl\/wp-content\/uploads\/2026\/01\/bry09781-opcioin-1-1_optimized.jpg","_links":{"self":[{"href":"https:\/\/radiorevelacionfm.cl\/index.php?rest_route=\/wp\/v2\/posts\/63182","targetHints":{"allow":["GET"]}}],"collection":[{"href":"https:\/\/radiorevelacionfm.cl\/index.php?rest_route=\/wp\/v2\/posts"}],"about":[{"href":"https:\/\/radiorevelacionfm.cl\/index.php?rest_route=\/wp\/v2\/types\/post"}],"author":[{"embeddable":true,"href":"https:\/\/radiorevelacionfm.cl\/index.php?rest_route=\/wp\/v2\/users\/1"}],"replies":[{"embeddable":true,"href":"https:\/\/radiorevelacionfm.cl\/index.php?rest_route=%2Fwp%2Fv2%2Fcomments&post=63182"}],"version-history":[{"count":2,"href":"https:\/\/radiorevelacionfm.cl\/index.php?rest_route=\/wp\/v2\/posts\/63182\/revisions"}],"predecessor-version":[{"id":63185,"href":"https:\/\/radiorevelacionfm.cl\/index.php?rest_route=\/wp\/v2\/posts\/63182\/revisions\/63185"}],"wp:featuredmedia":[{"embeddable":true,"href":"https:\/\/radiorevelacionfm.cl\/index.php?rest_route=\/wp\/v2\/media\/63183"}],"wp:attachment":[{"href":"https:\/\/radiorevelacionfm.cl\/index.php?rest_route=%2Fwp%2Fv2%2Fmedia&parent=63182"}],"wp:term":[{"taxonomy":"category","embeddable":true,"href":"https:\/\/radiorevelacionfm.cl\/index.php?rest_route=%2Fwp%2Fv2%2Fcategories&post=63182"},{"taxonomy":"post_tag","embeddable":true,"href":"https:\/\/radiorevelacionfm.cl\/index.php?rest_route=%2Fwp%2Fv2%2Ftags&post=63182"}],"curies":[{"name":"wp","href":"https:\/\/api.w.org\/{rel}","templated":true}]}}