{"id":63178,"date":"2026-01-12T10:55:53","date_gmt":"2026-01-12T13:55:53","guid":{"rendered":"https:\/\/radiorevelacionfm.cl\/?p=63178"},"modified":"2026-01-12T10:55:53","modified_gmt":"2026-01-12T13:55:53","slug":"uaysen-presento-su-cuenta-publica-2024-2025-y-cerro-un-bienio-con-resultados-historicos","status":"publish","type":"post","link":"https:\/\/radiorevelacionfm.cl\/?p=63178","title":{"rendered":"UAys\u00e9n present\u00f3 su Cuenta P\u00fablica 2024\u20132025 y cerr\u00f3 un bienio con resultados hist\u00f3ricos"},"content":{"rendered":"<div class=\"flex_column av_one_full  flex_column_div av-zero-column-padding first  avia-builder-el-0  el_before_av_one_full  avia-builder-el-first  \" style='border-radius:0px; '><div  class='avia-image-container  av-styling-    avia-builder-el-1  avia-builder-el-no-sibling  avia-align-center '  itemprop=\"image\" itemscope=\"itemscope\" itemtype=\"https:\/\/schema.org\/ImageObject\"  ><div class='avia-image-container-inner'><div class='avia-image-overlay-wrap'><img decoding=\"async\" class='wp-image-63179 avia-img-lazy-loading-not-63179 avia_image' src=\"https:\/\/radiorevelacionfm.cl\/wp-content\/uploads\/2026\/01\/img_2189-1_optimized.jpg\" alt='' title='img_2189-(1)_optimized' height=\"600\" width=\"900\"  itemprop=\"thumbnailUrl\" srcset=\"https:\/\/radiorevelacionfm.cl\/wp-content\/uploads\/2026\/01\/img_2189-1_optimized.jpg 900w, https:\/\/radiorevelacionfm.cl\/wp-content\/uploads\/2026\/01\/img_2189-1_optimized-300x200.jpg 300w, https:\/\/radiorevelacionfm.cl\/wp-content\/uploads\/2026\/01\/img_2189-1_optimized-768x512.jpg 768w, https:\/\/radiorevelacionfm.cl\/wp-content\/uploads\/2026\/01\/img_2189-1_optimized-705x470.jpg 705w, https:\/\/radiorevelacionfm.cl\/wp-content\/uploads\/2026\/01\/img_2189-1_optimized-450x300.jpg 450w, https:\/\/radiorevelacionfm.cl\/wp-content\/uploads\/2026\/01\/img_2189-1_optimized-600x400.jpg 600w\" sizes=\"(max-width: 900px) 100vw, 900px\" \/><\/div><\/div><\/div><\/div><div class=\"flex_column av_one_full  flex_column_div av-zero-column-padding first  avia-builder-el-2  el_after_av_one_full  el_before_av_one_full  column-top-margin\" style='border-radius:0px; '><section class=\"av_textblock_section \"  itemscope=\"itemscope\" itemtype=\"https:\/\/schema.org\/BlogPosting\" itemprop=\"blogPost\" ><div class='avia_textblock  '   itemprop=\"text\" ><p style=\"text-align: center;\"><span style=\"font-size: 18pt;\"><b>UAys\u00e9n present\u00f3 su Cuenta P\u00fablica 2024\u20132025 y cerr\u00f3 un bienio con resultados hist\u00f3ricos<\/b><\/span><\/p>\n<div id=\"gtx-trans\" style=\"position: absolute; left: -50px; top: 4.31534px;\">\n<div class=\"gtx-trans-icon\"><\/div>\n<\/div>\n<\/div><\/section><\/div><div class=\"flex_column av_one_full  flex_column_div av-zero-column-padding first  avia-builder-el-4  el_after_av_one_full  el_before_av_hr  column-top-margin\" style='border-radius:0px; '><section class=\"av_textblock_section \"  itemscope=\"itemscope\" itemtype=\"https:\/\/schema.org\/BlogPosting\" itemprop=\"blogPost\" ><div class='avia_textblock  '   itemprop=\"text\" ><p style=\"text-align: justify;\"><em>Autoridades destacaron la recuperaci\u00f3n financiera, el crecimiento acad\u00e9mico y el fortalecimiento institucional alcanzados durante el bienio 2024\u20132025, que permiti\u00f3 proyectar a la universidad estatal regional hacia una nueva etapa de desarrollo.<\/em><\/p>\n<p style=\"text-align: justify;\">La Universidad de Ays\u00e9n present\u00f3 el pasado viernes 9 de enero su Cuenta P\u00fablica 2024\u20132025 en el Centro Cultural de Coyhaique, instancia encabezada por su Administrador Provisional, Juan Pablo Prieto Cox, y que cont\u00f3 con la presencia de autoridades regionales y nacionales, donde se informaron los principales resultados del proceso desarrollado entre enero de 2024 y enero de 2026, per\u00edodo marcado por la recuperaci\u00f3n, el fortalecimiento de la gesti\u00f3n y la proyecci\u00f3n del proyecto universitario estatal en la Regi\u00f3n de Ays\u00e9n.<\/p>\n<p style=\"text-align: justify;\">Durante la ceremonia, el Administrador Provisional de la Universidad de Ays\u00e9n, Juan Pablo Prieto Cox, destac\u00f3 que los avances presentados fueron el resultado del trabajo colectivo de la comunidad universitaria. En ese contexto, subray\u00f3 que \u201cel trabajo de toda una comunidad se ha expresado en esta Cuenta P\u00fablica, y esa es la verdad\u201d, relevando que fue posible alcanzar logros que inicialmente parec\u00edan inesperados, como liderar los resultados financieros entre las universidades del Consejo de Rectores, obtener el primer lugar en fondos de investigaci\u00f3n a nivel nacional, recuperar infraestructura, aumentar la matr\u00edcula y ampliar significativamente la oferta acad\u00e9mica. \u201cTodas las dimensiones propias de la universidad se han visto fortalecidas y proyectadas\u201d, afirm\u00f3, agregando que la instituci\u00f3n \u201ctiene un futuro muy auspicioso y que, sin duda, lo va a alcanzar en los a\u00f1os venideros\u201d.<\/p>\n<p style=\"text-align: justify;\">Desde el Gobierno Regional de Ays\u00e9n, el gobernador regional, Marcelo Santana Vargas, relev\u00f3 el proceso de reposicionamiento territorial de la universidad, destacando que la regi\u00f3n volvi\u00f3 a confiar en su instituci\u00f3n estatal. En su intervenci\u00f3n, anunci\u00f3 que en los pr\u00f3ximos d\u00edas se entregar\u00e1n nuevas noticias respecto del financiamiento del edificio fundacional, enmarcado en el Plan de Zonas Extremas. \u201cEl hito m\u00e1s importante es que la regi\u00f3n ha vuelto a confiar en su universidad. Hubo un proceso de arraigo que se hab\u00eda ido perdiendo, pero con un trabajo serio, de mucha gesti\u00f3n, hemos logrado reencantar a la comunidad regional y fortalecer la presencia de la Universidad de Ays\u00e9n en m\u00e1s partes de la regi\u00f3n que nunca\u201d, se\u00f1al\u00f3.<\/p>\n<p style=\"text-align: justify;\">El alcalde de Coyhaique, Carlos Gatica Villegas, valor\u00f3 el v\u00ednculo permanente entre el municipio y la universidad, destacando el rol que ha cumplido la instituci\u00f3n en distintos procesos regionales. En ese marco, felicit\u00f3 la gesti\u00f3n desarrollada durante la Administraci\u00f3n Provisional, indicando que esta se realiz\u00f3 en un contexto especialmente complejo. \u201cLa universidad atravesaba per\u00edodos muy dif\u00edciles y logr\u00f3 salir adelante junto a todo su equipo. Hoy tenemos una instituci\u00f3n con aumento de matr\u00edcula, estabilidad econ\u00f3mica, campus nuevo y una infraestructura que permite mejorar el desarrollo de la educaci\u00f3n en la regi\u00f3n\u201d, afirm\u00f3, destacando el trabajo del administrador provisional y de las y los funcionarios y acad\u00e9micos.<\/p>\n<p style=\"text-align: justify;\">Por su parte, el subsecretario de Educaci\u00f3n Superior, V\u00edctor Orellana \u00c1lvarez, calific\u00f3 la Cuenta P\u00fablica como contundente, destacando los avances econ\u00f3micos y de gesti\u00f3n alcanzados por la instituci\u00f3n. En su intervenci\u00f3n, relev\u00f3 el liderazgo de la universidad en resultados operativos a nivel del sistema universitario, el avance en infraestructura propia y el aseguramiento de financiamiento para proyectos estrat\u00e9gicos, como el edificio fundacional. Asimismo, subray\u00f3 el incremento del compromiso acad\u00e9mico con la docencia, la creaci\u00f3n de nuevas carreras pertinentes al territorio y el trabajo articulado con el Plan Integral de Crecimiento de las Universidades del Estado. \u201cTodo esto se suma a una recuperaci\u00f3n fundamental en lo simb\u00f3lico, en lo cultural y en lo emotivo: el cari\u00f1o y el respeto de la regi\u00f3n por la Universidad de Ays\u00e9n\u201d, se\u00f1al\u00f3.<\/p>\n<p style=\"text-align: justify;\"><strong>Principales resultados del bienio 2024\u20132025<\/strong><\/p>\n<p style=\"text-align: justify;\">Entre los principales hitos informados en la Cuenta P\u00fablica se destac\u00f3 el paso desde p\u00e9rdidas operacionales sostenidas a resultados positivos, con m\u00e1rgenes superiores al 20% en 2024 y 2025; el crecimiento de la matr\u00edcula total, que pas\u00f3 de 660 estudiantes en 2024 a 793 en 2025, con una proyecci\u00f3n cercana a los mil estudiantes para 2026 y la ampliaci\u00f3n de la oferta acad\u00e9mica, alcanzando 13 carreras de pregrado, el primer programa de mag\u00edster y nuevos programas de educaci\u00f3n continua.<\/p>\n<p style=\"text-align: justify;\">A ello se suma la recuperaci\u00f3n y fortalecimiento del patrimonio institucional, la inexistencia de deudas financieras, la implementaci\u00f3n de sistemas modernos de gesti\u00f3n administrativa y financiera, y la consolidaci\u00f3n de un plan de infraestructura que contempla campus propios y financiamiento asegurado para proyectos estrat\u00e9gicos.<\/p>\n<p style=\"text-align: justify;\">La presentaci\u00f3n de la Cuenta P\u00fablica marc\u00f3 as\u00ed el cierre de la Administraci\u00f3n Provisional, dejando a la Universidad de Ays\u00e9n en una posici\u00f3n de estabilidad y proyecci\u00f3n, con bases s\u00f3lidas para el inicio de una nueva etapa de gobierno universitario y desarrollo institucional al servicio del territorio austral.<\/p>\n<\/div><\/section><\/div><div  style='height:50px' class='hr hr-invisible   avia-builder-el-6  el_after_av_one_full  el_before_av_social_share '><span class='hr-inner ' ><span class='hr-inner-style'><\/span><\/span><\/div><\/p>\n<div  class='av-social-sharing-box  avia-builder-el-7  el_after_av_hr  el_before_av_hr  '><div class='av-share-box'><h5 class='av-share-link-description av-no-toc '>Compartir esta noticia<\/h5><ul class='av-share-box-list noLightbox'><li class='av-share-link av-social-link-facebook' ><a target=\"_blank\" aria-label=\"Compartir en Facebook\" href='https:\/\/www.facebook.com\/sharer.php?u=https:\/\/radiorevelacionfm.cl\/?p=63178&#038;t=UAys%C3%A9n%20present%C3%B3%20su%20Cuenta%20P%C3%BAblica%202024%E2%80%932025%20y%20cerr%C3%B3%20un%20bienio%20con%20resultados%20hist%C3%B3ricos' aria-hidden='false' data-av_icon='\ue8f3' data-av_iconfont='entypo-fontello' title='' data-avia-related-tooltip='Compartir en Facebook' rel=\"noopener\"><span class='avia_hidden_link_text'>Compartir en Facebook<\/span><\/a><\/li><li class='av-share-link av-social-link-twitter' ><a target=\"_blank\" aria-label=\"Compartir en Twitter\" href='https:\/\/twitter.com\/share?text=UAys%C3%A9n%20present%C3%B3%20su%20Cuenta%20P%C3%BAblica%202024%E2%80%932025%20y%20cerr%C3%B3%20un%20bienio%20con%20resultados%20hist%C3%B3ricos&#038;url=https:\/\/radiorevelacionfm.cl\/?p=63178' aria-hidden='false' data-av_icon='\ue8f1' data-av_iconfont='entypo-fontello' title='' data-avia-related-tooltip='Compartir en Twitter' rel=\"noopener\"><span class='avia_hidden_link_text'>Compartir en Twitter<\/span><\/a><\/li><li class='av-share-link av-social-link-whatsapp' ><a target=\"_blank\" aria-label=\"Compartir en Whatsapp\" href='https:\/\/api.whatsapp.com\/send?text=https:\/\/radiorevelacionfm.cl\/?p=63178' aria-hidden='false' data-av_icon='\uf232' data-av_iconfont='entypo-fontello' title='' data-avia-related-tooltip='Compartir en Whatsapp' rel=\"noopener\"><span class='avia_hidden_link_text'>Compartir en Whatsapp<\/span><\/a><\/li><li class='av-share-link av-social-link-linkedin' ><a target=\"_blank\" aria-label=\"Compartir en LinkedIn\" href='https:\/\/linkedin.com\/shareArticle?mini=true&#038;title=UAys%C3%A9n%20present%C3%B3%20su%20Cuenta%20P%C3%BAblica%202024%E2%80%932025%20y%20cerr%C3%B3%20un%20bienio%20con%20resultados%20hist%C3%B3ricos&#038;url=https:\/\/radiorevelacionfm.cl\/?p=63178' aria-hidden='false' data-av_icon='\ue8fc' data-av_iconfont='entypo-fontello' title='' data-avia-related-tooltip='Compartir en LinkedIn' rel=\"noopener\"><span class='avia_hidden_link_text'>Compartir en LinkedIn<\/span><\/a><\/li><li class='av-share-link av-social-link-mail' ><a  aria-label=\"Compartir por correo\" href='mailto:?subject=UAys%C3%A9n%20present%C3%B3%20su%20Cuenta%20P%C3%BAblica%202024%E2%80%932025%20y%20cerr%C3%B3%20un%20bienio%20con%20resultados%20hist%C3%B3ricos&#038;body=https:\/\/radiorevelacionfm.cl\/?p=63178' aria-hidden='false' data-av_icon='\ue805' data-av_iconfont='entypo-fontello' title='' data-avia-related-tooltip='Compartir por correo'><span class='avia_hidden_link_text'>Compartir por correo<\/span><\/a><\/li><\/ul><\/div><\/div>\n<div  style='height:50px' class='hr hr-invisible   avia-builder-el-8  el_after_av_social_share  el_before_av_comments_list '><span class='hr-inner ' ><span class='hr-inner-style'><\/span><\/span><\/div>\n<div  class='av-buildercomment  av-blog-meta-html-info-disabled av-blog-meta-tag-disabled  '><\/div>\n","protected":false},"excerpt":{"rendered":"","protected":false},"author":1,"featured_media":63179,"comment_status":"closed","ping_status":"closed","sticky":false,"template":"","format":"standard","meta":{"footnotes":""},"categories":[49],"tags":[],"class_list":["post-63178","post","type-post","status-publish","format-standard","has-post-thumbnail","hentry","category-educacion"],"jetpack_featured_media_url":"https:\/\/radiorevelacionfm.cl\/wp-content\/uploads\/2026\/01\/img_2189-1_optimized.jpg","_links":{"self":[{"href":"https:\/\/radiorevelacionfm.cl\/index.php?rest_route=\/wp\/v2\/posts\/63178","targetHints":{"allow":["GET"]}}],"collection":[{"href":"https:\/\/radiorevelacionfm.cl\/index.php?rest_route=\/wp\/v2\/posts"}],"about":[{"href":"https:\/\/radiorevelacionfm.cl\/index.php?rest_route=\/wp\/v2\/types\/post"}],"author":[{"embeddable":true,"href":"https:\/\/radiorevelacionfm.cl\/index.php?rest_route=\/wp\/v2\/users\/1"}],"replies":[{"embeddable":true,"href":"https:\/\/radiorevelacionfm.cl\/index.php?rest_route=%2Fwp%2Fv2%2Fcomments&post=63178"}],"version-history":[{"count":2,"href":"https:\/\/radiorevelacionfm.cl\/index.php?rest_route=\/wp\/v2\/posts\/63178\/revisions"}],"predecessor-version":[{"id":63181,"href":"https:\/\/radiorevelacionfm.cl\/index.php?rest_route=\/wp\/v2\/posts\/63178\/revisions\/63181"}],"wp:featuredmedia":[{"embeddable":true,"href":"https:\/\/radiorevelacionfm.cl\/index.php?rest_route=\/wp\/v2\/media\/63179"}],"wp:attachment":[{"href":"https:\/\/radiorevelacionfm.cl\/index.php?rest_route=%2Fwp%2Fv2%2Fmedia&parent=63178"}],"wp:term":[{"taxonomy":"category","embeddable":true,"href":"https:\/\/radiorevelacionfm.cl\/index.php?rest_route=%2Fwp%2Fv2%2Fcategories&post=63178"},{"taxonomy":"post_tag","embeddable":true,"href":"https:\/\/radiorevelacionfm.cl\/index.php?rest_route=%2Fwp%2Fv2%2Ftags&post=63178"}],"curies":[{"name":"wp","href":"https:\/\/api.w.org\/{rel}","templated":true}]}}