{"id":63167,"date":"2026-01-11T19:46:46","date_gmt":"2026-01-11T22:46:46","guid":{"rendered":"https:\/\/radiorevelacionfm.cl\/?p=63167"},"modified":"2026-01-11T19:46:46","modified_gmt":"2026-01-11T22:46:46","slug":"inauguran-la-pergola-cultural-nuevo-espacio-para-la-musica-en-vivo-en-la-plaza-de-armas","status":"publish","type":"post","link":"https:\/\/radiorevelacionfm.cl\/?p=63167","title":{"rendered":"Inauguran la \u201cP\u00e9rgola Cultural\u201d: nuevo espacio para la m\u00fasica en vivo en la Plaza de Armas"},"content":{"rendered":"<div class=\"flex_column av_one_full  flex_column_div av-zero-column-padding first  avia-builder-el-0  el_before_av_one_full  avia-builder-el-first  \" style='border-radius:0px; '><div  class='avia-image-container  av-styling-    avia-builder-el-1  avia-builder-el-no-sibling  avia-align-center '  itemprop=\"image\" itemscope=\"itemscope\" itemtype=\"https:\/\/schema.org\/ImageObject\"  ><div class='avia-image-container-inner'><div class='avia-image-overlay-wrap'><img decoding=\"async\" class='wp-image-63168 avia-img-lazy-loading-not-63168 avia_image' src=\"https:\/\/radiorevelacionfm.cl\/wp-content\/uploads\/2026\/01\/pergola-cultural-2-1-1_optimized-1.jpg\" alt='' title='pergola-cultural-2-(1)-(1)_optimized (1)' height=\"600\" width=\"1066\"  itemprop=\"thumbnailUrl\" srcset=\"https:\/\/radiorevelacionfm.cl\/wp-content\/uploads\/2026\/01\/pergola-cultural-2-1-1_optimized-1.jpg 1066w, https:\/\/radiorevelacionfm.cl\/wp-content\/uploads\/2026\/01\/pergola-cultural-2-1-1_optimized-1-300x169.jpg 300w, https:\/\/radiorevelacionfm.cl\/wp-content\/uploads\/2026\/01\/pergola-cultural-2-1-1_optimized-1-1030x580.jpg 1030w, https:\/\/radiorevelacionfm.cl\/wp-content\/uploads\/2026\/01\/pergola-cultural-2-1-1_optimized-1-768x432.jpg 768w, https:\/\/radiorevelacionfm.cl\/wp-content\/uploads\/2026\/01\/pergola-cultural-2-1-1_optimized-1-705x397.jpg 705w, https:\/\/radiorevelacionfm.cl\/wp-content\/uploads\/2026\/01\/pergola-cultural-2-1-1_optimized-1-450x253.jpg 450w, https:\/\/radiorevelacionfm.cl\/wp-content\/uploads\/2026\/01\/pergola-cultural-2-1-1_optimized-1-600x338.jpg 600w\" sizes=\"(max-width: 1066px) 100vw, 1066px\" \/><\/div><\/div><\/div><\/div><div class=\"flex_column av_one_full  flex_column_div av-zero-column-padding first  avia-builder-el-2  el_after_av_one_full  el_before_av_one_full  column-top-margin\" style='border-radius:0px; '><section class=\"av_textblock_section \"  itemscope=\"itemscope\" itemtype=\"https:\/\/schema.org\/BlogPosting\" itemprop=\"blogPost\" ><div class='avia_textblock  '   itemprop=\"text\" ><p style=\"text-align: center;\"><strong><span style=\"font-size: 18pt;\">Inauguran la \u201cP\u00e9rgola Cultural\u201d: nuevo espacio para la m\u00fasica en vivo en la Plaza de Armas<\/span><\/strong><\/p>\n<div id=\"gtx-trans\" style=\"position: absolute; left: -50px; top: 4.31534px;\">\n<div class=\"gtx-trans-icon\"><\/div>\n<\/div>\n<\/div><\/section><\/div><div class=\"flex_column av_one_full  flex_column_div av-zero-column-padding first  avia-builder-el-4  el_after_av_one_full  el_before_av_hr  column-top-margin\" style='border-radius:0px; '><section class=\"av_textblock_section \"  itemscope=\"itemscope\" itemtype=\"https:\/\/schema.org\/BlogPosting\" itemprop=\"blogPost\" ><div class='avia_textblock  '   itemprop=\"text\" ><p style=\"text-align: justify;\">Con m\u00fasica, alegr\u00eda y una importante convocatoria ciudadana, la Municipalidad de Coyhaique inaugur\u00f3 oficialmente la \u201cP\u00e9rgola Cultural\u201d, un nuevo espacio destinado a la m\u00fasica en vivo y a las expresiones art\u00edsticas locales, ubicado en plena Plaza de Armas. Esta iniciativa estar\u00e1 abierta a todo el p\u00fablico durante el verano, con presentaciones los jueves, viernes y s\u00e1bados, desde las 18 horas, transform\u00e1ndose en un punto de encuentro para familias, vecinos y visitantes.<\/p>\n<p style=\"text-align: justify;\">La \u201cP\u00e9rgola Cultural\u201d nace como una instancia pensada para llenar las tardes de verano con entretenci\u00f3n y emoci\u00f3n, promoviendo el acceso gratuito a la cultura y fortaleciendo la vida comunitaria en el principal espacio p\u00fablico de la ciudad.<\/p>\n<p style=\"text-align: justify;\">El alcalde de Coyhaique, Carlos Gatica, destac\u00f3 el compromiso del municipio con el desarrollo cultural y el uso de los espacios p\u00fablicos al servicio de la comunidad, asegurando que \u201ccomo municipio estamos convencidos de que la cultura debe estar al alcance de todas y todos. La P\u00e9rgola Cultural es una muestra concreta de nuestro trabajo por recuperar y activar los espacios p\u00fablicos, generando instancias de encuentro familiar, de alegr\u00eda y de identidad local, especialmente durante el verano\u201d.<\/p>\n<p style=\"text-align: justify;\">En la misma l\u00ednea, el Director (s) de la Corporaci\u00f3n Cultural de Coyhaique, Hern\u00e1n Cares, valor\u00f3 el impacto que tendr\u00e1 esta iniciativa, asegurando que \u201ceste espacio permite acercar la m\u00fasica y las artes a la comunidad. Queremos que la P\u00e9rgola Cultural se convierta en un escenario vivo, diverso y representativo de la identidad cultural de Coyhaique\u201d, indic\u00f3.<\/p>\n<p style=\"text-align: justify;\">Desde el municipio se hizo un llamado a la comunidad a participar activamente de esta programaci\u00f3n estival, disfrutar de las presentaciones y cuidar este nuevo espacio, que busca consolidarse como un referente cultural y familiar durante los meses de verano en el Coraz\u00f3n de la Patagonia.<\/p>\n<\/div><\/section><\/div><div  style='height:50px' class='hr hr-invisible   avia-builder-el-6  el_after_av_one_full  el_before_av_social_share '><span class='hr-inner ' ><span class='hr-inner-style'><\/span><\/span><\/div><\/p>\n<div  class='av-social-sharing-box  avia-builder-el-7  el_after_av_hr  el_before_av_hr  '><div class='av-share-box'><h5 class='av-share-link-description av-no-toc '>Compartir esta noticia<\/h5><ul class='av-share-box-list noLightbox'><li class='av-share-link av-social-link-facebook' ><a target=\"_blank\" aria-label=\"Compartir en Facebook\" href='https:\/\/www.facebook.com\/sharer.php?u=https:\/\/radiorevelacionfm.cl\/?p=63167&#038;t=Inauguran%20la%20%E2%80%9CP%C3%A9rgola%20Cultural%E2%80%9D%3A%20nuevo%20espacio%20para%20la%20m%C3%BAsica%20en%20vivo%20en%20la%20Plaza%20de%20Armas' aria-hidden='false' data-av_icon='\ue8f3' data-av_iconfont='entypo-fontello' title='' data-avia-related-tooltip='Compartir en Facebook' rel=\"noopener\"><span class='avia_hidden_link_text'>Compartir en Facebook<\/span><\/a><\/li><li class='av-share-link av-social-link-twitter' ><a target=\"_blank\" aria-label=\"Compartir en Twitter\" href='https:\/\/twitter.com\/share?text=Inauguran%20la%20%E2%80%9CP%C3%A9rgola%20Cultural%E2%80%9D%3A%20nuevo%20espacio%20para%20la%20m%C3%BAsica%20en%20vivo%20en%20la%20Plaza%20de%20Armas&#038;url=https:\/\/radiorevelacionfm.cl\/?p=63167' aria-hidden='false' data-av_icon='\ue8f1' data-av_iconfont='entypo-fontello' title='' data-avia-related-tooltip='Compartir en Twitter' rel=\"noopener\"><span class='avia_hidden_link_text'>Compartir en Twitter<\/span><\/a><\/li><li class='av-share-link av-social-link-whatsapp' ><a target=\"_blank\" aria-label=\"Compartir en Whatsapp\" href='https:\/\/api.whatsapp.com\/send?text=https:\/\/radiorevelacionfm.cl\/?p=63167' aria-hidden='false' data-av_icon='\uf232' data-av_iconfont='entypo-fontello' title='' data-avia-related-tooltip='Compartir en Whatsapp' rel=\"noopener\"><span class='avia_hidden_link_text'>Compartir en Whatsapp<\/span><\/a><\/li><li class='av-share-link av-social-link-linkedin' ><a target=\"_blank\" aria-label=\"Compartir en LinkedIn\" href='https:\/\/linkedin.com\/shareArticle?mini=true&#038;title=Inauguran%20la%20%E2%80%9CP%C3%A9rgola%20Cultural%E2%80%9D%3A%20nuevo%20espacio%20para%20la%20m%C3%BAsica%20en%20vivo%20en%20la%20Plaza%20de%20Armas&#038;url=https:\/\/radiorevelacionfm.cl\/?p=63167' aria-hidden='false' data-av_icon='\ue8fc' data-av_iconfont='entypo-fontello' title='' data-avia-related-tooltip='Compartir en LinkedIn' rel=\"noopener\"><span class='avia_hidden_link_text'>Compartir en LinkedIn<\/span><\/a><\/li><li class='av-share-link av-social-link-mail' ><a  aria-label=\"Compartir por correo\" href='mailto:?subject=Inauguran%20la%20%E2%80%9CP%C3%A9rgola%20Cultural%E2%80%9D%3A%20nuevo%20espacio%20para%20la%20m%C3%BAsica%20en%20vivo%20en%20la%20Plaza%20de%20Armas&#038;body=https:\/\/radiorevelacionfm.cl\/?p=63167' aria-hidden='false' data-av_icon='\ue805' data-av_iconfont='entypo-fontello' title='' data-avia-related-tooltip='Compartir por correo'><span class='avia_hidden_link_text'>Compartir por correo<\/span><\/a><\/li><\/ul><\/div><\/div>\n<div  style='height:50px' class='hr hr-invisible   avia-builder-el-8  el_after_av_social_share  el_before_av_comments_list '><span class='hr-inner ' ><span class='hr-inner-style'><\/span><\/span><\/div>\n<div  class='av-buildercomment  av-blog-meta-html-info-disabled av-blog-meta-tag-disabled  '><\/div>\n","protected":false},"excerpt":{"rendered":"","protected":false},"author":1,"featured_media":63168,"comment_status":"closed","ping_status":"closed","sticky":false,"template":"","format":"standard","meta":{"footnotes":""},"categories":[38],"tags":[],"class_list":["post-63167","post","type-post","status-publish","format-standard","has-post-thumbnail","hentry","category-regional"],"jetpack_featured_media_url":"https:\/\/radiorevelacionfm.cl\/wp-content\/uploads\/2026\/01\/pergola-cultural-2-1-1_optimized-1.jpg","_links":{"self":[{"href":"https:\/\/radiorevelacionfm.cl\/index.php?rest_route=\/wp\/v2\/posts\/63167","targetHints":{"allow":["GET"]}}],"collection":[{"href":"https:\/\/radiorevelacionfm.cl\/index.php?rest_route=\/wp\/v2\/posts"}],"about":[{"href":"https:\/\/radiorevelacionfm.cl\/index.php?rest_route=\/wp\/v2\/types\/post"}],"author":[{"embeddable":true,"href":"https:\/\/radiorevelacionfm.cl\/index.php?rest_route=\/wp\/v2\/users\/1"}],"replies":[{"embeddable":true,"href":"https:\/\/radiorevelacionfm.cl\/index.php?rest_route=%2Fwp%2Fv2%2Fcomments&post=63167"}],"version-history":[{"count":2,"href":"https:\/\/radiorevelacionfm.cl\/index.php?rest_route=\/wp\/v2\/posts\/63167\/revisions"}],"predecessor-version":[{"id":63171,"href":"https:\/\/radiorevelacionfm.cl\/index.php?rest_route=\/wp\/v2\/posts\/63167\/revisions\/63171"}],"wp:featuredmedia":[{"embeddable":true,"href":"https:\/\/radiorevelacionfm.cl\/index.php?rest_route=\/wp\/v2\/media\/63168"}],"wp:attachment":[{"href":"https:\/\/radiorevelacionfm.cl\/index.php?rest_route=%2Fwp%2Fv2%2Fmedia&parent=63167"}],"wp:term":[{"taxonomy":"category","embeddable":true,"href":"https:\/\/radiorevelacionfm.cl\/index.php?rest_route=%2Fwp%2Fv2%2Fcategories&post=63167"},{"taxonomy":"post_tag","embeddable":true,"href":"https:\/\/radiorevelacionfm.cl\/index.php?rest_route=%2Fwp%2Fv2%2Ftags&post=63167"}],"curies":[{"name":"wp","href":"https:\/\/api.w.org\/{rel}","templated":true}]}}