{"id":63164,"date":"2026-01-11T20:24:56","date_gmt":"2026-01-11T23:24:56","guid":{"rendered":"https:\/\/radiorevelacionfm.cl\/?p=63164"},"modified":"2026-01-11T20:26:49","modified_gmt":"2026-01-11T23:26:49","slug":"resultados-casen-2024-hemos-mejorado-la-calidad-de-vida-integral-de-las-personas-de-aysen","status":"publish","type":"post","link":"https:\/\/radiorevelacionfm.cl\/?p=63164","title":{"rendered":"Resultados Casen 2024: \u201cHemos mejorado la calidad de vida integral de las personas de Ays\u00e9n\u201d"},"content":{"rendered":"<div class=\"flex_column av_one_full  flex_column_div av-zero-column-padding first  avia-builder-el-0  el_before_av_one_full  avia-builder-el-first  \" style='border-radius:0px; '><div  class='avia-image-container  av-styling-    avia-builder-el-1  avia-builder-el-no-sibling  avia-align-center '  itemprop=\"image\" itemscope=\"itemscope\" itemtype=\"https:\/\/schema.org\/ImageObject\"  ><div class='avia-image-container-inner'><div class='avia-image-overlay-wrap'><img decoding=\"async\" class='wp-image-63165 avia-img-lazy-loading-not-63165 avia_image' src=\"https:\/\/radiorevelacionfm.cl\/wp-content\/uploads\/2026\/01\/casen-2024-2-2-1_optimized-1.jpeg\" alt='' title='casen-2024-2-(2)-(1)_optimized (1)' height=\"600\" width=\"800\"  itemprop=\"thumbnailUrl\" srcset=\"https:\/\/radiorevelacionfm.cl\/wp-content\/uploads\/2026\/01\/casen-2024-2-2-1_optimized-1.jpeg 800w, https:\/\/radiorevelacionfm.cl\/wp-content\/uploads\/2026\/01\/casen-2024-2-2-1_optimized-1-300x225.jpeg 300w, https:\/\/radiorevelacionfm.cl\/wp-content\/uploads\/2026\/01\/casen-2024-2-2-1_optimized-1-768x576.jpeg 768w, https:\/\/radiorevelacionfm.cl\/wp-content\/uploads\/2026\/01\/casen-2024-2-2-1_optimized-1-705x529.jpeg 705w, https:\/\/radiorevelacionfm.cl\/wp-content\/uploads\/2026\/01\/casen-2024-2-2-1_optimized-1-450x338.jpeg 450w, https:\/\/radiorevelacionfm.cl\/wp-content\/uploads\/2026\/01\/casen-2024-2-2-1_optimized-1-600x450.jpeg 600w\" sizes=\"(max-width: 800px) 100vw, 800px\" \/><\/div><\/div><\/div><\/div>\n<div class=\"flex_column av_one_full  flex_column_div av-zero-column-padding first  avia-builder-el-2  el_after_av_one_full  el_before_av_one_full  column-top-margin\" style='border-radius:0px; '><section class=\"av_textblock_section \"  itemscope=\"itemscope\" itemtype=\"https:\/\/schema.org\/BlogPosting\" itemprop=\"blogPost\" ><div class='avia_textblock  '   itemprop=\"text\" ><p style=\"text-align: center;\"><strong><span style=\"font-size: 18pt;\">Resultados Casen 2024: \u201cHemos mejorado la calidad de vida integral de las personas de Ays\u00e9n\u201d<\/span><\/strong><\/p>\n<div id=\"gtx-trans\" style=\"position: absolute; left: -50px; top: 4.31534px;\">\n<div class=\"gtx-trans-icon\"><\/div>\n<\/div>\n<\/div><\/section><\/div>\n<div class=\"flex_column av_one_full  flex_column_div av-zero-column-padding first  avia-builder-el-4  el_after_av_one_full  el_before_av_hr  column-top-margin\" style='border-radius:0px; '><section class=\"av_textblock_section \"  itemscope=\"itemscope\" itemtype=\"https:\/\/schema.org\/BlogPosting\" itemprop=\"blogPost\" ><div class='avia_textblock  '   itemprop=\"text\" ><p style=\"text-align: justify;\"><em>Los resultados Casen revelaron en Ays\u00e9n que a dos a\u00f1os de la \u00faltima muestra, se logr\u00f3 superar el rezago escolar, la dotaci\u00f3n de viviendas, contaminaci\u00f3n, se generaron acciones concretas en materia de cuidados, entre otros. Mientras que en los desaf\u00edos se evidencian en las dimensiones de salud y cohesi\u00f3n social en cuanto a apoyos.<\/em><\/p>\n<p style=\"text-align: justify;\">Por debajo del promedio nacional de la pobreza en todas sus dimensiones, se encuentra la regi\u00f3n de Ays\u00e9n tras darse a conocer los resultados de la Encuesta Casen 2024, que la sit\u00faan en tercer lugar con un 14,3%, despu\u00e9s de las regiones de Magallanes y Metropolitana.<\/p>\n<p style=\"text-align: justify;\">La Encuesta Casen 2024 que arroj\u00f3 un\u00a0promedio nacional de 17,3% de pobreza, se presenta con una nueva metodolog\u00eda oficial, m\u00e1s exigente y actualizada dise\u00f1ada para reflejar de mejor manera la realidad social y econ\u00f3mica del pa\u00eds.<\/p>\n<p style=\"text-align: justify;\">Las cifras regionales que en su conjunto no tuvieron mayor variaci\u00f3n a la \u00faltima medici\u00f3n del 2022, fueron valoradas por el Delegado Presidencial Regional, Jorge D\u00edaz Guzm\u00e1n \u201cComo gobierno estamos muy satisfechos, pero al mismo tiempo con nuevos desaf\u00edos, porque hemos logrado que seiscientos mil habitantes de nuestro pa\u00eds hayan salido de la pobreza. El desarrollo no es solamente fierro y cemento, es tambi\u00e9n bienestar para las personas. Este indicador, tiene que ver tambi\u00e9n con los niveles de educaci\u00f3n que hemos logrado, con la cobertura que tiene el sistema de salud p\u00fablica, con la baja deserci\u00f3n escolar. Tiene que ver tambi\u00e9n en el caso de la regi\u00f3n de Ays\u00e9n, de abrir oportunidades a quienes necesitan capacitarse, tener una carrera t\u00e9cnico profesional o adquirir nuevos conocimientos en la universidad. Por lo tanto, la pobreza tiene que ver con mejorar la calidad integral de las personas\u201d.<\/p>\n<p style=\"text-align: justify;\">Desde el Ministerio de Desarrollo Social y Familia en la regi\u00f3n de Ays\u00e9n fue ampliamente reconocido los avances en dos a\u00f1os, sobre todo en materia de cuidados, as\u00ed lo dio a conocer la seremi subrogante de la cartera, Isabel Beroisa Henr\u00edquez \u201cSeguimos estando por debajo del promedio nacional de pobreza. Esto da cuenta de que los esfuerzos en materia de abordaje de la poblaci\u00f3n con mayor \u00edndice\u00a0de vulnerabilidad, ha sido eficiente y exitosa. Podemos decir que el crecimiento econ\u00f3mico, junto con el fortalecimiento de las pol\u00edticas sociales, ha ido en la mejora del bienestar de todas las familias, tanto en la regi\u00f3n como a nivel pa\u00eds. Seguimos trabajando para fortalecer aquellos \u00e1mbitos que tienen que ver con espec\u00edficamente los cuidados, que es lo que nos ata\u00f1e como ministerio, para dar respuesta en apoyo a las familias que lo requieren\u201d.<\/p>\n<p style=\"text-align: justify;\">La nueva medici\u00f3n de la Casen sit\u00faa a la regi\u00f3n de Ays\u00e9n en un positivo escalaf\u00f3n en cuanto a la pobreza extrema por ingresos, la pobreza severa y la pobreza multidimensional que analiza educaci\u00f3n, salud, trabajo y seguridad social, vivienda y entorno, y por \u00faltimo: redes y cohesi\u00f3n social.<\/p>\n<p style=\"text-align: justify;\">Sobre este punto Isabel Beroisa indic\u00f3 que se revelan nuevos antecedentes a observar y atender como Estado en el territorio aysenino \u201cA partir de estos resultados tenemos tem\u00e1ticas que son desaf\u00edos para abordar como Estado en materia social. Primero es en la dimensi\u00f3n salud, tanto el acceso a la atenci\u00f3n, as\u00ed como el apoyo a las personas con dependencia funcional. Por el lado de la dimensi\u00f3n de cohesi\u00f3n social el fortalecimiento de las relaciones sociales, son materias que requieren ser abordadas y nos siguen preocupando \u00e1mbitos relativos a ni\u00f1os, ni\u00f1as y adolescentes y el grupo de personas mayores de 60 o m\u00e1s a\u00f1os, que son grupos que mantienen brechas importantes en la materia de pobreza. Como Ministerio invitamos a quienes son tomadores de decisiones a revisar estos resultados, reconocerlos y hacerlos parte de la pol\u00edtica p\u00fablica que llevan adelante\u201d.<\/p>\n<p style=\"text-align: justify;\"><strong>ANTECEDENTES CASEN 2024<\/strong><\/p>\n<p style=\"text-align: justify;\">El trabajo de campo de la Encuesta Casen 2024 dependiente del Ministerio de Desarrollo Social y Familia, se realiz\u00f3 entre el 1 de noviembre de 2024 y el 2 de febrero de 2025 por el Centro de Microdatos de la Universidad de Chile, llegando en la regi\u00f3n de Ays\u00e9n a 8 de 10 comunas, exceptuando a Guaitecas y O\u2019Higgins por dificultad en desplazamiento, encuest\u00e1ndose a 1633 hogares.<\/p>\n<p style=\"text-align: justify;\">A nivel regional, el 5,3% de la poblaci\u00f3n se encuentra en situaci\u00f3n de pobreza extrema por ingreso, mientras que a nivel nacional la cifra para el indicador es 6,9%, lo que posiciona al territorio aysenino en un positivo segundo lugar, despu\u00e9s de Magallanes que est\u00e1 en un 4,2%.<\/p>\n<p style=\"text-align: justify;\">En 2024, la regi\u00f3n de Ays\u00e9n presenta un 4,5% de la poblaci\u00f3n en pobreza severa, lo que es significativamente menor a la cifra a nivel nacional que obtiene un 6,1%. En cuanto a la pobreza multidimensional en la poblaci\u00f3n hay una incidencia de un 12,1%, ubic\u00e1ndose por debajo del promedio nacional que tiene un 17,7%.<\/p>\n<p style=\"text-align: justify;\">La nueva metodolog\u00eda convoc\u00f3 a una Comisi\u00f3n Asesora Presidencial transversal y multidisciplinaria, cuyas recomendaciones fueron validadas por una Mesa T\u00e9cnica integrada por el Ministerio de Desarrollo Social y Familia, el INE, la CEPAL y el PNUD, entregando garant\u00edas de calidad, rigor y credibilidad a las cifras oficiales.<\/p>\n<p><img decoding=\"async\" src=\"https:\/\/mail.google.com\/mail\/u\/0?ui=2&amp;ik=731b0022c3&amp;attid=0.0.1&amp;permmsgid=msg-f:1854047567656785372&amp;th=19bae6708adc15dc&amp;view=fimg&amp;fur=ip&amp;permmsgid=msg-f:1854047567656785372&amp;sz=s0-l75-ft&amp;attbid=ANGjdJ_jSzU7lNXV-mklardMoucextR0Cx6hwlYsUpv1OiB--Gy7CE-F3_xpTcNWZXr7tAS4_5HdoUmYje3byPsBBP-cCrcQBrTTCkXScCnBGgmHUSoWUDKJ9w92ba8&amp;disp=emb&amp;zw\" \/><\/p>\n<\/div><\/section><\/div><div  style='height:50px' class='hr hr-invisible   avia-builder-el-6  el_after_av_one_full  el_before_av_social_share '><span class='hr-inner ' ><span class='hr-inner-style'><\/span><\/span><\/div><\/p>\n<div  class='av-social-sharing-box  avia-builder-el-7  el_after_av_hr  el_before_av_hr  '><div class='av-share-box'><h5 class='av-share-link-description av-no-toc '>Compartir esta noticia<\/h5><ul class='av-share-box-list noLightbox'><li class='av-share-link av-social-link-facebook' ><a target=\"_blank\" aria-label=\"Compartir en Facebook\" href='https:\/\/www.facebook.com\/sharer.php?u=https:\/\/radiorevelacionfm.cl\/?p=63164&#038;t=Resultados%20Casen%202024%3A%20%E2%80%9CHemos%20mejorado%20la%20calidad%20de%20vida%20integral%20de%20las%20personas%20de%20Ays%C3%A9n%E2%80%9D' aria-hidden='false' data-av_icon='\ue8f3' data-av_iconfont='entypo-fontello' title='' data-avia-related-tooltip='Compartir en Facebook' rel=\"noopener\"><span class='avia_hidden_link_text'>Compartir en Facebook<\/span><\/a><\/li><li class='av-share-link av-social-link-twitter' ><a target=\"_blank\" aria-label=\"Compartir en Twitter\" href='https:\/\/twitter.com\/share?text=Resultados%20Casen%202024%3A%20%E2%80%9CHemos%20mejorado%20la%20calidad%20de%20vida%20integral%20de%20las%20personas%20de%20Ays%C3%A9n%E2%80%9D&#038;url=https:\/\/radiorevelacionfm.cl\/?p=63164' aria-hidden='false' data-av_icon='\ue8f1' data-av_iconfont='entypo-fontello' title='' data-avia-related-tooltip='Compartir en Twitter' rel=\"noopener\"><span class='avia_hidden_link_text'>Compartir en Twitter<\/span><\/a><\/li><li class='av-share-link av-social-link-whatsapp' ><a target=\"_blank\" aria-label=\"Compartir en Whatsapp\" href='https:\/\/api.whatsapp.com\/send?text=https:\/\/radiorevelacionfm.cl\/?p=63164' aria-hidden='false' data-av_icon='\uf232' data-av_iconfont='entypo-fontello' title='' data-avia-related-tooltip='Compartir en Whatsapp' rel=\"noopener\"><span class='avia_hidden_link_text'>Compartir en Whatsapp<\/span><\/a><\/li><li class='av-share-link av-social-link-linkedin' ><a target=\"_blank\" aria-label=\"Compartir en LinkedIn\" href='https:\/\/linkedin.com\/shareArticle?mini=true&#038;title=Resultados%20Casen%202024%3A%20%E2%80%9CHemos%20mejorado%20la%20calidad%20de%20vida%20integral%20de%20las%20personas%20de%20Ays%C3%A9n%E2%80%9D&#038;url=https:\/\/radiorevelacionfm.cl\/?p=63164' aria-hidden='false' data-av_icon='\ue8fc' data-av_iconfont='entypo-fontello' title='' data-avia-related-tooltip='Compartir en LinkedIn' rel=\"noopener\"><span class='avia_hidden_link_text'>Compartir en LinkedIn<\/span><\/a><\/li><li class='av-share-link av-social-link-mail' ><a  aria-label=\"Compartir por correo\" href='mailto:?subject=Resultados%20Casen%202024%3A%20%E2%80%9CHemos%20mejorado%20la%20calidad%20de%20vida%20integral%20de%20las%20personas%20de%20Ays%C3%A9n%E2%80%9D&#038;body=https:\/\/radiorevelacionfm.cl\/?p=63164' aria-hidden='false' data-av_icon='\ue805' data-av_iconfont='entypo-fontello' title='' data-avia-related-tooltip='Compartir por correo'><span class='avia_hidden_link_text'>Compartir por correo<\/span><\/a><\/li><\/ul><\/div><\/div>\n<div  style='height:50px' class='hr hr-invisible   avia-builder-el-8  el_after_av_social_share  el_before_av_comments_list '><span class='hr-inner ' ><span class='hr-inner-style'><\/span><\/span><\/div>\n<div  class='av-buildercomment  av-blog-meta-html-info-disabled av-blog-meta-tag-disabled  '><\/div>\n","protected":false},"excerpt":{"rendered":"","protected":false},"author":1,"featured_media":63165,"comment_status":"closed","ping_status":"closed","sticky":false,"template":"","format":"standard","meta":{"footnotes":""},"categories":[38],"tags":[],"class_list":["post-63164","post","type-post","status-publish","format-standard","has-post-thumbnail","hentry","category-regional"],"jetpack_featured_media_url":"https:\/\/radiorevelacionfm.cl\/wp-content\/uploads\/2026\/01\/casen-2024-2-2-1_optimized-1.jpeg","_links":{"self":[{"href":"https:\/\/radiorevelacionfm.cl\/index.php?rest_route=\/wp\/v2\/posts\/63164","targetHints":{"allow":["GET"]}}],"collection":[{"href":"https:\/\/radiorevelacionfm.cl\/index.php?rest_route=\/wp\/v2\/posts"}],"about":[{"href":"https:\/\/radiorevelacionfm.cl\/index.php?rest_route=\/wp\/v2\/types\/post"}],"author":[{"embeddable":true,"href":"https:\/\/radiorevelacionfm.cl\/index.php?rest_route=\/wp\/v2\/users\/1"}],"replies":[{"embeddable":true,"href":"https:\/\/radiorevelacionfm.cl\/index.php?rest_route=%2Fwp%2Fv2%2Fcomments&post=63164"}],"version-history":[{"count":3,"href":"https:\/\/radiorevelacionfm.cl\/index.php?rest_route=\/wp\/v2\/posts\/63164\/revisions"}],"predecessor-version":[{"id":63172,"href":"https:\/\/radiorevelacionfm.cl\/index.php?rest_route=\/wp\/v2\/posts\/63164\/revisions\/63172"}],"wp:featuredmedia":[{"embeddable":true,"href":"https:\/\/radiorevelacionfm.cl\/index.php?rest_route=\/wp\/v2\/media\/63165"}],"wp:attachment":[{"href":"https:\/\/radiorevelacionfm.cl\/index.php?rest_route=%2Fwp%2Fv2%2Fmedia&parent=63164"}],"wp:term":[{"taxonomy":"category","embeddable":true,"href":"https:\/\/radiorevelacionfm.cl\/index.php?rest_route=%2Fwp%2Fv2%2Fcategories&post=63164"},{"taxonomy":"post_tag","embeddable":true,"href":"https:\/\/radiorevelacionfm.cl\/index.php?rest_route=%2Fwp%2Fv2%2Ftags&post=63164"}],"curies":[{"name":"wp","href":"https:\/\/api.w.org\/{rel}","templated":true}]}}