{"id":63162,"date":"2026-01-11T19:37:31","date_gmt":"2026-01-11T22:37:31","guid":{"rendered":"https:\/\/radiorevelacionfm.cl\/?p=63162"},"modified":"2026-01-11T19:37:31","modified_gmt":"2026-01-11T22:37:31","slug":"exigen-investigacion-diputada-marcia-raphael-legislo-ley-energetica-mientras-su-familia-hacia-lobby-por-proyecto-eolico-millonario","status":"publish","type":"post","link":"https:\/\/radiorevelacionfm.cl\/?p=63162","title":{"rendered":"Exigen investigaci\u00f3n: Diputada Marcia Raphael legisl\u00f3 ley energ\u00e9tica mientras su familia hac\u00eda lobby por proyecto e\u00f3lico millonario"},"content":{"rendered":"<div class=\"flex_column av_one_full  flex_column_div av-zero-column-padding first  avia-builder-el-0  el_before_av_one_full  avia-builder-el-first  \" style='border-radius:0px; '><div  class='avia-image-container  av-styling-    avia-builder-el-1  avia-builder-el-no-sibling  avia-align-center '  itemprop=\"image\" itemscope=\"itemscope\" itemtype=\"https:\/\/schema.org\/ImageObject\"  ><div class='avia-image-container-inner'><div class='avia-image-overlay-wrap'><img decoding=\"async\" class='wp-image-24869 avia-img-lazy-loading-not-24869 avia_image' src=\"https:\/\/radiorevelacionfm.cl\/wp-content\/uploads\/2022\/11\/marcia-raphael_cerro-castillo-1_optimized.jpg\" alt='' title='marcia-raphael_cerro-castillo-(1)_optimized' height=\"600\" width=\"855\"  itemprop=\"thumbnailUrl\" srcset=\"https:\/\/radiorevelacionfm.cl\/wp-content\/uploads\/2022\/11\/marcia-raphael_cerro-castillo-1_optimized.jpg 855w, https:\/\/radiorevelacionfm.cl\/wp-content\/uploads\/2022\/11\/marcia-raphael_cerro-castillo-1_optimized-300x211.jpg 300w, https:\/\/radiorevelacionfm.cl\/wp-content\/uploads\/2022\/11\/marcia-raphael_cerro-castillo-1_optimized-768x539.jpg 768w, https:\/\/radiorevelacionfm.cl\/wp-content\/uploads\/2022\/11\/marcia-raphael_cerro-castillo-1_optimized-705x495.jpg 705w, https:\/\/radiorevelacionfm.cl\/wp-content\/uploads\/2022\/11\/marcia-raphael_cerro-castillo-1_optimized-600x421.jpg 600w\" sizes=\"(max-width: 855px) 100vw, 855px\" \/><\/div><\/div><\/div><\/div><div class=\"flex_column av_one_full  flex_column_div av-zero-column-padding first  avia-builder-el-2  el_after_av_one_full  el_before_av_one_full  column-top-margin\" style='border-radius:0px; '><section class=\"av_textblock_section \"  itemscope=\"itemscope\" itemtype=\"https:\/\/schema.org\/BlogPosting\" itemprop=\"blogPost\" ><div class='avia_textblock  '   itemprop=\"text\" ><p style=\"text-align: center;\"><strong><span style=\"font-size: 18pt;\">Exigen investigaci\u00f3n: Diputada Marcia Raphael legisl\u00f3 ley energ\u00e9tica mientras su familia hac\u00eda lobby por proyecto e\u00f3lico millonario<\/span><\/strong><\/p>\n<div id=\"gtx-trans\" style=\"position: absolute; left: -50px; top: 4.31534px;\">\n<div class=\"gtx-trans-icon\"><\/div>\n<\/div>\n<\/div><\/section><\/div><div class=\"flex_column av_one_full  flex_column_div av-zero-column-padding first  avia-builder-el-4  el_after_av_one_full  el_before_av_hr  column-top-margin\" style='border-radius:0px; '><section class=\"av_textblock_section \"  itemscope=\"itemscope\" itemtype=\"https:\/\/schema.org\/BlogPosting\" itemprop=\"blogPost\" ><div class='avia_textblock  '   itemprop=\"text\" ><p style=\"text-align: justify;\">Un grave entramado de poder pol\u00edtico, lobby empresarial y v\u00ednculos familiares pone hoy en el centro de la pol\u00e9mica a la diputada de Renovaci\u00f3n Nacional Marcia Raphael, luego de quedar en evidencia que legisl\u00f3 activamente una ley energ\u00e9tica clave para Ays\u00e9n mientras su familia directa impulsaba un proyecto e\u00f3lico privado beneficiado por esa misma normativa.<\/p>\n<p style=\"text-align: justify;\">Los antecedentes no son interpretaciones: son hechos documentados que, en su conjunto, configuran un eventual conflicto de inter\u00e9s de m\u00e1xima gravedad, que compromete la probidad parlamentaria y la confianza p\u00fablica en el Congreso.<\/p>\n<p style=\"text-align: justify;\"><strong>Una ley hecha desde la comisi\u00f3n\u2026 y desde la familia<\/strong><\/p>\n<p style=\"text-align: justify;\">La diputada Raphael no fue una espectadora del proyecto de ley que perfecciona los Sistemas Medianos de Energ\u00eda. Fue presidenta de la Comisi\u00f3n de Zonas Extremas, instancia donde la iniciativa comenz\u00f3 su tramitaci\u00f3n y fue aprobada en primer tr\u00e1mite legislativo. M\u00e1s a\u00fan, present\u00f3 indicaciones de su propia autor\u00eda, incidiendo directamente en el contenido final de una ley que favorece a regiones como Ays\u00e9n.<\/p>\n<p style=\"text-align: justify;\">Exactamente en esa regi\u00f3n se emplaza el Parque E\u00f3lico Kosten Aike, un proyecto de US$ 62 millones, impulsado por el Grupo AQM, estrechamente ligado a la familia Galilea, n\u00facleo familiar directo de la parlamentaria.<\/p>\n<p style=\"text-align: justify;\"><strong>El esposo lobista, el cu\u00f1ado socio y la diputada legislando<\/strong><\/p>\n<p style=\"text-align: justify;\">Mientras la diputada legislaba , su esposo, Pablo Galilea Carrillo, actuaba formalmente como gestor de intereses particulares, solicitando audiencias v\u00eda Ley de Lobby ante autoridades regionales y nacionales para impulsar el proyecto e\u00f3lico Kosten Aike.<\/p>\n<p style=\"text-align: justify;\">No se trata de terceros lejanos:<\/p>\n<p style=\"text-align: justify;\">El esposo de la diputada figura como langosta del proyecto.<\/p>\n<p>El cu\u00f1ado, Alejandro Galilea Carrillo, es representante legal del grupo empresarial.<\/p>\n<p>El proyecto pertenece al Grupo AQM, que adem\u00e1s tiene entre sus representantes a Alberto Qui\u00f1ones Moraga, ex ejecutivo formalizado en el pasado por delitos ambientales en Ays\u00e9n.<\/p>\n<p>Todo esto ocurri\u00f3 en paralelo a la tramitaci\u00f3n de la ley energ\u00e9tica en el Congreso.<\/p>\n<p style=\"text-align: justify;\"><strong>Promoci\u00f3n p\u00fablica sin abstenci\u00f3n: cero distancia, cero transparencia<\/strong><\/p>\n<p style=\"text-align: justify;\">Lejos de abstenerse, la diputada Raphael defendi\u00f3 p\u00fablicamente el proyecto de ley, dio declaraciones a los medios, particip\u00f3 en reuniones ministeriales y fue incluso invitada por la industria salmonera a exponer los alcances de la normativa, sector que reconoce esta ley como una oportunidad estrat\u00e9gica de inversi\u00f3n.<\/p>\n<p style=\"text-align: justify;\">A ello se suma un hecho particularmente sensato: la diputada y su esposo participaron juntos en la Mesa de Energ\u00eda de Ays\u00e9n, una instancia oficial donde se discutieron las mismas reglas que hoy favorecen al proyecto e\u00f3lico familiar.<\/p>\n<p style=\"text-align: justify;\"><strong>Proyecto judicializado y comunidad en contra<\/strong><\/p>\n<p style=\"text-align: justify;\">El Parque E\u00f3lico Kosten Aike, ubicado en Coyhaique Alto, no es un proyecto pac\u00edfico ni consensuado. Enfrenta reclamaciones judiciales ante el Tercer Tribunal Ambiental, impulsadas por comunidades y organizaciones que denuncian falencias en la evaluaci\u00f3n de impactos ambientales, particularmente sobre recursos h\u00eddricos y ecosistemas.<\/p>\n<p style=\"text-align: justify;\">Pese a este escenario de conflicto socioambiental, la ley avanz\u00f3, la diputada no se inhabilit\u00f3 y el lobby familiar continu\u00f3.<\/p>\n<p style=\"text-align: justify;\"><strong>\u00bfUso de carga para beneficio privado?<\/strong><\/p>\n<p style=\"text-align: justify;\">La pregunta ya no es pol\u00edtica, es \u00e9tica e institucional:<\/p>\n<p style=\"text-align: justify;\">\u00bfPuede una diputada presidir la comisi\u00f3n, redactar indicaciones y defender p\u00fablicamente una ley, mientras su familia impulsa proyectos directamente beneficiados?<\/p>\n<p>\u00bfPor qu\u00e9 no transparente ni se abstuvo, pese a los evidentes v\u00ednculos?<\/p>\n<p>\u00bfQui\u00e9n protege el inter\u00e9s p\u00fablico cuando el poder legislativo y el lobby privado se cruzan en la misma mesa familiar?<\/p>\n<p><strong>Exigen investigaci\u00f3n inmediata<\/strong><\/p>\n<p style=\"text-align: justify;\">Frente a este cuadro, diversos sectores sostienen que no basta con explicaciones pol\u00edticas, sino que se requiere una investigaci\u00f3n formal e inmediata por parte de la Comisi\u00f3n de \u00c9tica de la C\u00e1mara, la Contralor\u00eda General de la Rep\u00fablica y otros organismos fiscalizadores, para determinar si existe captura legislativa o uso indebido del cargo.<\/p>\n<p style=\"text-align: justify;\">El caso Raphael\u2013Galilea no es menor ni anecd\u00f3tico: expone con crudeza c\u00f3mo la pol\u00edtica energ\u00e9tica puede quedar subordinada a intereses familiares y empresariales, poniendo en riesgo la legitimidad del Congreso y la confianza ciudadana.<\/p>\n<\/div><\/section><\/div><div  style='height:50px' class='hr hr-invisible   avia-builder-el-6  el_after_av_one_full  el_before_av_social_share '><span class='hr-inner ' ><span class='hr-inner-style'><\/span><\/span><\/div><\/p>\n<div  class='av-social-sharing-box  avia-builder-el-7  el_after_av_hr  el_before_av_hr  '><div class='av-share-box'><h5 class='av-share-link-description av-no-toc '>Compartir esta noticia<\/h5><ul class='av-share-box-list noLightbox'><li class='av-share-link av-social-link-facebook' ><a target=\"_blank\" aria-label=\"Compartir en Facebook\" href='https:\/\/www.facebook.com\/sharer.php?u=https:\/\/radiorevelacionfm.cl\/?p=63162&#038;t=Exigen%20investigaci%C3%B3n%3A%20Diputada%20Marcia%20Raphael%20legisl%C3%B3%20ley%20energ%C3%A9tica%20mientras%20su%20familia%20hac%C3%ADa%20lobby%20por%20proyecto%20e%C3%B3lico%20millonario' aria-hidden='false' data-av_icon='\ue8f3' data-av_iconfont='entypo-fontello' title='' data-avia-related-tooltip='Compartir en Facebook' rel=\"noopener\"><span class='avia_hidden_link_text'>Compartir en Facebook<\/span><\/a><\/li><li class='av-share-link av-social-link-twitter' ><a target=\"_blank\" aria-label=\"Compartir en Twitter\" href='https:\/\/twitter.com\/share?text=Exigen%20investigaci%C3%B3n%3A%20Diputada%20Marcia%20Raphael%20legisl%C3%B3%20ley%20energ%C3%A9tica%20mientras%20su%20familia%20hac%C3%ADa%20lobby%20por%20proyecto%20e%C3%B3lico%20millonario&#038;url=https:\/\/radiorevelacionfm.cl\/?p=63162' aria-hidden='false' data-av_icon='\ue8f1' data-av_iconfont='entypo-fontello' title='' data-avia-related-tooltip='Compartir en Twitter' rel=\"noopener\"><span class='avia_hidden_link_text'>Compartir en Twitter<\/span><\/a><\/li><li class='av-share-link av-social-link-whatsapp' ><a target=\"_blank\" aria-label=\"Compartir en Whatsapp\" href='https:\/\/api.whatsapp.com\/send?text=https:\/\/radiorevelacionfm.cl\/?p=63162' aria-hidden='false' data-av_icon='\uf232' data-av_iconfont='entypo-fontello' title='' data-avia-related-tooltip='Compartir en Whatsapp' rel=\"noopener\"><span class='avia_hidden_link_text'>Compartir en Whatsapp<\/span><\/a><\/li><li class='av-share-link av-social-link-linkedin' ><a target=\"_blank\" aria-label=\"Compartir en LinkedIn\" href='https:\/\/linkedin.com\/shareArticle?mini=true&#038;title=Exigen%20investigaci%C3%B3n%3A%20Diputada%20Marcia%20Raphael%20legisl%C3%B3%20ley%20energ%C3%A9tica%20mientras%20su%20familia%20hac%C3%ADa%20lobby%20por%20proyecto%20e%C3%B3lico%20millonario&#038;url=https:\/\/radiorevelacionfm.cl\/?p=63162' aria-hidden='false' data-av_icon='\ue8fc' data-av_iconfont='entypo-fontello' title='' data-avia-related-tooltip='Compartir en LinkedIn' rel=\"noopener\"><span class='avia_hidden_link_text'>Compartir en LinkedIn<\/span><\/a><\/li><li class='av-share-link av-social-link-mail' ><a  aria-label=\"Compartir por correo\" href='mailto:?subject=Exigen%20investigaci%C3%B3n%3A%20Diputada%20Marcia%20Raphael%20legisl%C3%B3%20ley%20energ%C3%A9tica%20mientras%20su%20familia%20hac%C3%ADa%20lobby%20por%20proyecto%20e%C3%B3lico%20millonario&#038;body=https:\/\/radiorevelacionfm.cl\/?p=63162' aria-hidden='false' data-av_icon='\ue805' data-av_iconfont='entypo-fontello' title='' data-avia-related-tooltip='Compartir por correo'><span class='avia_hidden_link_text'>Compartir por correo<\/span><\/a><\/li><\/ul><\/div><\/div>\n<div  style='height:50px' class='hr hr-invisible   avia-builder-el-8  el_after_av_social_share  el_before_av_comments_list '><span class='hr-inner ' ><span class='hr-inner-style'><\/span><\/span><\/div>\n<div  class='av-buildercomment  av-blog-meta-html-info-disabled av-blog-meta-tag-disabled  '><\/div>\n","protected":false},"excerpt":{"rendered":"","protected":false},"author":1,"featured_media":24869,"comment_status":"closed","ping_status":"closed","sticky":false,"template":"","format":"standard","meta":{"footnotes":""},"categories":[38],"tags":[],"class_list":["post-63162","post","type-post","status-publish","format-standard","has-post-thumbnail","hentry","category-regional"],"jetpack_featured_media_url":"https:\/\/radiorevelacionfm.cl\/wp-content\/uploads\/2022\/11\/marcia-raphael_cerro-castillo-1_optimized.jpg","_links":{"self":[{"href":"https:\/\/radiorevelacionfm.cl\/index.php?rest_route=\/wp\/v2\/posts\/63162","targetHints":{"allow":["GET"]}}],"collection":[{"href":"https:\/\/radiorevelacionfm.cl\/index.php?rest_route=\/wp\/v2\/posts"}],"about":[{"href":"https:\/\/radiorevelacionfm.cl\/index.php?rest_route=\/wp\/v2\/types\/post"}],"author":[{"embeddable":true,"href":"https:\/\/radiorevelacionfm.cl\/index.php?rest_route=\/wp\/v2\/users\/1"}],"replies":[{"embeddable":true,"href":"https:\/\/radiorevelacionfm.cl\/index.php?rest_route=%2Fwp%2Fv2%2Fcomments&post=63162"}],"version-history":[{"count":2,"href":"https:\/\/radiorevelacionfm.cl\/index.php?rest_route=\/wp\/v2\/posts\/63162\/revisions"}],"predecessor-version":[{"id":63170,"href":"https:\/\/radiorevelacionfm.cl\/index.php?rest_route=\/wp\/v2\/posts\/63162\/revisions\/63170"}],"wp:featuredmedia":[{"embeddable":true,"href":"https:\/\/radiorevelacionfm.cl\/index.php?rest_route=\/wp\/v2\/media\/24869"}],"wp:attachment":[{"href":"https:\/\/radiorevelacionfm.cl\/index.php?rest_route=%2Fwp%2Fv2%2Fmedia&parent=63162"}],"wp:term":[{"taxonomy":"category","embeddable":true,"href":"https:\/\/radiorevelacionfm.cl\/index.php?rest_route=%2Fwp%2Fv2%2Fcategories&post=63162"},{"taxonomy":"post_tag","embeddable":true,"href":"https:\/\/radiorevelacionfm.cl\/index.php?rest_route=%2Fwp%2Fv2%2Ftags&post=63162"}],"curies":[{"name":"wp","href":"https:\/\/api.w.org\/{rel}","templated":true}]}}