{"id":63154,"date":"2026-01-10T21:24:14","date_gmt":"2026-01-11T00:24:14","guid":{"rendered":"https:\/\/radiorevelacionfm.cl\/?p=63154"},"modified":"2026-01-10T21:24:14","modified_gmt":"2026-01-11T00:24:14","slug":"parque-nacional-queulat-reabre-sus-senderos-emblematicos-tras-millonaria-inversion-que-permitira-mejorar-la-experiencia-de-los-visitantes","status":"publish","type":"post","link":"https:\/\/radiorevelacionfm.cl\/?p=63154","title":{"rendered":"Parque Nacional Queulat reabre sus senderos emblem\u00e1ticos tras millonaria inversi\u00f3n que permitir\u00e1 mejorar la experiencia de los visitantes"},"content":{"rendered":"<div class=\"flex_column av_one_full  flex_column_div av-zero-column-padding first  avia-builder-el-0  el_before_av_one_full  avia-builder-el-first  \" style='border-radius:0px; '><div  class='avia-image-container  av-styling-    avia-builder-el-1  avia-builder-el-no-sibling  avia-align-center '  itemprop=\"image\" itemscope=\"itemscope\" itemtype=\"https:\/\/schema.org\/ImageObject\"  ><div class='avia-image-container-inner'><div class='avia-image-overlay-wrap'><img decoding=\"async\" class='wp-image-63155 avia-img-lazy-loading-not-63155 avia_image' src=\"https:\/\/radiorevelacionfm.cl\/wp-content\/uploads\/2026\/01\/Queulat-Mirador-1-1.jpeg\" alt='' title='Queulat Mirador (1) (1)' height=\"600\" width=\"1067\"  itemprop=\"thumbnailUrl\" srcset=\"https:\/\/radiorevelacionfm.cl\/wp-content\/uploads\/2026\/01\/Queulat-Mirador-1-1.jpeg 1067w, https:\/\/radiorevelacionfm.cl\/wp-content\/uploads\/2026\/01\/Queulat-Mirador-1-1-300x169.jpeg 300w, https:\/\/radiorevelacionfm.cl\/wp-content\/uploads\/2026\/01\/Queulat-Mirador-1-1-1030x579.jpeg 1030w, https:\/\/radiorevelacionfm.cl\/wp-content\/uploads\/2026\/01\/Queulat-Mirador-1-1-768x432.jpeg 768w, https:\/\/radiorevelacionfm.cl\/wp-content\/uploads\/2026\/01\/Queulat-Mirador-1-1-705x396.jpeg 705w, https:\/\/radiorevelacionfm.cl\/wp-content\/uploads\/2026\/01\/Queulat-Mirador-1-1-450x253.jpeg 450w, https:\/\/radiorevelacionfm.cl\/wp-content\/uploads\/2026\/01\/Queulat-Mirador-1-1-600x337.jpeg 600w\" sizes=\"(max-width: 1067px) 100vw, 1067px\" \/><\/div><\/div><\/div><\/div><div class=\"flex_column av_one_full  flex_column_div av-zero-column-padding first  avia-builder-el-2  el_after_av_one_full  el_before_av_one_full  column-top-margin\" style='border-radius:0px; '><section class=\"av_textblock_section \"  itemscope=\"itemscope\" itemtype=\"https:\/\/schema.org\/BlogPosting\" itemprop=\"blogPost\" ><div class='avia_textblock  '   itemprop=\"text\" ><p style=\"text-align: center;\"><strong><span style=\"font-size: 18pt;\">Parque Nacional Queulat reabre sus senderos emblem\u00e1ticos tras millonaria inversi\u00f3n que permitir\u00e1 mejorar la experiencia de los visitantes<\/span><\/strong><\/p>\n<div id=\"gtx-trans\" style=\"position: absolute; left: -50px; top: 4.31534px;\">\n<div class=\"gtx-trans-icon\"><\/div>\n<\/div>\n<\/div><\/section><\/div><div class=\"flex_column av_one_full  flex_column_div av-zero-column-padding first  avia-builder-el-4  el_after_av_one_full  el_before_av_hr  column-top-margin\" style='border-radius:0px; '><section class=\"av_textblock_section \"  itemscope=\"itemscope\" itemtype=\"https:\/\/schema.org\/BlogPosting\" itemprop=\"blogPost\" ><div class='avia_textblock  '   itemprop=\"text\" ><p style=\"text-align: justify;\">Desde este 10 de enero de 2026, el Parque Nacional Queulat reabri\u00f3 al p\u00fablico los senderos La Morrena (antes Ventisquero Colgante) y Laguna T\u00e9mpanos, tras un periodo de cierre por la ejecuci\u00f3n de un proyecto integral de infraestructura orientado a elevar los est\u00e1ndares de visita y seguridad.<\/p>\n<p style=\"text-align: justify;\">El Parque Nacional Queulat, administrado por el \u00c1rea La Junta de CONAF Ays\u00e9n, organismo dependiente del Ministerio de Agricultura, reabre al uso p\u00fablico los senderos La Morrena, anteriormente conocido como Ventisquero Colgante y Laguna T\u00e9mpanos, luego de un periodo de cierre asociado a la ejecuci\u00f3n de un proyecto integral de infraestructura orientado a elevar los est\u00e1ndares de visita, resguardando a la vez el entorno natural del \u00e1rea protegida.<\/p>\n<div id=\"temp_home_center\" class=\"cont_dstemp\" style=\"text-align: justify;\" data-sector=\"7\">\n<section class=\"cont-section\">\n<div class=\"lazy-banner\" data-diario=\"76\" data-tipo=\"2\" data-cant=\"1\" data-modulo=\"9\" data-id1=\"1437\" data-id2=\"\" data-tp=\"2_9\">\n<div>\n<p style=\"text-align: justify;\">La reapertura de ambos recorridos fue autorizada mediante la Resoluci\u00f3n N\u00b0 7\/2026, una vez verificado el cumplimiento de las condiciones de seguridad, operaci\u00f3n y habilitaci\u00f3n de la infraestructura, permitiendo su apertura formal al uso p\u00fablico.<\/p>\n<p style=\"text-align: justify;\">Ambos senderos permanecieron cerrados temporalmente debido a la ejecuci\u00f3n de importantes obras de infraestructura, las que permitir\u00e1n a los visitantes recorrerlos bajo altos est\u00e1ndares de accesibilidad, seguridad y comodidad, en armon\u00eda con el entorno natural.<\/p>\n<p style=\"text-align: justify;\">Las nuevas infraestructuras fueron dise\u00f1adas para mejorar la experiencia de visita, facilitando el desplazamiento y la observaci\u00f3n de los imponentes paisajes que caracterizan al parque, reconocido por su bosque siempreverde, monta\u00f1as, r\u00edos, lagunas y el ic\u00f3nico Ventisquero Colgante, uno de los atractivos naturales m\u00e1s emblem\u00e1ticos de la Regi\u00f3n de Ays\u00e9n.<\/p>\n<p style=\"text-align: justify;\">Junto con la reapertura de los senderos, tambi\u00e9n entran en operaci\u00f3n las giras n\u00e1uticas en la Laguna T\u00e9mpanos, las que durante la presente temporada funcionar\u00e1n con tres embarcaciones, permitiendo una mejor gesti\u00f3n de la demanda y una disminuci\u00f3n significativa de los tiempos de espera. Esta experiencia ofrece a los visitantes una perspectiva \u00fanica del entorno glaciar y del paisaje que rodea la laguna.<\/p>\n<p style=\"text-align: justify;\">Estas mejoras forman parte de un proyecto integral que consider\u00f3 una inversi\u00f3n superior a los 1.900 millones de pesos, financiada por el Gobierno Regional de Ays\u00e9n y ejecutada por la Direcci\u00f3n de Arquitectura del Ministerio de Obras P\u00fablicas (MOP), iniciativa que busca fortalecer la infraestructura tur\u00edstica del parque, resguardando al mismo tiempo sus valores naturales y esc\u00e9nicos.<\/p>\n<p style=\"text-align: justify;\">Al respecto, Juan Reyes Campos, administrador del Parque Nacional Queulat, destac\u00f3 que estas obras permiten elevar significativamente la calidad de la experiencia para los visitantes:<\/p>\n<p style=\"text-align: justify;\"><i>\u00abCon la reapertura de estos senderos se logra subir los est\u00e1ndares de calidad y, al mismo tiempo, entregar una mayor seguridad a quienes visitan el parque. Se trata de senderos emblem\u00e1ticos que hoy cuentan con mejores condiciones para recibir a visitantes de todo el mundo\u00bb<\/i>, se\u00f1al\u00f3.<\/p>\n<p style=\"text-align: justify;\">El Parque Nacional Queulat, ubicado en el sector norte de la regi\u00f3n, es el m\u00e1s visitado de la Regi\u00f3n de Ays\u00e9n y constituye un destino clave para el turismo de naturaleza en la Patagonia chilena. La reapertura de estos senderos permite avanzar en el desaf\u00edo de ofrecer una experiencia de visita segura, ordenada y de calidad, promoviendo el uso responsable y la conservaci\u00f3n de este valioso patrimonio natural.<\/p>\n<p style=\"text-align: justify;\"><strong>Horario de atenci\u00f3n y entradas<\/strong><\/p>\n<p style=\"text-align: justify;\">El parque se encuentra\u00a0<strong>abierto de martes a domingo<\/strong>, en horario de\u00a0<strong>09:00 a 14:30 horas<\/strong>, con\u00a0<strong>salida m\u00e1xima a las 16:30 horas<\/strong>. Los turistas y p\u00fablico en general deben\u00a0<strong>adquirir su entrada de manera anticipada<\/strong>\u00a0a trav\u00e9s del sitio web\u00a0<a href=\"http:\/\/www.pasesparques.cl\/\" target=\"_blank\" rel=\"noopener noreferrer\"><strong><u>www.pasesparques.cl<\/u><\/strong><\/a>.<\/p>\n<\/div>\n<\/div>\n<\/section>\n<\/div>\n<\/div><\/section><\/div><div  style='height:50px' class='hr hr-invisible   avia-builder-el-6  el_after_av_one_full  el_before_av_social_share '><span class='hr-inner ' ><span class='hr-inner-style'><\/span><\/span><\/div><\/p>\n<div  class='av-social-sharing-box  avia-builder-el-7  el_after_av_hr  el_before_av_hr  '><div class='av-share-box'><h5 class='av-share-link-description av-no-toc '>Compartir esta noticia<\/h5><ul class='av-share-box-list noLightbox'><li class='av-share-link av-social-link-facebook' ><a target=\"_blank\" aria-label=\"Compartir en Facebook\" href='https:\/\/www.facebook.com\/sharer.php?u=https:\/\/radiorevelacionfm.cl\/?p=63154&#038;t=Parque%20Nacional%20Queulat%20reabre%20sus%20senderos%20emblem%C3%A1ticos%20tras%20millonaria%20inversi%C3%B3n%20que%20permitir%C3%A1%20mejorar%20la%20experiencia%20de%20los%20visitantes' aria-hidden='false' data-av_icon='\ue8f3' data-av_iconfont='entypo-fontello' title='' data-avia-related-tooltip='Compartir en Facebook' rel=\"noopener\"><span class='avia_hidden_link_text'>Compartir en Facebook<\/span><\/a><\/li><li class='av-share-link av-social-link-twitter' ><a target=\"_blank\" aria-label=\"Compartir en Twitter\" href='https:\/\/twitter.com\/share?text=Parque%20Nacional%20Queulat%20reabre%20sus%20senderos%20emblem%C3%A1ticos%20tras%20millonaria%20inversi%C3%B3n%20que%20permitir%C3%A1%20mejorar%20la%20experiencia%20de%20los%20visitantes&#038;url=https:\/\/radiorevelacionfm.cl\/?p=63154' aria-hidden='false' data-av_icon='\ue8f1' data-av_iconfont='entypo-fontello' title='' data-avia-related-tooltip='Compartir en Twitter' rel=\"noopener\"><span class='avia_hidden_link_text'>Compartir en Twitter<\/span><\/a><\/li><li class='av-share-link av-social-link-whatsapp' ><a target=\"_blank\" aria-label=\"Compartir en Whatsapp\" href='https:\/\/api.whatsapp.com\/send?text=https:\/\/radiorevelacionfm.cl\/?p=63154' aria-hidden='false' data-av_icon='\uf232' data-av_iconfont='entypo-fontello' title='' data-avia-related-tooltip='Compartir en Whatsapp' rel=\"noopener\"><span class='avia_hidden_link_text'>Compartir en Whatsapp<\/span><\/a><\/li><li class='av-share-link av-social-link-linkedin' ><a target=\"_blank\" aria-label=\"Compartir en LinkedIn\" href='https:\/\/linkedin.com\/shareArticle?mini=true&#038;title=Parque%20Nacional%20Queulat%20reabre%20sus%20senderos%20emblem%C3%A1ticos%20tras%20millonaria%20inversi%C3%B3n%20que%20permitir%C3%A1%20mejorar%20la%20experiencia%20de%20los%20visitantes&#038;url=https:\/\/radiorevelacionfm.cl\/?p=63154' aria-hidden='false' data-av_icon='\ue8fc' data-av_iconfont='entypo-fontello' title='' data-avia-related-tooltip='Compartir en LinkedIn' rel=\"noopener\"><span class='avia_hidden_link_text'>Compartir en LinkedIn<\/span><\/a><\/li><li class='av-share-link av-social-link-mail' ><a  aria-label=\"Compartir por correo\" href='mailto:?subject=Parque%20Nacional%20Queulat%20reabre%20sus%20senderos%20emblem%C3%A1ticos%20tras%20millonaria%20inversi%C3%B3n%20que%20permitir%C3%A1%20mejorar%20la%20experiencia%20de%20los%20visitantes&#038;body=https:\/\/radiorevelacionfm.cl\/?p=63154' aria-hidden='false' data-av_icon='\ue805' data-av_iconfont='entypo-fontello' title='' data-avia-related-tooltip='Compartir por correo'><span class='avia_hidden_link_text'>Compartir por correo<\/span><\/a><\/li><\/ul><\/div><\/div>\n<div  style='height:50px' class='hr hr-invisible   avia-builder-el-8  el_after_av_social_share  el_before_av_comments_list '><span class='hr-inner ' ><span class='hr-inner-style'><\/span><\/span><\/div>\n<div  class='av-buildercomment  av-blog-meta-html-info-disabled av-blog-meta-tag-disabled  '><\/div>\n","protected":false},"excerpt":{"rendered":"","protected":false},"author":1,"featured_media":63155,"comment_status":"closed","ping_status":"closed","sticky":false,"template":"","format":"standard","meta":{"footnotes":""},"categories":[54],"tags":[],"class_list":["post-63154","post","type-post","status-publish","format-standard","has-post-thumbnail","hentry","category-turismo"],"jetpack_featured_media_url":"https:\/\/radiorevelacionfm.cl\/wp-content\/uploads\/2026\/01\/Queulat-Mirador-1-1.jpeg","_links":{"self":[{"href":"https:\/\/radiorevelacionfm.cl\/index.php?rest_route=\/wp\/v2\/posts\/63154","targetHints":{"allow":["GET"]}}],"collection":[{"href":"https:\/\/radiorevelacionfm.cl\/index.php?rest_route=\/wp\/v2\/posts"}],"about":[{"href":"https:\/\/radiorevelacionfm.cl\/index.php?rest_route=\/wp\/v2\/types\/post"}],"author":[{"embeddable":true,"href":"https:\/\/radiorevelacionfm.cl\/index.php?rest_route=\/wp\/v2\/users\/1"}],"replies":[{"embeddable":true,"href":"https:\/\/radiorevelacionfm.cl\/index.php?rest_route=%2Fwp%2Fv2%2Fcomments&post=63154"}],"version-history":[{"count":2,"href":"https:\/\/radiorevelacionfm.cl\/index.php?rest_route=\/wp\/v2\/posts\/63154\/revisions"}],"predecessor-version":[{"id":63157,"href":"https:\/\/radiorevelacionfm.cl\/index.php?rest_route=\/wp\/v2\/posts\/63154\/revisions\/63157"}],"wp:featuredmedia":[{"embeddable":true,"href":"https:\/\/radiorevelacionfm.cl\/index.php?rest_route=\/wp\/v2\/media\/63155"}],"wp:attachment":[{"href":"https:\/\/radiorevelacionfm.cl\/index.php?rest_route=%2Fwp%2Fv2%2Fmedia&parent=63154"}],"wp:term":[{"taxonomy":"category","embeddable":true,"href":"https:\/\/radiorevelacionfm.cl\/index.php?rest_route=%2Fwp%2Fv2%2Fcategories&post=63154"},{"taxonomy":"post_tag","embeddable":true,"href":"https:\/\/radiorevelacionfm.cl\/index.php?rest_route=%2Fwp%2Fv2%2Ftags&post=63154"}],"curies":[{"name":"wp","href":"https:\/\/api.w.org\/{rel}","templated":true}]}}