{"id":63150,"date":"2026-01-10T21:40:47","date_gmt":"2026-01-11T00:40:47","guid":{"rendered":"https:\/\/radiorevelacionfm.cl\/?p=63150"},"modified":"2026-01-10T21:40:47","modified_gmt":"2026-01-11T00:40:47","slug":"exitosa-3a-feria-agroturistica-de-islas-las-huichas-reunio-a-mas-de-400-personas","status":"publish","type":"post","link":"https:\/\/radiorevelacionfm.cl\/?p=63150","title":{"rendered":"Exitosa 3\u00aa Feria Agrotur\u00edstica de Islas Las Huichas reuni\u00f3 a m\u00e1s de 400 personas"},"content":{"rendered":"<div class=\"flex_column av_one_full  flex_column_div av-zero-column-padding first  avia-builder-el-0  el_before_av_one_full  avia-builder-el-first  \" style='border-radius:0px; '><div  class='avia-image-container  av-styling-    avia-builder-el-1  avia-builder-el-no-sibling  avia-align-center '  itemprop=\"image\" itemscope=\"itemscope\" itemtype=\"https:\/\/schema.org\/ImageObject\"  ><div class='avia-image-container-inner'><div class='avia-image-overlay-wrap'><img decoding=\"async\" class='wp-image-63151 avia-img-lazy-loading-not-63151 avia_image' src=\"https:\/\/radiorevelacionfm.cl\/wp-content\/uploads\/2026\/01\/G741gbPXsAADEnC-1-1.jpg\" alt='' title='G741gbPXsAADEnC (1) (1)' height=\"600\" width=\"800\"  itemprop=\"thumbnailUrl\" srcset=\"https:\/\/radiorevelacionfm.cl\/wp-content\/uploads\/2026\/01\/G741gbPXsAADEnC-1-1.jpg 800w, https:\/\/radiorevelacionfm.cl\/wp-content\/uploads\/2026\/01\/G741gbPXsAADEnC-1-1-300x225.jpg 300w, https:\/\/radiorevelacionfm.cl\/wp-content\/uploads\/2026\/01\/G741gbPXsAADEnC-1-1-768x576.jpg 768w, https:\/\/radiorevelacionfm.cl\/wp-content\/uploads\/2026\/01\/G741gbPXsAADEnC-1-1-705x529.jpg 705w, https:\/\/radiorevelacionfm.cl\/wp-content\/uploads\/2026\/01\/G741gbPXsAADEnC-1-1-450x338.jpg 450w, https:\/\/radiorevelacionfm.cl\/wp-content\/uploads\/2026\/01\/G741gbPXsAADEnC-1-1-600x450.jpg 600w\" sizes=\"(max-width: 800px) 100vw, 800px\" \/><\/div><\/div><\/div><\/div><div class=\"flex_column av_one_full  flex_column_div av-zero-column-padding first  avia-builder-el-2  el_after_av_one_full  el_before_av_one_full  column-top-margin\" style='border-radius:0px; '><section class=\"av_textblock_section \"  itemscope=\"itemscope\" itemtype=\"https:\/\/schema.org\/BlogPosting\" itemprop=\"blogPost\" ><div class='avia_textblock  '   itemprop=\"text\" ><p style=\"text-align: center;\"><strong><span style=\"font-size: 18pt;\">Exitosa 3\u00aa Feria Agrotur\u00edstica de Islas Las Huichas reuni\u00f3 a m\u00e1s de 400 personas<\/span><\/strong><\/p>\n<div id=\"gtx-trans\" style=\"position: absolute; left: -50px; top: 4.31534px;\">\n<div class=\"gtx-trans-icon\"><\/div>\n<\/div>\n<\/div><\/section><\/div><div class=\"flex_column av_one_full  flex_column_div av-zero-column-padding first  avia-builder-el-4  el_after_av_one_full  el_before_av_hr  column-top-margin\" style='border-radius:0px; '><section class=\"av_textblock_section \"  itemscope=\"itemscope\" itemtype=\"https:\/\/schema.org\/BlogPosting\" itemprop=\"blogPost\" ><div class='avia_textblock  '   itemprop=\"text\" ><p style=\"text-align: justify;\"><em>Convoc\u00f3 entre 400 y 500 asistentes, consolid\u00e1ndose como uno de los eventos comunitarios m\u00e1s relevantes del archipi\u00e9lago.<\/em><\/p>\n<p style=\"text-align: justify;\">La actividad fue organizada por la Corporaci\u00f3n Nacional Forestal (CONAF) y ejecutada por el equipo del \u00c1rea de Intervenci\u00f3n de Islas Huichas,\u00a0perteneciente al Departamento de Bosques y Cambio Clim\u00e1tico, a trav\u00e9s del Programa Fomento de Turismo y Conservaci\u00f3n de Ecosistemas Forestales en Islas Huichas, Regi\u00f3n de Ays\u00e9n.<\/p>\n<p style=\"text-align: justify;\">Como cada a\u00f1o, la feria reuni\u00f3 a emprendedores de Puerto Aguirre, Estero Copa y Caleta Andrade, quienes exhibieron una variada oferta de artesan\u00eda, gastronom\u00eda, vestuario, accesorios y horticultura. En esta instancia,\u00a0tambi\u00e9n participaron usuarios del Programa de Desarrollo Local (PRODESAL), iniciativa de fomento productivo de INDAP que apoya a peque\u00f1os agricultores y familias rurales.<\/p>\n<p style=\"text-align: justify;\">En total, participaron\u00a020 emprendimientos\u00a0con sus respectivos stands, adem\u00e1s de la presencia de cuatro servicios p\u00fablicos: el Servicio de Salud, la SEREMI de Salud, PRODESAL y la Delegaci\u00f3n Municipal.<\/p>\n<p style=\"text-align: justify;\">V\u00edctor Gueichatureo Uribe, jefe del Proyecto \u00c1rea de Intervenci\u00f3n Islas Huichas, destac\u00f3 los resultados del evento: \u201cEstamos muy contentos como equipo del \u00c1rea de Intervenci\u00f3n de Islas Huichas por los excelentes resultados de esta nueva versi\u00f3n de la Feria Agrotur\u00edstica, organizada por CONAF y realizada en dependencias del Parque Urbano de Islas Huichas. Valoramos profundamente la participaci\u00f3n de la comunidad y de los emprendedores, as\u00ed como la gran asistencia al evento.\u00a0Quedamos muy conformes por el \u00e9xito y la excelente recepci\u00f3n de nuestra feria, tanto por parte de la comunidad local como de los turistas que nos visitaron, como ya es tradici\u00f3n. Nos parece sumamente relevante promover la comercializaci\u00f3n de productos de diversos rubros, lo que implica un enorme esfuerzo por visibilizar el parque y fortalecer la econom\u00eda local\u201d.<\/p>\n<p style=\"text-align: justify;\">La jornada tambi\u00e9n cont\u00f3 con la\u00a0visita de turistas del crucero Skorpios, quienes atracaron especialmente para recorrer la feria y conocer la oferta local.\u00a0Un elemento clave para el \u00e9xito de esta tercera versi\u00f3n fue su difusi\u00f3n a trav\u00e9s del medio de comunicaci\u00f3n local Radio FM del Mar de Islas Huichas, lo que permiti\u00f3 una amplia convocatoria tanto de residentes como de visitantes.<\/p>\n<\/div><\/section><\/div><div  style='height:50px' class='hr hr-invisible   avia-builder-el-6  el_after_av_one_full  el_before_av_social_share '><span class='hr-inner ' ><span class='hr-inner-style'><\/span><\/span><\/div><\/p>\n<div  class='av-social-sharing-box  avia-builder-el-7  el_after_av_hr  el_before_av_hr  '><div class='av-share-box'><h5 class='av-share-link-description av-no-toc '>Compartir esta noticia<\/h5><ul class='av-share-box-list noLightbox'><li class='av-share-link av-social-link-facebook' ><a target=\"_blank\" aria-label=\"Compartir en Facebook\" href='https:\/\/www.facebook.com\/sharer.php?u=https:\/\/radiorevelacionfm.cl\/?p=63150&#038;t=Exitosa%203%C2%AA%20Feria%20Agrotur%C3%ADstica%20de%20Islas%20Las%20Huichas%20reuni%C3%B3%20a%20m%C3%A1s%20de%20400%20personas' aria-hidden='false' data-av_icon='\ue8f3' data-av_iconfont='entypo-fontello' title='' data-avia-related-tooltip='Compartir en Facebook' rel=\"noopener\"><span class='avia_hidden_link_text'>Compartir en Facebook<\/span><\/a><\/li><li class='av-share-link av-social-link-twitter' ><a target=\"_blank\" aria-label=\"Compartir en Twitter\" href='https:\/\/twitter.com\/share?text=Exitosa%203%C2%AA%20Feria%20Agrotur%C3%ADstica%20de%20Islas%20Las%20Huichas%20reuni%C3%B3%20a%20m%C3%A1s%20de%20400%20personas&#038;url=https:\/\/radiorevelacionfm.cl\/?p=63150' aria-hidden='false' data-av_icon='\ue8f1' data-av_iconfont='entypo-fontello' title='' data-avia-related-tooltip='Compartir en Twitter' rel=\"noopener\"><span class='avia_hidden_link_text'>Compartir en Twitter<\/span><\/a><\/li><li class='av-share-link av-social-link-whatsapp' ><a target=\"_blank\" aria-label=\"Compartir en Whatsapp\" href='https:\/\/api.whatsapp.com\/send?text=https:\/\/radiorevelacionfm.cl\/?p=63150' aria-hidden='false' data-av_icon='\uf232' data-av_iconfont='entypo-fontello' title='' data-avia-related-tooltip='Compartir en Whatsapp' rel=\"noopener\"><span class='avia_hidden_link_text'>Compartir en Whatsapp<\/span><\/a><\/li><li class='av-share-link av-social-link-linkedin' ><a target=\"_blank\" aria-label=\"Compartir en LinkedIn\" href='https:\/\/linkedin.com\/shareArticle?mini=true&#038;title=Exitosa%203%C2%AA%20Feria%20Agrotur%C3%ADstica%20de%20Islas%20Las%20Huichas%20reuni%C3%B3%20a%20m%C3%A1s%20de%20400%20personas&#038;url=https:\/\/radiorevelacionfm.cl\/?p=63150' aria-hidden='false' data-av_icon='\ue8fc' data-av_iconfont='entypo-fontello' title='' data-avia-related-tooltip='Compartir en LinkedIn' rel=\"noopener\"><span class='avia_hidden_link_text'>Compartir en LinkedIn<\/span><\/a><\/li><li class='av-share-link av-social-link-mail' ><a  aria-label=\"Compartir por correo\" href='mailto:?subject=Exitosa%203%C2%AA%20Feria%20Agrotur%C3%ADstica%20de%20Islas%20Las%20Huichas%20reuni%C3%B3%20a%20m%C3%A1s%20de%20400%20personas&#038;body=https:\/\/radiorevelacionfm.cl\/?p=63150' aria-hidden='false' data-av_icon='\ue805' data-av_iconfont='entypo-fontello' title='' data-avia-related-tooltip='Compartir por correo'><span class='avia_hidden_link_text'>Compartir por correo<\/span><\/a><\/li><\/ul><\/div><\/div>\n<div  style='height:50px' class='hr hr-invisible   avia-builder-el-8  el_after_av_social_share  el_before_av_comments_list '><span class='hr-inner ' ><span class='hr-inner-style'><\/span><\/span><\/div>\n<div  class='av-buildercomment  av-blog-meta-html-info-disabled av-blog-meta-tag-disabled  '><\/div>\n","protected":false},"excerpt":{"rendered":"","protected":false},"author":1,"featured_media":63151,"comment_status":"closed","ping_status":"closed","sticky":false,"template":"","format":"standard","meta":{"footnotes":""},"categories":[38],"tags":[],"class_list":["post-63150","post","type-post","status-publish","format-standard","has-post-thumbnail","hentry","category-regional"],"jetpack_featured_media_url":"https:\/\/radiorevelacionfm.cl\/wp-content\/uploads\/2026\/01\/G741gbPXsAADEnC-1-1.jpg","_links":{"self":[{"href":"https:\/\/radiorevelacionfm.cl\/index.php?rest_route=\/wp\/v2\/posts\/63150","targetHints":{"allow":["GET"]}}],"collection":[{"href":"https:\/\/radiorevelacionfm.cl\/index.php?rest_route=\/wp\/v2\/posts"}],"about":[{"href":"https:\/\/radiorevelacionfm.cl\/index.php?rest_route=\/wp\/v2\/types\/post"}],"author":[{"embeddable":true,"href":"https:\/\/radiorevelacionfm.cl\/index.php?rest_route=\/wp\/v2\/users\/1"}],"replies":[{"embeddable":true,"href":"https:\/\/radiorevelacionfm.cl\/index.php?rest_route=%2Fwp%2Fv2%2Fcomments&post=63150"}],"version-history":[{"count":2,"href":"https:\/\/radiorevelacionfm.cl\/index.php?rest_route=\/wp\/v2\/posts\/63150\/revisions"}],"predecessor-version":[{"id":63158,"href":"https:\/\/radiorevelacionfm.cl\/index.php?rest_route=\/wp\/v2\/posts\/63150\/revisions\/63158"}],"wp:featuredmedia":[{"embeddable":true,"href":"https:\/\/radiorevelacionfm.cl\/index.php?rest_route=\/wp\/v2\/media\/63151"}],"wp:attachment":[{"href":"https:\/\/radiorevelacionfm.cl\/index.php?rest_route=%2Fwp%2Fv2%2Fmedia&parent=63150"}],"wp:term":[{"taxonomy":"category","embeddable":true,"href":"https:\/\/radiorevelacionfm.cl\/index.php?rest_route=%2Fwp%2Fv2%2Fcategories&post=63150"},{"taxonomy":"post_tag","embeddable":true,"href":"https:\/\/radiorevelacionfm.cl\/index.php?rest_route=%2Fwp%2Fv2%2Ftags&post=63150"}],"curies":[{"name":"wp","href":"https:\/\/api.w.org\/{rel}","templated":true}]}}