{"id":63146,"date":"2026-01-10T20:20:46","date_gmt":"2026-01-10T23:20:46","guid":{"rendered":"https:\/\/radiorevelacionfm.cl\/?p=63146"},"modified":"2026-01-10T20:20:46","modified_gmt":"2026-01-10T23:20:46","slug":"conaf-aysen-fortalece-el-manejo-sustentable-del-bosque-con-jornada-de-intercambio-en-rio-ibanez","status":"publish","type":"post","link":"https:\/\/radiorevelacionfm.cl\/?p=63146","title":{"rendered":"Conaf Ays\u00e9n fortalece el manejo sustentable del bosque con jornada de intercambio en R\u00edo Ib\u00e1\u00f1ez"},"content":{"rendered":"<div class=\"flex_column av_one_full  flex_column_div av-zero-column-padding first  avia-builder-el-0  el_before_av_one_full  avia-builder-el-first  \" style='border-radius:0px; '><div  class='avia-image-container  av-styling-    avia-builder-el-1  avia-builder-el-no-sibling  avia-align-center '  itemprop=\"image\" itemscope=\"itemscope\" itemtype=\"https:\/\/schema.org\/ImageObject\"  ><div class='avia-image-container-inner'><div class='avia-image-overlay-wrap'><img decoding=\"async\" class='wp-image-63147 avia-img-lazy-loading-not-63147 avia_image' src=\"https:\/\/radiorevelacionfm.cl\/wp-content\/uploads\/2026\/01\/08-01-2026-rio-ibanez-1_optimized-1.jpg\" alt='' title='08-01-2026-rio-ibanez-(1)_optimized (1)' height=\"600\" width=\"1067\"  itemprop=\"thumbnailUrl\" srcset=\"https:\/\/radiorevelacionfm.cl\/wp-content\/uploads\/2026\/01\/08-01-2026-rio-ibanez-1_optimized-1.jpg 1067w, https:\/\/radiorevelacionfm.cl\/wp-content\/uploads\/2026\/01\/08-01-2026-rio-ibanez-1_optimized-1-300x169.jpg 300w, https:\/\/radiorevelacionfm.cl\/wp-content\/uploads\/2026\/01\/08-01-2026-rio-ibanez-1_optimized-1-1030x579.jpg 1030w, https:\/\/radiorevelacionfm.cl\/wp-content\/uploads\/2026\/01\/08-01-2026-rio-ibanez-1_optimized-1-768x432.jpg 768w, https:\/\/radiorevelacionfm.cl\/wp-content\/uploads\/2026\/01\/08-01-2026-rio-ibanez-1_optimized-1-705x396.jpg 705w, https:\/\/radiorevelacionfm.cl\/wp-content\/uploads\/2026\/01\/08-01-2026-rio-ibanez-1_optimized-1-450x253.jpg 450w, https:\/\/radiorevelacionfm.cl\/wp-content\/uploads\/2026\/01\/08-01-2026-rio-ibanez-1_optimized-1-600x337.jpg 600w\" sizes=\"(max-width: 1067px) 100vw, 1067px\" \/><\/div><\/div><\/div><\/div><div class=\"flex_column av_one_full  flex_column_div av-zero-column-padding first  avia-builder-el-2  el_after_av_one_full  el_before_av_one_full  column-top-margin\" style='border-radius:0px; '><section class=\"av_textblock_section \"  itemscope=\"itemscope\" itemtype=\"https:\/\/schema.org\/BlogPosting\" itemprop=\"blogPost\" ><div class='avia_textblock  '   itemprop=\"text\" ><p style=\"text-align: center;\"><strong><span style=\"font-size: 18pt;\">Conaf Ays\u00e9n fortalece el manejo sustentable del bosque con jornada de intercambio en R\u00edo Ib\u00e1\u00f1ez<\/span><\/strong><\/p>\n<div id=\"gtx-trans\" style=\"position: absolute; left: -50px; top: 4.31534px;\">\n<div class=\"gtx-trans-icon\"><\/div>\n<\/div>\n<\/div><\/section><\/div><div class=\"flex_column av_one_full  flex_column_div av-zero-column-padding first  avia-builder-el-4  el_after_av_one_full  el_before_av_hr  column-top-margin\" style='border-radius:0px; '><section class=\"av_textblock_section \"  itemscope=\"itemscope\" itemtype=\"https:\/\/schema.org\/BlogPosting\" itemprop=\"blogPost\" ><div class='avia_textblock  '   itemprop=\"text\" ><p style=\"text-align: justify;\">La actividad, desarrollada junto al Comit\u00e9 R\u00edo Chifl\u00f3n, permiti\u00f3 transferir conocimientos sobre normativa forestal, planes de manejo y uso eficiente de los recursos, reforzando el trabajo territorial de CONAF en sectores rurales de la regi\u00f3n de Ays\u00e9n.<\/p>\n<p style=\"text-align: justify;\">Con el objetivo de promover la conservaci\u00f3n y el manejo sustentable de los ecosistemas boscosos,\u00a0la Corporaci\u00f3n Nacional Forestal (CONAF) Ays\u00e9n, realiz\u00f3 una jornada de intercambio de experiencias con integrantes del Comit\u00e9 R\u00edo Chifl\u00f3n, en la comuna de R\u00edo Ib\u00e1\u00f1ez, instancia que reuni\u00f3 a propietarios de bosque, productores y vecinos de sectores rurales apartados como R\u00edo Caj\u00f3n, Alto R\u00edo Ib\u00e1\u00f1ez y R\u00edo Chifl\u00f3n.<\/p>\n<p style=\"text-align: justify;\">La actividad, desarrollada el 11 de diciembre en la sede del comit\u00e9 campesino R\u00edo Chifl\u00f3n, fue organizada por profesionales del Departamento de Bosque Nativo y Cambio Clim\u00e1tico de CONAF Ays\u00e9n, en el marco del Programa de Conservaci\u00f3n de Ecosistemas Boscosos y Xerof\u00edticos.\u00a0La jornada estuvo dirigida especialmente a socios del comit\u00e9 y beneficiarios del programa de dendroenerg\u00eda vinculados al territorio.<\/p>\n<p style=\"text-align: justify;\">El encuentro contempl\u00f3 una etapa te\u00f3rica, donde se abordaron materias como la Ley de Bosque Nativo, normativa vigente, fondos concursables e incentivos asociados, y\u00a0una etapa pr\u00e1ctica con demostraci\u00f3n de maquinaria orientada al uso eficiente de los recursos forestales\u00a0y la generaci\u00f3n de productos estandarizados.<\/p>\n<p style=\"text-align: justify;\">Desde la mirada de la comunidad, la instancia fue valorada positivamente por los participantes. As\u00ed lo expres\u00f3\u00a0Rub\u00e9n Gonz\u00e1lez Urrieta, dirigente del Comit\u00e9 R\u00edo Chifl\u00f3n, quien destac\u00f3 la cercan\u00eda y claridad del trabajo realizado por CONAF en terreno:<\/p>\n<p style=\"text-align: justify;\">\u201cHoy d\u00eda hemos tenido una actividad muy buena con las personas de la CONAF, donde han tra\u00eddo su maquinaria.\u00a0Hubo buena presencia de la gente, muy interesada, sobre todo los vecinos, en seguir trabajando con CONAF (\u2026) mostrando c\u00f3mo va el tema del plan de manejo y las bonificaciones\u201d, se\u00f1al\u00f3.<\/p>\n<p style=\"text-align: justify;\">El dirigente agreg\u00f3 que este tipo de instancias permite derribar prejuicios y fortalecer la relaci\u00f3n con la instituci\u00f3n:\u00a0\u201cLa\u00a0gente no tiene mucha informaci\u00f3n, por eso pienso que fue una muy buena reuni\u00f3n\u00a0y estamos muy alegres como vecinos de haber tenido su presencia\u201d, afirm\u00f3.<\/p>\n<p style=\"text-align: justify;\">A trav\u00e9s de este tipo de acciones,\u00a0CONAF Ays\u00e9n contin\u00faa avanzando en su misi\u00f3n de garantizar la conservaci\u00f3n, restauraci\u00f3n y manejo sustentable de los bosques nativos,\u00a0promoviendo la resiliencia de los territorios frente a la crisis clim\u00e1tica y contribuyendo al desarrollo local de las comunidades rurales de la regi\u00f3n.<\/p>\n<\/div><\/section><\/div><div  style='height:50px' class='hr hr-invisible   avia-builder-el-6  el_after_av_one_full  el_before_av_social_share '><span class='hr-inner ' ><span class='hr-inner-style'><\/span><\/span><\/div><\/p>\n<div  class='av-social-sharing-box  avia-builder-el-7  el_after_av_hr  el_before_av_hr  '><div class='av-share-box'><h5 class='av-share-link-description av-no-toc '>Compartir esta noticia<\/h5><ul class='av-share-box-list noLightbox'><li class='av-share-link av-social-link-facebook' ><a target=\"_blank\" aria-label=\"Compartir en Facebook\" href='https:\/\/www.facebook.com\/sharer.php?u=https:\/\/radiorevelacionfm.cl\/?p=63146&#038;t=Conaf%20Ays%C3%A9n%20fortalece%20el%20manejo%20sustentable%20del%20bosque%20con%20jornada%20de%20intercambio%20en%20R%C3%ADo%20Ib%C3%A1%C3%B1ez' aria-hidden='false' data-av_icon='\ue8f3' data-av_iconfont='entypo-fontello' title='' data-avia-related-tooltip='Compartir en Facebook' rel=\"noopener\"><span class='avia_hidden_link_text'>Compartir en Facebook<\/span><\/a><\/li><li class='av-share-link av-social-link-twitter' ><a target=\"_blank\" aria-label=\"Compartir en Twitter\" href='https:\/\/twitter.com\/share?text=Conaf%20Ays%C3%A9n%20fortalece%20el%20manejo%20sustentable%20del%20bosque%20con%20jornada%20de%20intercambio%20en%20R%C3%ADo%20Ib%C3%A1%C3%B1ez&#038;url=https:\/\/radiorevelacionfm.cl\/?p=63146' aria-hidden='false' data-av_icon='\ue8f1' data-av_iconfont='entypo-fontello' title='' data-avia-related-tooltip='Compartir en Twitter' rel=\"noopener\"><span class='avia_hidden_link_text'>Compartir en Twitter<\/span><\/a><\/li><li class='av-share-link av-social-link-whatsapp' ><a target=\"_blank\" aria-label=\"Compartir en Whatsapp\" href='https:\/\/api.whatsapp.com\/send?text=https:\/\/radiorevelacionfm.cl\/?p=63146' aria-hidden='false' data-av_icon='\uf232' data-av_iconfont='entypo-fontello' title='' data-avia-related-tooltip='Compartir en Whatsapp' rel=\"noopener\"><span class='avia_hidden_link_text'>Compartir en Whatsapp<\/span><\/a><\/li><li class='av-share-link av-social-link-linkedin' ><a target=\"_blank\" aria-label=\"Compartir en LinkedIn\" href='https:\/\/linkedin.com\/shareArticle?mini=true&#038;title=Conaf%20Ays%C3%A9n%20fortalece%20el%20manejo%20sustentable%20del%20bosque%20con%20jornada%20de%20intercambio%20en%20R%C3%ADo%20Ib%C3%A1%C3%B1ez&#038;url=https:\/\/radiorevelacionfm.cl\/?p=63146' aria-hidden='false' data-av_icon='\ue8fc' data-av_iconfont='entypo-fontello' title='' data-avia-related-tooltip='Compartir en LinkedIn' rel=\"noopener\"><span class='avia_hidden_link_text'>Compartir en LinkedIn<\/span><\/a><\/li><li class='av-share-link av-social-link-mail' ><a  aria-label=\"Compartir por correo\" href='mailto:?subject=Conaf%20Ays%C3%A9n%20fortalece%20el%20manejo%20sustentable%20del%20bosque%20con%20jornada%20de%20intercambio%20en%20R%C3%ADo%20Ib%C3%A1%C3%B1ez&#038;body=https:\/\/radiorevelacionfm.cl\/?p=63146' aria-hidden='false' data-av_icon='\ue805' data-av_iconfont='entypo-fontello' title='' data-avia-related-tooltip='Compartir por correo'><span class='avia_hidden_link_text'>Compartir por correo<\/span><\/a><\/li><\/ul><\/div><\/div>\n<div  style='height:50px' class='hr hr-invisible   avia-builder-el-8  el_after_av_social_share  el_before_av_comments_list '><span class='hr-inner ' ><span class='hr-inner-style'><\/span><\/span><\/div>\n<div  class='av-buildercomment  av-blog-meta-html-info-disabled av-blog-meta-tag-disabled  '><\/div>\n","protected":false},"excerpt":{"rendered":"","protected":false},"author":1,"featured_media":63147,"comment_status":"closed","ping_status":"closed","sticky":false,"template":"","format":"standard","meta":{"footnotes":""},"categories":[38],"tags":[],"class_list":["post-63146","post","type-post","status-publish","format-standard","has-post-thumbnail","hentry","category-regional"],"jetpack_featured_media_url":"https:\/\/radiorevelacionfm.cl\/wp-content\/uploads\/2026\/01\/08-01-2026-rio-ibanez-1_optimized-1.jpg","_links":{"self":[{"href":"https:\/\/radiorevelacionfm.cl\/index.php?rest_route=\/wp\/v2\/posts\/63146","targetHints":{"allow":["GET"]}}],"collection":[{"href":"https:\/\/radiorevelacionfm.cl\/index.php?rest_route=\/wp\/v2\/posts"}],"about":[{"href":"https:\/\/radiorevelacionfm.cl\/index.php?rest_route=\/wp\/v2\/types\/post"}],"author":[{"embeddable":true,"href":"https:\/\/radiorevelacionfm.cl\/index.php?rest_route=\/wp\/v2\/users\/1"}],"replies":[{"embeddable":true,"href":"https:\/\/radiorevelacionfm.cl\/index.php?rest_route=%2Fwp%2Fv2%2Fcomments&post=63146"}],"version-history":[{"count":2,"href":"https:\/\/radiorevelacionfm.cl\/index.php?rest_route=\/wp\/v2\/posts\/63146\/revisions"}],"predecessor-version":[{"id":63149,"href":"https:\/\/radiorevelacionfm.cl\/index.php?rest_route=\/wp\/v2\/posts\/63146\/revisions\/63149"}],"wp:featuredmedia":[{"embeddable":true,"href":"https:\/\/radiorevelacionfm.cl\/index.php?rest_route=\/wp\/v2\/media\/63147"}],"wp:attachment":[{"href":"https:\/\/radiorevelacionfm.cl\/index.php?rest_route=%2Fwp%2Fv2%2Fmedia&parent=63146"}],"wp:term":[{"taxonomy":"category","embeddable":true,"href":"https:\/\/radiorevelacionfm.cl\/index.php?rest_route=%2Fwp%2Fv2%2Fcategories&post=63146"},{"taxonomy":"post_tag","embeddable":true,"href":"https:\/\/radiorevelacionfm.cl\/index.php?rest_route=%2Fwp%2Fv2%2Ftags&post=63146"}],"curies":[{"name":"wp","href":"https:\/\/api.w.org\/{rel}","templated":true}]}}