{"id":63142,"date":"2026-01-09T20:25:17","date_gmt":"2026-01-09T23:25:17","guid":{"rendered":"https:\/\/radiorevelacionfm.cl\/?p=63142"},"modified":"2026-01-09T20:25:17","modified_gmt":"2026-01-09T23:25:17","slug":"senador-sandoval-manifiesta-preocupacion-por-paralizacion-de-obras-clave-en-la-ruta-7-norte","status":"publish","type":"post","link":"https:\/\/radiorevelacionfm.cl\/?p=63142","title":{"rendered":"Senador Sandoval manifiesta preocupaci\u00f3n por paralizaci\u00f3n de obras clave en la Ruta 7 Norte"},"content":{"rendered":"<div class=\"flex_column av_one_full  flex_column_div av-zero-column-padding first  avia-builder-el-0  el_before_av_one_full  avia-builder-el-first  \" style='border-radius:0px; '><div  class='avia-image-container  av-styling-    avia-builder-el-1  avia-builder-el-no-sibling  avia-align-center '  itemprop=\"image\" itemscope=\"itemscope\" itemtype=\"https:\/\/schema.org\/ImageObject\"  ><div class='avia-image-container-inner'><div class='avia-image-overlay-wrap'><img decoding=\"async\" class='wp-image-63143 avia-img-lazy-loading-not-63143 avia_image' src=\"https:\/\/radiorevelacionfm.cl\/wp-content\/uploads\/2026\/01\/reunion-con-director-de-obras-publicas-1_optimized.jpg\" alt='' title='reunion-con-director-de-obras-publicas-(1)_optimized' height=\"635\" width=\"804\"  itemprop=\"thumbnailUrl\" srcset=\"https:\/\/radiorevelacionfm.cl\/wp-content\/uploads\/2026\/01\/reunion-con-director-de-obras-publicas-1_optimized.jpg 804w, https:\/\/radiorevelacionfm.cl\/wp-content\/uploads\/2026\/01\/reunion-con-director-de-obras-publicas-1_optimized-300x237.jpg 300w, https:\/\/radiorevelacionfm.cl\/wp-content\/uploads\/2026\/01\/reunion-con-director-de-obras-publicas-1_optimized-768x607.jpg 768w, https:\/\/radiorevelacionfm.cl\/wp-content\/uploads\/2026\/01\/reunion-con-director-de-obras-publicas-1_optimized-705x557.jpg 705w, https:\/\/radiorevelacionfm.cl\/wp-content\/uploads\/2026\/01\/reunion-con-director-de-obras-publicas-1_optimized-450x355.jpg 450w, https:\/\/radiorevelacionfm.cl\/wp-content\/uploads\/2026\/01\/reunion-con-director-de-obras-publicas-1_optimized-600x474.jpg 600w\" sizes=\"(max-width: 804px) 100vw, 804px\" \/><\/div><\/div><\/div><\/div><div class=\"flex_column av_one_full  flex_column_div av-zero-column-padding first  avia-builder-el-2  el_after_av_one_full  el_before_av_one_full  column-top-margin\" style='border-radius:0px; '><section class=\"av_textblock_section \"  itemscope=\"itemscope\" itemtype=\"https:\/\/schema.org\/BlogPosting\" itemprop=\"blogPost\" ><div class='avia_textblock  '   itemprop=\"text\" ><p style=\"text-align: center;\"><strong><span style=\"font-size: 18pt;\">Senador Sandoval manifiesta preocupaci\u00f3n por paralizaci\u00f3n de obras clave en la Ruta 7 Norte<\/span><\/strong><\/p>\n<div id=\"gtx-trans\" style=\"position: absolute; left: -50px; top: 4.31534px;\">\n<div class=\"gtx-trans-icon\"><\/div>\n<\/div>\n<\/div><\/section><\/div><div class=\"flex_column av_one_full  flex_column_div av-zero-column-padding first  avia-builder-el-4  el_after_av_one_full  el_before_av_hr  column-top-margin\" style='border-radius:0px; '><section class=\"av_textblock_section \"  itemscope=\"itemscope\" itemtype=\"https:\/\/schema.org\/BlogPosting\" itemprop=\"blogPost\" ><div class='avia_textblock  '   itemprop=\"text\" ><p style=\"text-align: justify;\">El senador David Sandoval, manifest\u00f3 su \u201cabsoluta preocupaci\u00f3n\u201d tras sostener una reuni\u00f3n con el director nacional de Obras P\u00fablicas, Boris Olguin, debido a la paralizaci\u00f3n de ejecuci\u00f3n de dos puentes estrat\u00e9gicos en la Ruta 7 Norte, espec\u00edficamente el puente Roselot y el puente Palena, proyectos que en conjunto contemplan una inversi\u00f3n cercana a los 80 mil millones de pesos.<\/p>\n<p style=\"text-align: justify;\">El parlamentario advirti\u00f3 que ambos proyectos se encuentran actualmente paralizados, pese a que la empresa adjudicada, ya est\u00e1 instalada en el sector. Sin embargo, \u201cno se ha movido una sola pala de material\u201d, debido a discrepancias t\u00e9cnicas entre el dise\u00f1o original elaborado por la Direcci\u00f3n de Vialidad y las condiciones reales constatadas en terreno.<\/p>\n<p style=\"text-align: justify;\">\u201cEl dise\u00f1o original presentado por la Direcci\u00f3n de Vialidad gener\u00f3 dificultades operativas en el terreno, lo que significa un incremento significativo de recursos\u201d, se\u00f1al\u00f3 el senador, agregando que esta situaci\u00f3n \u201cest\u00e1 siendo evaluada por el Ministerio de Obras P\u00fablicas y abre una alerta en todo lo que significa la Ruta 7 en la zona norte\u201d.<\/p>\n<p style=\"text-align: justify;\">Sandoval precis\u00f3 que el tema implicar\u00eda un sobrecosto adicional estimado entre 15 y 18 mil millones de pesos, situaci\u00f3n que actualmente se encuentra en evaluaci\u00f3n administrativa.<\/p>\n<p style=\"text-align: justify;\">\u201cAqu\u00ed hay discrepancias t\u00e9cnicas entre el dise\u00f1o presentado por el MOP y el dise\u00f1o ratificado en terreno por la propia empresa, lo que tiene un costo adicional importante\u201d, afirm\u00f3.<\/p>\n<p style=\"text-align: justify;\">El senador advirti\u00f3 que este tipo de situaciones no es un hecho aislado, y responde a problemas estructurales en los procesos de dise\u00f1o y presupuestos de obras p\u00fablicas. \u201cLas dificultades radican entre los dise\u00f1os originales, los presupuestos oficiales, los presupuestos de licitaci\u00f3n y los de adjudicaci\u00f3n, que a veces superan dos, tres o cuatro veces el presupuesto original. Alguien se est\u00e1 equivocando\u201d, enfatiz\u00f3.<\/p>\n<p style=\"text-align: justify;\">Finalmente, el parlamentario recalc\u00f3 que m\u00e1s all\u00e1 de las responsabilidades administrativas, el impacto lo sufre directamente la regi\u00f3n, especialmente el transporte de carga hacia Ays\u00e9n.<\/p>\n<p style=\"text-align: justify;\">\u201cEl problema mayor es para la regi\u00f3n de Ays\u00e9n y la zona austral. Estos dos puentes son una absoluta necesidad y deben buscarse los mecanismos para su materializaci\u00f3n. El Ministerio de Obras P\u00fablicas debe resolver sus temas administrativos y errores internos para hacer frente a la ejecuci\u00f3n de estos proyectos, que son esenciales para la Ruta 7 Norte y para el transporte de carga hacia la regi\u00f3n\u201d, concluy\u00f3 el senador Sandoval.<\/p>\n<\/div><\/section><\/div><div  style='height:50px' class='hr hr-invisible   avia-builder-el-6  el_after_av_one_full  el_before_av_social_share '><span class='hr-inner ' ><span class='hr-inner-style'><\/span><\/span><\/div><\/p>\n<div  class='av-social-sharing-box  avia-builder-el-7  el_after_av_hr  el_before_av_hr  '><div class='av-share-box'><h5 class='av-share-link-description av-no-toc '>Compartir esta noticia<\/h5><ul class='av-share-box-list noLightbox'><li class='av-share-link av-social-link-facebook' ><a target=\"_blank\" aria-label=\"Compartir en Facebook\" href='https:\/\/www.facebook.com\/sharer.php?u=https:\/\/radiorevelacionfm.cl\/?p=63142&#038;t=Senador%20Sandoval%20manifiesta%20preocupaci%C3%B3n%20por%20paralizaci%C3%B3n%20de%20obras%20clave%20en%20la%20Ruta%207%20Norte' aria-hidden='false' data-av_icon='\ue8f3' data-av_iconfont='entypo-fontello' title='' data-avia-related-tooltip='Compartir en Facebook' rel=\"noopener\"><span class='avia_hidden_link_text'>Compartir en Facebook<\/span><\/a><\/li><li class='av-share-link av-social-link-twitter' ><a target=\"_blank\" aria-label=\"Compartir en Twitter\" href='https:\/\/twitter.com\/share?text=Senador%20Sandoval%20manifiesta%20preocupaci%C3%B3n%20por%20paralizaci%C3%B3n%20de%20obras%20clave%20en%20la%20Ruta%207%20Norte&#038;url=https:\/\/radiorevelacionfm.cl\/?p=63142' aria-hidden='false' data-av_icon='\ue8f1' data-av_iconfont='entypo-fontello' title='' data-avia-related-tooltip='Compartir en Twitter' rel=\"noopener\"><span class='avia_hidden_link_text'>Compartir en Twitter<\/span><\/a><\/li><li class='av-share-link av-social-link-whatsapp' ><a target=\"_blank\" aria-label=\"Compartir en Whatsapp\" href='https:\/\/api.whatsapp.com\/send?text=https:\/\/radiorevelacionfm.cl\/?p=63142' aria-hidden='false' data-av_icon='\uf232' data-av_iconfont='entypo-fontello' title='' data-avia-related-tooltip='Compartir en Whatsapp' rel=\"noopener\"><span class='avia_hidden_link_text'>Compartir en Whatsapp<\/span><\/a><\/li><li class='av-share-link av-social-link-linkedin' ><a target=\"_blank\" aria-label=\"Compartir en LinkedIn\" href='https:\/\/linkedin.com\/shareArticle?mini=true&#038;title=Senador%20Sandoval%20manifiesta%20preocupaci%C3%B3n%20por%20paralizaci%C3%B3n%20de%20obras%20clave%20en%20la%20Ruta%207%20Norte&#038;url=https:\/\/radiorevelacionfm.cl\/?p=63142' aria-hidden='false' data-av_icon='\ue8fc' data-av_iconfont='entypo-fontello' title='' data-avia-related-tooltip='Compartir en LinkedIn' rel=\"noopener\"><span class='avia_hidden_link_text'>Compartir en LinkedIn<\/span><\/a><\/li><li class='av-share-link av-social-link-mail' ><a  aria-label=\"Compartir por correo\" href='mailto:?subject=Senador%20Sandoval%20manifiesta%20preocupaci%C3%B3n%20por%20paralizaci%C3%B3n%20de%20obras%20clave%20en%20la%20Ruta%207%20Norte&#038;body=https:\/\/radiorevelacionfm.cl\/?p=63142' aria-hidden='false' data-av_icon='\ue805' data-av_iconfont='entypo-fontello' title='' data-avia-related-tooltip='Compartir por correo'><span class='avia_hidden_link_text'>Compartir por correo<\/span><\/a><\/li><\/ul><\/div><\/div>\n<div  style='height:50px' class='hr hr-invisible   avia-builder-el-8  el_after_av_social_share  el_before_av_comments_list '><span class='hr-inner ' ><span class='hr-inner-style'><\/span><\/span><\/div>\n<div  class='av-buildercomment  av-blog-meta-html-info-disabled av-blog-meta-tag-disabled  '><\/div>\n","protected":false},"excerpt":{"rendered":"","protected":false},"author":1,"featured_media":63143,"comment_status":"closed","ping_status":"closed","sticky":false,"template":"","format":"standard","meta":{"footnotes":""},"categories":[35],"tags":[],"class_list":["post-63142","post","type-post","status-publish","format-standard","has-post-thumbnail","hentry","category-politica"],"jetpack_featured_media_url":"https:\/\/radiorevelacionfm.cl\/wp-content\/uploads\/2026\/01\/reunion-con-director-de-obras-publicas-1_optimized.jpg","_links":{"self":[{"href":"https:\/\/radiorevelacionfm.cl\/index.php?rest_route=\/wp\/v2\/posts\/63142","targetHints":{"allow":["GET"]}}],"collection":[{"href":"https:\/\/radiorevelacionfm.cl\/index.php?rest_route=\/wp\/v2\/posts"}],"about":[{"href":"https:\/\/radiorevelacionfm.cl\/index.php?rest_route=\/wp\/v2\/types\/post"}],"author":[{"embeddable":true,"href":"https:\/\/radiorevelacionfm.cl\/index.php?rest_route=\/wp\/v2\/users\/1"}],"replies":[{"embeddable":true,"href":"https:\/\/radiorevelacionfm.cl\/index.php?rest_route=%2Fwp%2Fv2%2Fcomments&post=63142"}],"version-history":[{"count":2,"href":"https:\/\/radiorevelacionfm.cl\/index.php?rest_route=\/wp\/v2\/posts\/63142\/revisions"}],"predecessor-version":[{"id":63145,"href":"https:\/\/radiorevelacionfm.cl\/index.php?rest_route=\/wp\/v2\/posts\/63142\/revisions\/63145"}],"wp:featuredmedia":[{"embeddable":true,"href":"https:\/\/radiorevelacionfm.cl\/index.php?rest_route=\/wp\/v2\/media\/63143"}],"wp:attachment":[{"href":"https:\/\/radiorevelacionfm.cl\/index.php?rest_route=%2Fwp%2Fv2%2Fmedia&parent=63142"}],"wp:term":[{"taxonomy":"category","embeddable":true,"href":"https:\/\/radiorevelacionfm.cl\/index.php?rest_route=%2Fwp%2Fv2%2Fcategories&post=63142"},{"taxonomy":"post_tag","embeddable":true,"href":"https:\/\/radiorevelacionfm.cl\/index.php?rest_route=%2Fwp%2Fv2%2Ftags&post=63142"}],"curies":[{"name":"wp","href":"https:\/\/api.w.org\/{rel}","templated":true}]}}