{"id":63139,"date":"2026-01-10T20:42:55","date_gmt":"2026-01-10T23:42:55","guid":{"rendered":"https:\/\/radiorevelacionfm.cl\/?p=63139"},"modified":"2026-01-11T20:37:03","modified_gmt":"2026-01-11T23:37:03","slug":"nuevos-nombres-que-se-evaluan-en-proceso-de-definicion-de-la-delegacion-presidencial-regional","status":"publish","type":"post","link":"https:\/\/radiorevelacionfm.cl\/?p=63139","title":{"rendered":"Otros nombres que se eval\u00faan en proceso de definici\u00f3n de la Delegaci\u00f3n Presidencial Regional"},"content":{"rendered":"<div class=\"flex_column av_one_full  flex_column_div av-zero-column-padding first  avia-builder-el-0  el_before_av_one_full  avia-builder-el-first  \" style='border-radius:0px; '><div  class='avia-image-container  av-styling-    avia-builder-el-1  avia-builder-el-no-sibling  avia-align-center '  itemprop=\"image\" itemscope=\"itemscope\" itemtype=\"https:\/\/schema.org\/ImageObject\"  ><div class='avia-image-container-inner'><div class='avia-image-overlay-wrap'><img decoding=\"async\" class='wp-image-63140 avia-img-lazy-loading-not-63140 avia_image' src=\"https:\/\/radiorevelacionfm.cl\/wp-content\/uploads\/2026\/01\/referencial-4-1_optimized.jpeg\" alt='' title='referencial-(4)-(1)_optimized' height=\"600\" width=\"1067\"  itemprop=\"thumbnailUrl\" srcset=\"https:\/\/radiorevelacionfm.cl\/wp-content\/uploads\/2026\/01\/referencial-4-1_optimized.jpeg 1067w, https:\/\/radiorevelacionfm.cl\/wp-content\/uploads\/2026\/01\/referencial-4-1_optimized-300x169.jpeg 300w, https:\/\/radiorevelacionfm.cl\/wp-content\/uploads\/2026\/01\/referencial-4-1_optimized-1030x579.jpeg 1030w, https:\/\/radiorevelacionfm.cl\/wp-content\/uploads\/2026\/01\/referencial-4-1_optimized-768x432.jpeg 768w, https:\/\/radiorevelacionfm.cl\/wp-content\/uploads\/2026\/01\/referencial-4-1_optimized-705x396.jpeg 705w, https:\/\/radiorevelacionfm.cl\/wp-content\/uploads\/2026\/01\/referencial-4-1_optimized-450x253.jpeg 450w, https:\/\/radiorevelacionfm.cl\/wp-content\/uploads\/2026\/01\/referencial-4-1_optimized-600x337.jpeg 600w\" sizes=\"(max-width: 1067px) 100vw, 1067px\" \/><\/div><\/div><\/div><\/div>\n<div class=\"flex_column av_one_full  flex_column_div av-zero-column-padding first  avia-builder-el-2  el_after_av_one_full  el_before_av_one_full  column-top-margin\" style='border-radius:0px; '><section class=\"av_textblock_section \"  itemscope=\"itemscope\" itemtype=\"https:\/\/schema.org\/BlogPosting\" itemprop=\"blogPost\" ><div class='avia_textblock  '   itemprop=\"text\" ><p style=\"text-align: center;\"><strong><span style=\"font-size: 18pt;\">Otros nombres que se eval\u00faan en proceso de definici\u00f3n de la Delegaci\u00f3n Presidencial Regional<\/span><\/strong><\/p>\n<div id=\"gtx-trans\" style=\"position: absolute; left: -50px; top: 4.31534px;\">\n<div class=\"gtx-trans-icon\"><\/div>\n<\/div>\n<\/div><\/section><\/div><div class=\"flex_column av_one_full  flex_column_div av-zero-column-padding first  avia-builder-el-4  el_after_av_one_full  el_before_av_hr  column-top-margin\" style='border-radius:0px; '><section class=\"av_textblock_section \"  itemscope=\"itemscope\" itemtype=\"https:\/\/schema.org\/BlogPosting\" itemprop=\"blogPost\" ><div class='avia_textblock  '   itemprop=\"text\" ><p dir=\"ltr\" style=\"text-align: justify;\">Desde la derecha regional informaron que el proceso de definici\u00f3n del pr\u00f3ximo delegado o delegada presidencial se encuentra en una etapa avanzada y decisiva, con conversaciones formales ya desarrolladas a nivel central y regional.<\/p>\n<p dir=\"ltr\" style=\"text-align: justify;\">Este proceso ha dejado atr\u00e1s la fase de evaluaciones preliminares y responde hoy a\u00a0criterios pol\u00edticos, t\u00e9cnicos y de equilibrio interno, con el objetivo de asegurar una conducci\u00f3n regional s\u00f3lida, con experiencia y capacidad de gesti\u00f3n.<\/p>\n<p dir=\"ltr\" style=\"text-align: justify;\">En este contexto, se confirma que\u00a0existen nombres claramente posicionados\u00a0dentro de la evaluaci\u00f3n final. Desde Renovaci\u00f3n Nacional, se consideran los perfiles de la\u00a0diputada Raphael, as\u00ed como el de\u00a0Pilar Cuevas, ex intendenta del primer gobierno del Presidente Sebasti\u00e1n Pi\u00f1era y actual\u00a0consejera constitucional electa, cuya trayectoria en el servicio p\u00fablico es ampliamente reconocida. Asimismo, se eval\u00faa a\u00a0Luz Mar\u00eda Vicu\u00f1a, actual secretaria ejecutiva del GORE, valorada por su conocimiento del funcionamiento regional y su proyecci\u00f3n pol\u00edtica.<\/p>\n<p dir=\"ltr\" style=\"text-align: justify;\">Desde el\u00a0Partido Republicano, se sostiene con convicci\u00f3n la opci\u00f3n de\u00a0Luz Valeria Villegas, dirigente que ha acompa\u00f1ado de manera permanente el proyecto del Partido Republicano y del liderazgo de Jos\u00e9 Antonio Kast, destacando su disciplina, coherencia y compromiso pol\u00edtico.<\/p>\n<p dir=\"ltr\" style=\"text-align: justify;\">En el an\u00e1lisis tambi\u00e9n se ha considerado el nombre de\u00a0Geoconda Navarrete (Ev\u00f3poli), ex intendenta del segundo gobierno del Presidente Pi\u00f1era, cuya experiencia administrativa forma parte de la evaluaci\u00f3n general, aunque con menores probabilidades en la etapa final.<\/p>\n<p dir=\"ltr\" style=\"text-align: justify;\">Como bloque, se reconoce que esta designaci\u00f3n debe responder a un\u00a0equilibrio pol\u00edtico necesario entre los distintos partidos, considerando que la UDI ya cuenta con representaci\u00f3n relevante en la regi\u00f3n a trav\u00e9s de otros cargos de elecci\u00f3n popular.<\/p>\n<p dir=\"ltr\" style=\"text-align: justify;\">Reiteramos que\u00a0no se trata de rumores ni especulaciones, sino de un proceso en curso, con definiciones claras y responsables. La derecha regional avanza hacia una decisi\u00f3n estrat\u00e9gica que permitir\u00e1 fortalecer la gesti\u00f3n territorial y la coordinaci\u00f3n con el nivel central.<\/p>\n<p dir=\"ltr\" style=\"text-align: justify;\">El nombre de quien asuma la Delegaci\u00f3n Presidencial Regional\u00a0ser\u00e1 informado oportunamente por las instancias correspondientes.<\/p>\n<\/div><\/section><\/div><\/p>\n<div  style='height:50px' class='hr hr-invisible   avia-builder-el-6  el_after_av_one_full  el_before_av_social_share '><span class='hr-inner ' ><span class='hr-inner-style'><\/span><\/span><\/div>\n<div  class='av-social-sharing-box  avia-builder-el-7  el_after_av_hr  el_before_av_hr  '><div class='av-share-box'><h5 class='av-share-link-description av-no-toc '>Compartir esta noticia<\/h5><ul class='av-share-box-list noLightbox'><li class='av-share-link av-social-link-facebook' ><a target=\"_blank\" aria-label=\"Compartir en Facebook\" href='https:\/\/www.facebook.com\/sharer.php?u=https:\/\/radiorevelacionfm.cl\/?p=63139&#038;t=Otros%20nombres%20que%20se%20eval%C3%BAan%20en%20proceso%20de%20definici%C3%B3n%20de%20la%20Delegaci%C3%B3n%20Presidencial%20Regional' aria-hidden='false' data-av_icon='\ue8f3' data-av_iconfont='entypo-fontello' title='' data-avia-related-tooltip='Compartir en Facebook' rel=\"noopener\"><span class='avia_hidden_link_text'>Compartir en Facebook<\/span><\/a><\/li><li class='av-share-link av-social-link-twitter' ><a target=\"_blank\" aria-label=\"Compartir en Twitter\" href='https:\/\/twitter.com\/share?text=Otros%20nombres%20que%20se%20eval%C3%BAan%20en%20proceso%20de%20definici%C3%B3n%20de%20la%20Delegaci%C3%B3n%20Presidencial%20Regional&#038;url=https:\/\/radiorevelacionfm.cl\/?p=63139' aria-hidden='false' data-av_icon='\ue8f1' data-av_iconfont='entypo-fontello' title='' data-avia-related-tooltip='Compartir en Twitter' rel=\"noopener\"><span class='avia_hidden_link_text'>Compartir en Twitter<\/span><\/a><\/li><li class='av-share-link av-social-link-whatsapp' ><a target=\"_blank\" aria-label=\"Compartir en Whatsapp\" href='https:\/\/api.whatsapp.com\/send?text=https:\/\/radiorevelacionfm.cl\/?p=63139' aria-hidden='false' data-av_icon='\uf232' data-av_iconfont='entypo-fontello' title='' data-avia-related-tooltip='Compartir en Whatsapp' rel=\"noopener\"><span class='avia_hidden_link_text'>Compartir en Whatsapp<\/span><\/a><\/li><li class='av-share-link av-social-link-linkedin' ><a target=\"_blank\" aria-label=\"Compartir en LinkedIn\" href='https:\/\/linkedin.com\/shareArticle?mini=true&#038;title=Otros%20nombres%20que%20se%20eval%C3%BAan%20en%20proceso%20de%20definici%C3%B3n%20de%20la%20Delegaci%C3%B3n%20Presidencial%20Regional&#038;url=https:\/\/radiorevelacionfm.cl\/?p=63139' aria-hidden='false' data-av_icon='\ue8fc' data-av_iconfont='entypo-fontello' title='' data-avia-related-tooltip='Compartir en LinkedIn' rel=\"noopener\"><span class='avia_hidden_link_text'>Compartir en LinkedIn<\/span><\/a><\/li><li class='av-share-link av-social-link-mail' ><a  aria-label=\"Compartir por correo\" href='mailto:?subject=Otros%20nombres%20que%20se%20eval%C3%BAan%20en%20proceso%20de%20definici%C3%B3n%20de%20la%20Delegaci%C3%B3n%20Presidencial%20Regional&#038;body=https:\/\/radiorevelacionfm.cl\/?p=63139' aria-hidden='false' data-av_icon='\ue805' data-av_iconfont='entypo-fontello' title='' data-avia-related-tooltip='Compartir por correo'><span class='avia_hidden_link_text'>Compartir por correo<\/span><\/a><\/li><\/ul><\/div><\/div>\n<div  style='height:50px' class='hr hr-invisible   avia-builder-el-8  el_after_av_social_share  el_before_av_comments_list '><span class='hr-inner ' ><span class='hr-inner-style'><\/span><\/span><\/div>\n<div  class='av-buildercomment  av-blog-meta-html-info-disabled av-blog-meta-tag-disabled  '><\/div>\n","protected":false},"excerpt":{"rendered":"","protected":false},"author":1,"featured_media":63140,"comment_status":"closed","ping_status":"closed","sticky":false,"template":"","format":"standard","meta":{"footnotes":""},"categories":[38],"tags":[],"class_list":["post-63139","post","type-post","status-publish","format-standard","has-post-thumbnail","hentry","category-regional"],"jetpack_featured_media_url":"https:\/\/radiorevelacionfm.cl\/wp-content\/uploads\/2026\/01\/referencial-4-1_optimized.jpeg","_links":{"self":[{"href":"https:\/\/radiorevelacionfm.cl\/index.php?rest_route=\/wp\/v2\/posts\/63139","targetHints":{"allow":["GET"]}}],"collection":[{"href":"https:\/\/radiorevelacionfm.cl\/index.php?rest_route=\/wp\/v2\/posts"}],"about":[{"href":"https:\/\/radiorevelacionfm.cl\/index.php?rest_route=\/wp\/v2\/types\/post"}],"author":[{"embeddable":true,"href":"https:\/\/radiorevelacionfm.cl\/index.php?rest_route=\/wp\/v2\/users\/1"}],"replies":[{"embeddable":true,"href":"https:\/\/radiorevelacionfm.cl\/index.php?rest_route=%2Fwp%2Fv2%2Fcomments&post=63139"}],"version-history":[{"count":3,"href":"https:\/\/radiorevelacionfm.cl\/index.php?rest_route=\/wp\/v2\/posts\/63139\/revisions"}],"predecessor-version":[{"id":63174,"href":"https:\/\/radiorevelacionfm.cl\/index.php?rest_route=\/wp\/v2\/posts\/63139\/revisions\/63174"}],"wp:featuredmedia":[{"embeddable":true,"href":"https:\/\/radiorevelacionfm.cl\/index.php?rest_route=\/wp\/v2\/media\/63140"}],"wp:attachment":[{"href":"https:\/\/radiorevelacionfm.cl\/index.php?rest_route=%2Fwp%2Fv2%2Fmedia&parent=63139"}],"wp:term":[{"taxonomy":"category","embeddable":true,"href":"https:\/\/radiorevelacionfm.cl\/index.php?rest_route=%2Fwp%2Fv2%2Fcategories&post=63139"},{"taxonomy":"post_tag","embeddable":true,"href":"https:\/\/radiorevelacionfm.cl\/index.php?rest_route=%2Fwp%2Fv2%2Ftags&post=63139"}],"curies":[{"name":"wp","href":"https:\/\/api.w.org\/{rel}","templated":true}]}}