{"id":63132,"date":"2026-01-09T18:16:29","date_gmt":"2026-01-09T21:16:29","guid":{"rendered":"https:\/\/radiorevelacionfm.cl\/?p=63132"},"modified":"2026-01-09T18:16:29","modified_gmt":"2026-01-09T21:16:29","slug":"programa-transforma-litoral-inicia-despliegue-territorial-para-construir-su-hoja-de-ruta","status":"publish","type":"post","link":"https:\/\/radiorevelacionfm.cl\/?p=63132","title":{"rendered":"Programa Transforma Litoral inicia despliegue territorial para construir su Hoja de Ruta"},"content":{"rendered":"<div class=\"flex_column av_one_full  flex_column_div av-zero-column-padding first  avia-builder-el-0  el_before_av_one_full  avia-builder-el-first  \" style='border-radius:0px; '><div  class='avia-image-container  av-styling-    avia-builder-el-1  avia-builder-el-no-sibling  avia-align-center '  itemprop=\"image\" itemscope=\"itemscope\" itemtype=\"https:\/\/schema.org\/ImageObject\"  ><div class='avia-image-container-inner'><div class='avia-image-overlay-wrap'><img decoding=\"async\" class='wp-image-63133 avia-img-lazy-loading-not-63133 avia_image' src=\"https:\/\/radiorevelacionfm.cl\/wp-content\/uploads\/2026\/01\/1-2026-01-09T181356.452-1-1.jpg\" alt='' title='1 - 2026-01-09T181356.452 (1) (1)' height=\"615\" width=\"803\"  itemprop=\"thumbnailUrl\" srcset=\"https:\/\/radiorevelacionfm.cl\/wp-content\/uploads\/2026\/01\/1-2026-01-09T181356.452-1-1.jpg 803w, https:\/\/radiorevelacionfm.cl\/wp-content\/uploads\/2026\/01\/1-2026-01-09T181356.452-1-1-300x230.jpg 300w, https:\/\/radiorevelacionfm.cl\/wp-content\/uploads\/2026\/01\/1-2026-01-09T181356.452-1-1-768x588.jpg 768w, https:\/\/radiorevelacionfm.cl\/wp-content\/uploads\/2026\/01\/1-2026-01-09T181356.452-1-1-705x540.jpg 705w, https:\/\/radiorevelacionfm.cl\/wp-content\/uploads\/2026\/01\/1-2026-01-09T181356.452-1-1-450x345.jpg 450w, https:\/\/radiorevelacionfm.cl\/wp-content\/uploads\/2026\/01\/1-2026-01-09T181356.452-1-1-600x460.jpg 600w\" sizes=\"(max-width: 803px) 100vw, 803px\" \/><\/div><\/div><\/div><\/div><div class=\"flex_column av_one_full  flex_column_div av-zero-column-padding first  avia-builder-el-2  el_after_av_one_full  el_before_av_one_full  column-top-margin\" style='border-radius:0px; '><section class=\"av_textblock_section \"  itemscope=\"itemscope\" itemtype=\"https:\/\/schema.org\/BlogPosting\" itemprop=\"blogPost\" ><div class='avia_textblock  '   itemprop=\"text\" ><p style=\"text-align: center;\"><span style=\"font-size: 18pt;\"><b>Programa Transforma Litoral inicia despliegue territorial para construir su Hoja de Ruta<\/b><\/span><\/p>\n<div id=\"gtx-trans\" style=\"position: absolute; left: -50px; top: 4.31534px;\">\n<div class=\"gtx-trans-icon\"><\/div>\n<\/div>\n<\/div><\/section><\/div><div class=\"flex_column av_one_full  flex_column_div av-zero-column-padding first  avia-builder-el-4  el_after_av_one_full  el_before_av_hr  column-top-margin\" style='border-radius:0px; '><section class=\"av_textblock_section \"  itemscope=\"itemscope\" itemtype=\"https:\/\/schema.org\/BlogPosting\" itemprop=\"blogPost\" ><div class='avia_textblock  '   itemprop=\"text\" ><p style=\"font-weight: 400; text-align: justify;\"><em>Equipo y entidad gestora GEDES en funciones, junto a consultora iniciaron visitas y levantamiento de informaci\u00f3n.<\/em><\/p>\n<p style=\"font-weight: 400; text-align: justify;\">El Programa Transforma Litoral, una iniciativa de Corfo, entr\u00f3 formalmente en su fase operativa, dando inicio al proceso que permitir\u00e1 construir la Hoja de Ruta que orientar\u00e1 el desarrollo productivo del litoral durante los pr\u00f3ximos a\u00f1os. La iniciativa \u2014impulsada por Corfo y el Gobierno Regional de Ays\u00e9n a trav\u00e9s del Comit\u00e9 de Desarrollo Productivo Regional\u2014 avanza as\u00ed desde la planificaci\u00f3n inicial hacia un trabajo en terreno que busca recoger la visi\u00f3n de los distintos actores vinculados a las actividades econ\u00f3micas de la zona costera.<\/p>\n<p style=\"font-weight: 400; text-align: justify;\">El programa cuenta actualmente con una estructura operativa instalada. Mar\u00eda Jes\u00fas Montti Solis asumi\u00f3 como gerenta y se encuentra liderando la coordinaci\u00f3n t\u00e9cnica del proceso y la relaci\u00f3n con los sectores p\u00fablicos, privados y comunitarios que ser\u00e1n parte del diagn\u00f3stico territorial. Asimismo, la entidad gestora adjudicada para conducir el dise\u00f1o es\u00a0<a href=\"https:\/\/gedes.cl\/\" data-saferedirecturl=\"https:\/\/www.google.com\/url?q=https:\/\/gedes.cl\/&amp;source=gmail&amp;ust=1768074889547000&amp;usg=AOvVaw0_5yoXHiNvanOj2IynAOFV\">GEDES<\/a>\u00a0con experiencia en iniciativas de articulaci\u00f3n productiva y planificaci\u00f3n estrat\u00e9gica en distintas regiones del pa\u00eds.<\/p>\n<p style=\"font-weight: 400; text-align: justify;\">En este marco, se iniciar\u00e1 un despliegue territorial en que el equipo del programa junto a la\u00a0<a href=\"https:\/\/deuman.com\/\" data-saferedirecturl=\"https:\/\/www.google.com\/url?q=https:\/\/deuman.com\/&amp;source=gmail&amp;ust=1768074889547000&amp;usg=AOvVaw0tOZZDJpNPJ_TLAZp1f_y7\">consultora DEUMAN<\/a>\u00a0comenzar\u00e1 un trabajo sistem\u00e1tico de visitas, reuniones y levantamientos en terreno. El proceso contemplar\u00e1 encuentros con representantes de la acuicultura, la pesca artesanal, el turismo costero, los servicios log\u00edsticos y actores institucionales vinculados al desarrollo econ\u00f3mico del litoral. El objetivo es comprender las brechas, oportunidades y desaf\u00edos de cada sector, con el fin de construir una hoja de ruta que represente la complejidad y diversidad del territorio.<\/p>\n<p style=\"font-weight: 400; text-align: justify;\">El director (S) de Corfo Ays\u00e9n, Boris L\u00f3pez Bravo, destac\u00f3 el inicio operativo del programa y la importancia del despliegue territorial para su \u00e9xito. \u201cEste programa comienza con un equipo en funciones y con una consultora que aportar\u00e1 experiencia y metodolog\u00eda al trabajo local. El recorrido que inicia en enero ser\u00e1 fundamental para dialogar con las comunidades, los sectores productivos y las organizaciones del litoral, de manera de contar con una Hoja de Ruta basada en informaci\u00f3n precisa y en la voz de quienes habitan y trabajan en estas zonas. Nuestro prop\u00f3sito es construir un instrumento que oriente acciones concretas para fortalecer el desarrollo sostenible del litoral de Ays\u00e9n\u201d, afirm\u00f3.<\/p>\n<p style=\"font-weight: 400; text-align: justify;\">El proceso considera talleres participativos, mesas t\u00e9cnicas y an\u00e1lisis de informaci\u00f3n sectorial, los cuales permitir\u00e1n identificar iniciativas estrat\u00e9gicas para el territorio, comprendido en las comunas de Guaitecas, Cisnes, Ays\u00e9n y Tortel. El trabajo se articular\u00e1 adem\u00e1s con instrumentos regionales vigentes, como la Pol\u00edtica de Desarrollo de Zonas Extremas, programas de innovaci\u00f3n y esfuerzos locales en formaci\u00f3n de capacidades, fomento productivo y diversificaci\u00f3n econ\u00f3mica.<\/p>\n<p style=\"text-align: justify;\"><span style=\"font-weight: 400;\">Se espera que el dise\u00f1o de la Hoja de Ruta finalice durante el primer trimestre de 2026, lo que permitir\u00e1 avanzar a una etapa posterior de implementaci\u00f3n y ejecuci\u00f3n. Con este avance, el Programa Transforma Litoral consolida un paso clave para impulsar un desarrollo productivo equilibrado y sostenible, y para mejorar las condiciones de coordinaci\u00f3n entre los diversos actores que influyen en la din\u00e1mica econ\u00f3mica del litoral de la Regi\u00f3n de Ays\u00e9n.<\/span><\/p>\n<\/div><\/section><\/div><div  style='height:50px' class='hr hr-invisible   avia-builder-el-6  el_after_av_one_full  el_before_av_social_share '><span class='hr-inner ' ><span class='hr-inner-style'><\/span><\/span><\/div><\/p>\n<div  class='av-social-sharing-box  avia-builder-el-7  el_after_av_hr  el_before_av_hr  '><div class='av-share-box'><h5 class='av-share-link-description av-no-toc '>Compartir esta noticia<\/h5><ul class='av-share-box-list noLightbox'><li class='av-share-link av-social-link-facebook' ><a target=\"_blank\" aria-label=\"Compartir en Facebook\" href='https:\/\/www.facebook.com\/sharer.php?u=https:\/\/radiorevelacionfm.cl\/?p=63132&#038;t=Programa%20Transforma%20Litoral%20inicia%20despliegue%20territorial%20para%20construir%20su%20Hoja%20de%20Ruta' aria-hidden='false' data-av_icon='\ue8f3' data-av_iconfont='entypo-fontello' title='' data-avia-related-tooltip='Compartir en Facebook' rel=\"noopener\"><span class='avia_hidden_link_text'>Compartir en Facebook<\/span><\/a><\/li><li class='av-share-link av-social-link-twitter' ><a target=\"_blank\" aria-label=\"Compartir en Twitter\" href='https:\/\/twitter.com\/share?text=Programa%20Transforma%20Litoral%20inicia%20despliegue%20territorial%20para%20construir%20su%20Hoja%20de%20Ruta&#038;url=https:\/\/radiorevelacionfm.cl\/?p=63132' aria-hidden='false' data-av_icon='\ue8f1' data-av_iconfont='entypo-fontello' title='' data-avia-related-tooltip='Compartir en Twitter' rel=\"noopener\"><span class='avia_hidden_link_text'>Compartir en Twitter<\/span><\/a><\/li><li class='av-share-link av-social-link-whatsapp' ><a target=\"_blank\" aria-label=\"Compartir en Whatsapp\" href='https:\/\/api.whatsapp.com\/send?text=https:\/\/radiorevelacionfm.cl\/?p=63132' aria-hidden='false' data-av_icon='\uf232' data-av_iconfont='entypo-fontello' title='' data-avia-related-tooltip='Compartir en Whatsapp' rel=\"noopener\"><span class='avia_hidden_link_text'>Compartir en Whatsapp<\/span><\/a><\/li><li class='av-share-link av-social-link-linkedin' ><a target=\"_blank\" aria-label=\"Compartir en LinkedIn\" href='https:\/\/linkedin.com\/shareArticle?mini=true&#038;title=Programa%20Transforma%20Litoral%20inicia%20despliegue%20territorial%20para%20construir%20su%20Hoja%20de%20Ruta&#038;url=https:\/\/radiorevelacionfm.cl\/?p=63132' aria-hidden='false' data-av_icon='\ue8fc' data-av_iconfont='entypo-fontello' title='' data-avia-related-tooltip='Compartir en LinkedIn' rel=\"noopener\"><span class='avia_hidden_link_text'>Compartir en LinkedIn<\/span><\/a><\/li><li class='av-share-link av-social-link-mail' ><a  aria-label=\"Compartir por correo\" href='mailto:?subject=Programa%20Transforma%20Litoral%20inicia%20despliegue%20territorial%20para%20construir%20su%20Hoja%20de%20Ruta&#038;body=https:\/\/radiorevelacionfm.cl\/?p=63132' aria-hidden='false' data-av_icon='\ue805' data-av_iconfont='entypo-fontello' title='' data-avia-related-tooltip='Compartir por correo'><span class='avia_hidden_link_text'>Compartir por correo<\/span><\/a><\/li><\/ul><\/div><\/div>\n<div  style='height:50px' class='hr hr-invisible   avia-builder-el-8  el_after_av_social_share  el_before_av_comments_list '><span class='hr-inner ' ><span class='hr-inner-style'><\/span><\/span><\/div>\n<div  class='av-buildercomment  av-blog-meta-html-info-disabled av-blog-meta-tag-disabled  '><\/div>\n","protected":false},"excerpt":{"rendered":"","protected":false},"author":1,"featured_media":63133,"comment_status":"closed","ping_status":"closed","sticky":false,"template":"","format":"standard","meta":{"footnotes":""},"categories":[38],"tags":[],"class_list":["post-63132","post","type-post","status-publish","format-standard","has-post-thumbnail","hentry","category-regional"],"jetpack_featured_media_url":"https:\/\/radiorevelacionfm.cl\/wp-content\/uploads\/2026\/01\/1-2026-01-09T181356.452-1-1.jpg","_links":{"self":[{"href":"https:\/\/radiorevelacionfm.cl\/index.php?rest_route=\/wp\/v2\/posts\/63132","targetHints":{"allow":["GET"]}}],"collection":[{"href":"https:\/\/radiorevelacionfm.cl\/index.php?rest_route=\/wp\/v2\/posts"}],"about":[{"href":"https:\/\/radiorevelacionfm.cl\/index.php?rest_route=\/wp\/v2\/types\/post"}],"author":[{"embeddable":true,"href":"https:\/\/radiorevelacionfm.cl\/index.php?rest_route=\/wp\/v2\/users\/1"}],"replies":[{"embeddable":true,"href":"https:\/\/radiorevelacionfm.cl\/index.php?rest_route=%2Fwp%2Fv2%2Fcomments&post=63132"}],"version-history":[{"count":2,"href":"https:\/\/radiorevelacionfm.cl\/index.php?rest_route=\/wp\/v2\/posts\/63132\/revisions"}],"predecessor-version":[{"id":63135,"href":"https:\/\/radiorevelacionfm.cl\/index.php?rest_route=\/wp\/v2\/posts\/63132\/revisions\/63135"}],"wp:featuredmedia":[{"embeddable":true,"href":"https:\/\/radiorevelacionfm.cl\/index.php?rest_route=\/wp\/v2\/media\/63133"}],"wp:attachment":[{"href":"https:\/\/radiorevelacionfm.cl\/index.php?rest_route=%2Fwp%2Fv2%2Fmedia&parent=63132"}],"wp:term":[{"taxonomy":"category","embeddable":true,"href":"https:\/\/radiorevelacionfm.cl\/index.php?rest_route=%2Fwp%2Fv2%2Fcategories&post=63132"},{"taxonomy":"post_tag","embeddable":true,"href":"https:\/\/radiorevelacionfm.cl\/index.php?rest_route=%2Fwp%2Fv2%2Ftags&post=63132"}],"curies":[{"name":"wp","href":"https:\/\/api.w.org\/{rel}","templated":true}]}}