{"id":63120,"date":"2026-01-09T15:10:02","date_gmt":"2026-01-09T18:10:02","guid":{"rendered":"https:\/\/radiorevelacionfm.cl\/?p=63120"},"modified":"2026-01-09T15:10:02","modified_gmt":"2026-01-09T18:10:02","slug":"recolectores-de-aysen-aportan-su-mirada-al-anteproyecto-del-reglamento-de-la-ley-de-proteccion-de-turberas","status":"publish","type":"post","link":"https:\/\/radiorevelacionfm.cl\/?p=63120","title":{"rendered":"Recolectores de Ays\u00e9n aportan su mirada al anteproyecto del reglamento de la Ley de Protecci\u00f3n de Turberas"},"content":{"rendered":"<div class=\"flex_column av_one_full  flex_column_div av-zero-column-padding first  avia-builder-el-0  el_before_av_one_full  avia-builder-el-first  \" style='border-radius:0px; '><div  class='avia-image-container  av-styling-    avia-builder-el-1  avia-builder-el-no-sibling  avia-align-center '  itemprop=\"image\" itemscope=\"itemscope\" itemtype=\"https:\/\/schema.org\/ImageObject\"  ><div class='avia-image-container-inner'><div class='avia-image-overlay-wrap'><img decoding=\"async\" class='wp-image-63121 avia-img-lazy-loading-not-63121 avia_image' src=\"https:\/\/radiorevelacionfm.cl\/wp-content\/uploads\/2026\/01\/img_0812-1_optimized-1.jpg\" alt='' title='img_0812-(1)_optimized (1)' height=\"600\" width=\"1067\"  itemprop=\"thumbnailUrl\" srcset=\"https:\/\/radiorevelacionfm.cl\/wp-content\/uploads\/2026\/01\/img_0812-1_optimized-1.jpg 1067w, https:\/\/radiorevelacionfm.cl\/wp-content\/uploads\/2026\/01\/img_0812-1_optimized-1-300x169.jpg 300w, https:\/\/radiorevelacionfm.cl\/wp-content\/uploads\/2026\/01\/img_0812-1_optimized-1-1030x579.jpg 1030w, https:\/\/radiorevelacionfm.cl\/wp-content\/uploads\/2026\/01\/img_0812-1_optimized-1-768x432.jpg 768w, https:\/\/radiorevelacionfm.cl\/wp-content\/uploads\/2026\/01\/img_0812-1_optimized-1-705x396.jpg 705w, https:\/\/radiorevelacionfm.cl\/wp-content\/uploads\/2026\/01\/img_0812-1_optimized-1-450x253.jpg 450w, https:\/\/radiorevelacionfm.cl\/wp-content\/uploads\/2026\/01\/img_0812-1_optimized-1-600x337.jpg 600w\" sizes=\"(max-width: 1067px) 100vw, 1067px\" \/><\/div><\/div><\/div><\/div><div class=\"flex_column av_one_full  flex_column_div av-zero-column-padding first  avia-builder-el-2  el_after_av_one_full  el_before_av_one_full  column-top-margin\" style='border-radius:0px; '><section class=\"av_textblock_section \"  itemscope=\"itemscope\" itemtype=\"https:\/\/schema.org\/BlogPosting\" itemprop=\"blogPost\" ><div class='avia_textblock  '   itemprop=\"text\" ><p style=\"text-align: center;\"><strong><span style=\"font-size: 18pt;\">Recolectores de Ays\u00e9n aportan su mirada al anteproyecto del reglamento de la Ley de Protecci\u00f3n de Turberas<\/span><\/strong><\/p>\n<div id=\"gtx-trans\" style=\"position: absolute; left: -50px; top: 4.31534px;\">\n<div class=\"gtx-trans-icon\"><\/div>\n<\/div>\n<\/div><\/section><\/div><div class=\"flex_column av_one_full  flex_column_div av-zero-column-padding first  avia-builder-el-4  el_after_av_one_full  el_before_av_hr  column-top-margin\" style='border-radius:0px; '><section class=\"av_textblock_section \"  itemscope=\"itemscope\" itemtype=\"https:\/\/schema.org\/BlogPosting\" itemprop=\"blogPost\" ><div class='avia_textblock  '   itemprop=\"text\" ><p style=\"text-align: justify;\">Con una activa participaci\u00f3n de actores locales, recolectores y representantes de la cadena productiva del pomp\u00f3n, se desarroll\u00f3 en la ciudad de Puerto Ays\u00e9n un taller ciudadano de participaci\u00f3n temprana PAC, en el marco de la elaboraci\u00f3n del anteproyecto del Reglamento de la Ley N\u00b021.660, que establece la protecci\u00f3n ambiental de las turberas en Chile.<\/p>\n<p style=\"text-align: justify;\">La instancia se realiz\u00f3 en cumplimiento de lo mandatado por el art\u00edculo segundo transitorio de la ley, que establece la necesidad de considerar la opini\u00f3n de los distintos actores vinculados al manejo y uso de estos ecosistemas, reconociendo el valor del conocimiento territorial y las pr\u00e1cticas locales en la construcci\u00f3n de una normativa pertinente y aplicable a la realidad de los territorios.<\/p>\n<p style=\"text-align: justify;\">El taller fue encabezado por profesionales del Ministerio del Medio Ambiente y el Seremi del Medio Ambiente de la Regi\u00f3n de Ays\u00e9n, y estuvo especialmente dirigido a personas vinculadas a la cadena productiva de las turberas, entre ellas recolectores de pomp\u00f3n, quienes compartieron su experiencia directa, preocupaciones y propuestas en torno al uso sustentable de estos ecosistemas.<\/p>\n<p style=\"text-align: justify;\">Durante la jornada, el Seremi del Medio Ambiente de Ays\u00e9n, Yoal D\u00edaz, destac\u00f3 el sentido profundo de este proceso participativo se\u00f1alando que \u201cestamos construyendo junto a las comunidades y las cadenas productivas, un reglamento con pertinencia territorial. Son ellas y ellos quienes trabajan en la gesti\u00f3n y el uso sustentable de estos ecosistemas, y su mirada es clave para poner en valor las turberas, no solo para la regi\u00f3n, sino para el pa\u00eds y el planeta. Este trabajo lo estamos haciendo todos y para todos\u201d.<\/p>\n<p style=\"text-align: justify;\">Desde una mirada t\u00e9cnica y jur\u00eddica, el abogado del Ministerio del Medio Ambiente, Gabriel Bustos, recalc\u00f3 la importancia de salir del enfoque centralista en la elaboraci\u00f3n normativa: \u201chacer un reglamento desde la ciudad, sin escuchar el territorio, no tiene sentido. Es fundamental conocer c\u00f3mo ha operado realmente el sistema, entender las pr\u00e1cticas locales y, al mismo tiempo, la enorme importancia ambiental de las turberas. La ley nos manda a nutrirnos de esta visi\u00f3n para construir un mejor reglamento\u201d.<\/p>\n<p style=\"text-align: justify;\">La voz de quienes viven y trabajan directamente en las turberas tambi\u00e9n fue protagonista. El recolector de pomp\u00f3n Eriko Gatica puso \u00e9nfasis en la necesidad de educaci\u00f3n, conciencia y responsabilidad intergeneracional: \u201chay que venir a estas reuniones para entender qu\u00e9 es proteger una turbera. No es lo mismo destruir que cuidar. Si se hace bien, en dos o tres a\u00f1os una turbera puede volver a producir. Hay que protegerla para los que vienen detr\u00e1s, no solo para mis nietos, sino para toda la juventud\u201d.<\/p>\n<p style=\"text-align: justify;\">Este taller forma parte de una serie de instancias de Participaci\u00f3n Ciudadana Temprana (PAC) que buscan rescatar la visi\u00f3n comunitaria, fortalecer el respeto por los territorios y avanzar hacia una regulaci\u00f3n que equilibre la protecci\u00f3n ambiental de las turberas con las realidades sociales, culturales y productivas de quienes habitan y cuidan estos ecosistemas clave para la mitigaci\u00f3n del cambio clim\u00e1tico y la conservaci\u00f3n de la biodiversidad.<\/p>\n<\/div><\/section><\/div><div  style='height:50px' class='hr hr-invisible   avia-builder-el-6  el_after_av_one_full  el_before_av_social_share '><span class='hr-inner ' ><span class='hr-inner-style'><\/span><\/span><\/div><\/p>\n<div  class='av-social-sharing-box  avia-builder-el-7  el_after_av_hr  el_before_av_hr  '><div class='av-share-box'><h5 class='av-share-link-description av-no-toc '>Compartir esta noticia<\/h5><ul class='av-share-box-list noLightbox'><li class='av-share-link av-social-link-facebook' ><a target=\"_blank\" aria-label=\"Compartir en Facebook\" href='https:\/\/www.facebook.com\/sharer.php?u=https:\/\/radiorevelacionfm.cl\/?p=63120&#038;t=Recolectores%20de%20Ays%C3%A9n%20aportan%20su%20mirada%20al%20anteproyecto%20del%20reglamento%20de%20la%20Ley%20de%20Protecci%C3%B3n%20de%20Turberas' aria-hidden='false' data-av_icon='\ue8f3' data-av_iconfont='entypo-fontello' title='' data-avia-related-tooltip='Compartir en Facebook' rel=\"noopener\"><span class='avia_hidden_link_text'>Compartir en Facebook<\/span><\/a><\/li><li class='av-share-link av-social-link-twitter' ><a target=\"_blank\" aria-label=\"Compartir en Twitter\" href='https:\/\/twitter.com\/share?text=Recolectores%20de%20Ays%C3%A9n%20aportan%20su%20mirada%20al%20anteproyecto%20del%20reglamento%20de%20la%20Ley%20de%20Protecci%C3%B3n%20de%20Turberas&#038;url=https:\/\/radiorevelacionfm.cl\/?p=63120' aria-hidden='false' data-av_icon='\ue8f1' data-av_iconfont='entypo-fontello' title='' data-avia-related-tooltip='Compartir en Twitter' rel=\"noopener\"><span class='avia_hidden_link_text'>Compartir en Twitter<\/span><\/a><\/li><li class='av-share-link av-social-link-whatsapp' ><a target=\"_blank\" aria-label=\"Compartir en Whatsapp\" href='https:\/\/api.whatsapp.com\/send?text=https:\/\/radiorevelacionfm.cl\/?p=63120' aria-hidden='false' data-av_icon='\uf232' data-av_iconfont='entypo-fontello' title='' data-avia-related-tooltip='Compartir en Whatsapp' rel=\"noopener\"><span class='avia_hidden_link_text'>Compartir en Whatsapp<\/span><\/a><\/li><li class='av-share-link av-social-link-linkedin' ><a target=\"_blank\" aria-label=\"Compartir en LinkedIn\" href='https:\/\/linkedin.com\/shareArticle?mini=true&#038;title=Recolectores%20de%20Ays%C3%A9n%20aportan%20su%20mirada%20al%20anteproyecto%20del%20reglamento%20de%20la%20Ley%20de%20Protecci%C3%B3n%20de%20Turberas&#038;url=https:\/\/radiorevelacionfm.cl\/?p=63120' aria-hidden='false' data-av_icon='\ue8fc' data-av_iconfont='entypo-fontello' title='' data-avia-related-tooltip='Compartir en LinkedIn' rel=\"noopener\"><span class='avia_hidden_link_text'>Compartir en LinkedIn<\/span><\/a><\/li><li class='av-share-link av-social-link-mail' ><a  aria-label=\"Compartir por correo\" href='mailto:?subject=Recolectores%20de%20Ays%C3%A9n%20aportan%20su%20mirada%20al%20anteproyecto%20del%20reglamento%20de%20la%20Ley%20de%20Protecci%C3%B3n%20de%20Turberas&#038;body=https:\/\/radiorevelacionfm.cl\/?p=63120' aria-hidden='false' data-av_icon='\ue805' data-av_iconfont='entypo-fontello' title='' data-avia-related-tooltip='Compartir por correo'><span class='avia_hidden_link_text'>Compartir por correo<\/span><\/a><\/li><\/ul><\/div><\/div>\n<div  style='height:50px' class='hr hr-invisible   avia-builder-el-8  el_after_av_social_share  el_before_av_comments_list '><span class='hr-inner ' ><span class='hr-inner-style'><\/span><\/span><\/div>\n<div  class='av-buildercomment  av-blog-meta-html-info-disabled av-blog-meta-tag-disabled  '><\/div>\n","protected":false},"excerpt":{"rendered":"","protected":false},"author":1,"featured_media":63121,"comment_status":"closed","ping_status":"closed","sticky":false,"template":"","format":"standard","meta":{"footnotes":""},"categories":[39],"tags":[],"class_list":["post-63120","post","type-post","status-publish","format-standard","has-post-thumbnail","hentry","category-medio-ambiente"],"jetpack_featured_media_url":"https:\/\/radiorevelacionfm.cl\/wp-content\/uploads\/2026\/01\/img_0812-1_optimized-1.jpg","_links":{"self":[{"href":"https:\/\/radiorevelacionfm.cl\/index.php?rest_route=\/wp\/v2\/posts\/63120","targetHints":{"allow":["GET"]}}],"collection":[{"href":"https:\/\/radiorevelacionfm.cl\/index.php?rest_route=\/wp\/v2\/posts"}],"about":[{"href":"https:\/\/radiorevelacionfm.cl\/index.php?rest_route=\/wp\/v2\/types\/post"}],"author":[{"embeddable":true,"href":"https:\/\/radiorevelacionfm.cl\/index.php?rest_route=\/wp\/v2\/users\/1"}],"replies":[{"embeddable":true,"href":"https:\/\/radiorevelacionfm.cl\/index.php?rest_route=%2Fwp%2Fv2%2Fcomments&post=63120"}],"version-history":[{"count":2,"href":"https:\/\/radiorevelacionfm.cl\/index.php?rest_route=\/wp\/v2\/posts\/63120\/revisions"}],"predecessor-version":[{"id":63123,"href":"https:\/\/radiorevelacionfm.cl\/index.php?rest_route=\/wp\/v2\/posts\/63120\/revisions\/63123"}],"wp:featuredmedia":[{"embeddable":true,"href":"https:\/\/radiorevelacionfm.cl\/index.php?rest_route=\/wp\/v2\/media\/63121"}],"wp:attachment":[{"href":"https:\/\/radiorevelacionfm.cl\/index.php?rest_route=%2Fwp%2Fv2%2Fmedia&parent=63120"}],"wp:term":[{"taxonomy":"category","embeddable":true,"href":"https:\/\/radiorevelacionfm.cl\/index.php?rest_route=%2Fwp%2Fv2%2Fcategories&post=63120"},{"taxonomy":"post_tag","embeddable":true,"href":"https:\/\/radiorevelacionfm.cl\/index.php?rest_route=%2Fwp%2Fv2%2Ftags&post=63120"}],"curies":[{"name":"wp","href":"https:\/\/api.w.org\/{rel}","templated":true}]}}